{"id":10405,"date":"2025-05-17T19:53:00","date_gmt":"2025-05-17T18:53:00","guid":{"rendered":"https:\/\/nakanarach.pl\/?p=10405"},"modified":"2025-05-19T07:46:48","modified_gmt":"2025-05-19T06:46:48","slug":"strzelanina-przed-lotniskiem-video","status":"publish","type":"post","link":"http:\/\/nakanarach.pl\/index.php\/2025\/05\/17\/strzelanina-przed-lotniskiem-video\/","title":{"rendered":"STRZELANINA PRZED LOTNISKIEM (VIDEO)"},"content":{"rendered":"\n<p><strong>GRAN CANARIA: Dramatyczne sceny rozegra\u0142y si\u0119 17 maja na lotnisku na Gran Canarii. Policjanci zastrzelili tam uzbrojonego w n\u00f3\u017c m\u0119\u017cczyzn\u0119. <\/strong><\/p>\n\n\n\n<p>Do zdarzenia dosz\u0142o kr\u00f3tko przed godz. 17 przy wej\u015bciach do terminalu lot\u00f3w mi\u0119dzynarodowych, w obecno\u015bci wielu turyst\u00f3w. <\/p>\n\n\n\n<p><strong>ZOBACZ VIDEO: <\/strong><\/p>\n\n\n\n<figure class=\"wp-block-embed is-type-video is-provider-youtube wp-block-embed-youtube wp-embed-aspect-16-9 wp-has-aspect-ratio\"><div class=\"wp-block-embed__wrapper\">\n<iframe title=\"Spanish police cordon off part of Gran Canaria airport after alleged attempted knife attack\" width=\"640\" height=\"360\" src=\"https:\/\/www.youtube.com\/embed\/GZ_wPPIe9q8?feature=oembed\" frameborder=\"0\" allow=\"accelerometer; autoplay; clipboard-write; encrypted-media; gyroscope; picture-in-picture; web-share\" referrerpolicy=\"strict-origin-when-cross-origin\" allowfullscreen><\/iframe>\n<\/div><\/figure>\n\n\n\n<p>Akcja zacz\u0119\u0142a si\u0119, gdy do terminalu wbieg\u0142 przera\u017cony taks\u00f3wkarz wzywaj\u0105cy pomocy. M\u0119\u017cczyzna ostrzega\u0142 znajduj\u0105cych si\u0119 w pobli\u017cu pasa\u017cer\u00f3w i personel lotniska przed bandyt\u0105 uzbrojonym w n\u00f3\u017c, kt\u00f3ry pr\u00f3bowa\u0142 go obrabowa\u0107.<\/p>\n\n\n\n<p>Wezwana na miejsce policja wielokrotnie wzywa\u0142a napastnika do odrzucenia broni. Wed\u0142ug oficjalnego o\u015bwiadczenia policji, m\u0119\u017cczyzna zignorowa\u0142 polecenia i rzuci\u0142 si\u0119 na funkcjonariuszy z no\u017cem, co zmusi\u0142o ich do u\u017cycia broni s\u0142u\u017cbowej w ramach procedur.<\/p>\n\n\n\n<p><a href=\"https:\/\/www.eldiario.es\/canariasahora\/sucesos\/policia-abate-tiros-aeropuerto-gran-canaria-hombre-intentaba-robar-portando-cuchillo_1_12307873.html\">https:\/\/www.eldiario.es\/canariasahora\/sucesos\/policia-abate-tiros-aeropuerto-gran-canaria-hombre-intentaba-robar-portando-cuchillo_1_12307873.html<\/a><\/p>\n\n\n\n<p>Mimo podj\u0119tej pr\u00f3by reanimacji, nie uda\u0142o si\u0119 uratowa\u0107 \u017cycia napastnika. 18-letni m\u0119\u017cczyzna, kt\u00f3ry  zosta\u0142 \u015bmiertelnie postrzelony przez policj\u0119 zosta\u0142 trafiony pi\u0119cioma kulami, z kt\u00f3rych jedna trafi\u0142a go w szyj\u0119 &#8211; zgodnie ze wst\u0119pnymi ustaleniami kryminalistycznymi. <\/p>\n\n\n\n<p>Trybuna\u0142 Sprawiedliwo\u015bci Wysp Kanaryjskich (TSJC) stwierdzi\u0142, \u017ce m\u0142ody m\u0119\u017cczyzna mia\u0142 du\u017cy n\u00f3\u017c, wydawa\u0142 si\u0119 by\u0107 \u201epoza kontrol\u0105\u201d, zaatakowa\u0142 taks\u00f3wkarza, po czym przewr\u00f3ci\u0142 policjanta i pr\u00f3bowa\u0142 zaatakowa\u0107 innego.<\/p>\n\n\n\n<p><a href=\"https:\/\/www.canarianweekly.com\/posts\/Man-shot-dead-by-police-after-knife-attack-at-Gran-Canaria-Airport\">https:\/\/www.canarianweekly.com\/posts\/Man-shot-dead-by-police-after-knife-attack-at-Gran-Canaria-Airport<\/a><\/p>\n\n\n\n<p>Na nagraniach z kamer przemys\u0142owych wida\u0107, jak napastnik porusza si\u0119 z broni\u0105 po zat\u0142oczonym obszarze, stwarzaj\u0105c powa\u017cne zagro\u017cenie dla bezpiecze\u0144stwa publicznego.<\/p>\n\n\n\n<p>Przez kilka godzin na miejscu zdarzenia pracowali funkcjonariusze r\u00f3\u017cnych wydzia\u0142\u00f3w Policji Narodowej, w tym Policji S\u0105dowej i Grupy Zab\u00f3jstw. Uruchomiono komisj\u0119 s\u0105dow\u0105, a policja krajowa prowadzi dochodzenie w celu wyja\u015bnienia wszystkich okoliczno\u015bci zdarzenia. W\u0142adze nie ujawni\u0142y jeszcze to\u017csamo\u015bci zmar\u0142ego ani nie potwierdzi\u0142y, czy mia\u0142 on jakiekolwiek problemy ze zdrowiem psychicznym.<\/p>\n\n\n\n<p>S\u0105d w Telde wszcz\u0105\u0142 formalne dochodzenie w sprawie strzelaniny i obecnie analizuje nagrania z kamer bezpiecze\u0144stwa lotniska, aby ustali\u0107 pe\u0142n\u0105 sekwencj\u0119 wydarze\u0144. Nagrania obejmuj\u0105 zar\u00f3wno wewn\u0119trzne, jak i zewn\u0119trzne widoki lotniska.<\/p>\n\n\n\n<p>Foto: Policia Nacional, Canarias7, Youtube\/AzPost<\/p>\n","protected":false},"excerpt":{"rendered":"<p>GRAN CANARIA: Dramatyczne sceny rozegra\u0142y si\u0119 17 maja na lotnisku na Gran Canarii. Policjanci zastrzelili tam uzbrojonego w n\u00f3\u017c m\u0119\u017cczyzn\u0119. Do zdarzenia dosz\u0142o kr\u00f3tko przed godz. 17 przy wej\u015bciach do terminalu lot\u00f3w mi\u0119dzynarodowych, w obecno\u015bci wielu turyst\u00f3w. ZOBACZ VIDEO: Akcja zacz\u0119\u0142a si\u0119, gdy do terminalu wbieg\u0142 przera\u017cony taks\u00f3wkarz wzywaj\u0105cy pomocy. M\u0119\u017cczyzna ostrzega\u0142 znajduj\u0105cych si\u0119 w [&hellip;]<\/p>\n","protected":false},"author":4,"featured_media":10406,"comment_status":"closed","ping_status":"open","sticky":false,"template":"","format":"standard","meta":{"om_disable_all_campaigns":false,"_monsterinsights_skip_tracking":false,"_monsterinsights_sitenote_active":false,"_monsterinsights_sitenote_note":"","_monsterinsights_sitenote_category":0,"footnotes":""},"categories":[12],"tags":[],"class_list":["post-10405","post","type-post","status-publish","format-standard","has-post-thumbnail","hentry","category-aktualnosci"],"aioseo_notices":[],"blog_post_layout_featured_media_urls":{"thumbnail":["http:\/\/nakanarach.pl\/wp-content\/uploads\/2025\/05\/Strzaly-na-lotnisku0-150x150.webp",150,150,true],"full":["http:\/\/nakanarach.pl\/wp-content\/uploads\/2025\/05\/Strzaly-na-lotnisku0.webp",800,533,false]},"categories_names":{"12":{"name":"Aktualno\u015bci","link":"http:\/\/nakanarach.pl\/index.php\/category\/aktualnosci\/"}},"tags_names":[],"comments_number":"0","wpmagazine_modules_lite_featured_media_urls":{"thumbnail":["http:\/\/nakanarach.pl\/wp-content\/uploads\/2025\/05\/Strzaly-na-lotnisku0-150x150.webp",150,150,true],"cvmm-medium":["http:\/\/nakanarach.pl\/wp-content\/uploads\/2025\/05\/Strzaly-na-lotnisku0-300x300.webp",300,300,true],"cvmm-medium-plus":["http:\/\/nakanarach.pl\/wp-content\/uploads\/2025\/05\/Strzaly-na-lotnisku0-305x207.webp",305,207,true],"cvmm-portrait":["http:\/\/nakanarach.pl\/wp-content\/uploads\/2025\/05\/Strzaly-na-lotnisku0-400x533.webp",400,533,true],"cvmm-medium-square":["http:\/\/nakanarach.pl\/wp-content\/uploads\/2025\/05\/Strzaly-na-lotnisku0-600x533.webp",600,533,true],"cvmm-large":["http:\/\/nakanarach.pl\/wp-content\/uploads\/2025\/05\/Strzaly-na-lotnisku0.webp",800,533,false],"cvmm-small":["http:\/\/nakanarach.pl\/wp-content\/uploads\/2025\/05\/Strzaly-na-lotnisku0-130x95.webp",130,95,true],"full":["http:\/\/nakanarach.pl\/wp-content\/uploads\/2025\/05\/Strzaly-na-lotnisku0.webp",800,533,false]},"_links":{"self":[{"href":"http:\/\/nakanarach.pl\/index.php\/wp-json\/wp\/v2\/posts\/10405","targetHints":{"allow":["GET"]}}],"collection":[{"href":"http:\/\/nakanarach.pl\/index.php\/wp-json\/wp\/v2\/posts"}],"about":[{"href":"http:\/\/nakanarach.pl\/index.php\/wp-json\/wp\/v2\/types\/post"}],"author":[{"embeddable":true,"href":"http:\/\/nakanarach.pl\/index.php\/wp-json\/wp\/v2\/users\/4"}],"replies":[{"embeddable":true,"href":"http:\/\/nakanarach.pl\/index.php\/wp-json\/wp\/v2\/comments?post=10405"}],"version-history":[{"count":3,"href":"http:\/\/nakanarach.pl\/index.php\/wp-json\/wp\/v2\/posts\/10405\/revisions"}],"predecessor-version":[{"id":10415,"href":"http:\/\/nakanarach.pl\/index.php\/wp-json\/wp\/v2\/posts\/10405\/revisions\/10415"}],"wp:featuredmedia":[{"embeddable":true,"href":"http:\/\/nakanarach.pl\/index.php\/wp-json\/wp\/v2\/media\/10406"}],"wp:attachment":[{"href":"http:\/\/nakanarach.pl\/index.php\/wp-json\/wp\/v2\/media?parent=10405"}],"wp:term":[{"taxonomy":"category","embeddable":true,"href":"http:\/\/nakanarach.pl\/index.php\/wp-json\/wp\/v2\/categories?post=10405"},{"taxonomy":"post_tag","embeddable":true,"href":"http:\/\/nakanarach.pl\/index.php\/wp-json\/wp\/v2\/tags?post=10405"}],"curies":[{"name":"wp","href":"https:\/\/api.w.org\/{rel}","templated":true}]}}