{"id":10906,"date":"2025-07-09T07:45:28","date_gmt":"2025-07-09T06:45:28","guid":{"rendered":"https:\/\/nakanarach.pl\/?p=10906"},"modified":"2025-07-09T10:19:36","modified_gmt":"2025-07-09T09:19:36","slug":"dramatyczna-akcja-policji-na-atlantyku","status":"publish","type":"post","link":"http:\/\/nakanarach.pl\/index.php\/2025\/07\/09\/dramatyczna-akcja-policji-na-atlantyku\/","title":{"rendered":"DRAMATYCZNA AKCJA S\u0141U\u017bB NA ATLANTYKU"},"content":{"rendered":"\n<p><strong>TENERYFA: Dramatyczna akcja policji, gwardii cywilnej i s\u0142u\u017cb celnych rozegra\u0142a si\u0119 na Oceanie Atlantyckim w pobli\u017cu Wysp Kanaryjskich. Przemytnicy pr\u00f3bowali zniszczy\u0107 dowody przest\u0119pstwa i podpalili \u017cagl\u00f3wk\u0119, na kt\u00f3rej transportowano du\u017ce ilo\u015bci kokainy. Jedna osoba trafi\u0142a do szpitala z powa\u017cnymi oparzeniami, a mi\u0119dzynarodowa operacja zako\u0144czy\u0142a si\u0119 sukcesem s\u0142u\u017cb.<\/strong><\/p>\n\n\n\n<p>Jak informuj\u0105 hiszpa\u0144scy celnicy 7 lipca funkcjonowanie Urz\u0119du Skarbowego, Policji Pa\u0144stwowej i Gwardii Cywilnej przeprowadzili 50 mil od archipelagu skomplikowan\u0105 operacj\u0119 na wodach Atlantyku. <\/p>\n\n\n\n<p>\u017bagl\u00f3wk\u0119 zlokalizowa\u0142 patrolowiec \u201eSacre\u201d stacjonuj\u0105cy w Santa Cruz de Tenerife oraz statek operacji specjalnych \u201ePetrel I\u201d S\u0142u\u017cby Nadzoru Celnego. <strong>ZOBACZ VIDEO: <\/strong><\/p>\n\n\n\n<p><a href=\"https:\/\/sede.agenciatributaria.gob.es\/Sede\/notas-prensa\/notas-prensa\/2025\/julio\/7\/interceptado-velero-cocaina-aguas-proximas-canarias.html\">https:\/\/sede.agenciatributaria.gob.es\/Sede\/notas-prensa\/notas-prensa\/2025\/julio\/7\/interceptado-velero-cocaina-aguas-proximas-canarias.html<\/a><\/p>\n\n\n\n<p>Operacja morska by\u0142a bardzo ryzykowna dla funkcjonariuszy patrolu celnego ze wzgl\u0119du na wzburzone morze i po\u017car celowo pod\u0142o\u017cony przez za\u0142og\u0119 statku w celu zniszczenia kokainy i \u017caglowca.<\/p>\n\n\n\n<p>Szybka akcja agent\u00f3w S\u0142u\u017cby Nadzoru Celnego doprowadzi\u0142a do ugaszenia po\u017caru i zako\u0144czy\u0142a wej\u015bcie na pok\u0142ad statku. Odzyskali oni r\u00f3wnie\u017c cz\u0119\u015b\u0107 \u0142adunku narkotyk\u00f3w, chocia\u017c ogie\u0144 zniszczy\u0142 wi\u0119kszo\u015b\u0107 przesy\u0142ki tramnsportowanej na statku o nazwie \u201eLona\u201d. Odzyskano 25 kilogram\u00f3w kokainy.<\/p>\n\n\n\n<p>W wyniku po\u017caru jeden cz\u0142onek za\u0142ogi zosta\u0142 powa\u017cnie ranny i zosta\u0142 ewakuowany przez ratownik\u00f3w. Nast\u0119pnie z powa\u017cnymi obra\u017ceniami i poparzeniami trafi\u0142 \u015bmig\u0142owcem do szpitala. <\/p>\n\n\n\n<p>Dw\u00f3ch cz\u0142onk\u00f3w za\u0142ogi \u017cagl\u00f3wki, obywatelstwa francuskiego i holenderskiego, zosta\u0142o aresztowanych. <\/p>\n\n\n\n<p>Operacyjne rozmieszczenie si\u0142 jest cz\u0119\u015bci\u0105 obecnego planu nadzoru i kontroli przestrzeni morskich na wodach w pobli\u017cu Wysp Kanaryjskich. Wsp\u00f3\u0142praca mi\u0119dzynarodowa umo\u017cliwi\u0142a uzyskanie przez hiszpa\u0144skie s\u0142u\u017cby informacji wywiadowczych z Wielkiej Brytanii i Stan\u00f3w Zjednoczonych. <\/p>\n\n\n\n<p>Dwa statki S\u0142u\u017cby Nadzoru Celnego wraz z zatrzymanymi i odzyskanymi narkotykami przyp\u0142yn\u0119\u0142y do Santa Cruz de Tenerife, gdzie jest prowadzone dalsze \u015bledztwo. <\/p>\n\n\n\n<p>Tymczasem w lutym 2025 r. na wodach Atlantyku w pobli\u017cu Wysp Kanaryjskich hiszpa\u0144ska policja narodowa zatrzyma\u0142a jacht p\u0142yn\u0105cy pod polsk\u0105 bader\u0105, kt\u00f3ry transportowa\u0142 ponad 600 kilogram\u00f3w kokainy. <\/p>\n\n\n\n<figure class=\"wp-block-image size-full\"><img fetchpriority=\"high\" decoding=\"async\" width=\"532\" height=\"302\" src=\"http:\/\/nakanarach.pl\/wp-content\/uploads\/2025\/02\/Narkotyki-na-polskim-statku.jpg\" alt=\"\" class=\"wp-image-9492\" srcset=\"http:\/\/nakanarach.pl\/wp-content\/uploads\/2025\/02\/Narkotyki-na-polskim-statku.jpg 532w, http:\/\/nakanarach.pl\/wp-content\/uploads\/2025\/02\/Narkotyki-na-polskim-statku-300x170.jpg 300w\" sizes=\"(max-width: 532px) 100vw, 532px\" \/><\/figure>\n\n\n\n<p>Z kolei w 2023 r. hiszpa\u0144ska Gwardia Cywilna zatrzyma\u0142a kolejny jacht z polsk\u0105 bander\u0105, na kt\u00f3rym przemycano du\u017ce ilo\u015bci kokainy z Ameryki Po\u0142udniowej do przemytnik\u00f3w na Gran Canarii. St\u0105d narkotyki mia\u0142y trafi\u0107 do kraj\u00f3w Unii Europejskiej. Jednak w\u015br\u00f3d zatrzymanych nie by\u0142o Polak\u00f3w. <\/p>\n\n\n\n<figure class=\"wp-block-image size-full\"><img decoding=\"async\" width=\"736\" height=\"363\" src=\"http:\/\/nakanarach.pl\/wp-content\/uploads\/2023\/08\/Kokaina-na-polskim-jachcie.png\" alt=\"\" class=\"wp-image-7109\" srcset=\"http:\/\/nakanarach.pl\/wp-content\/uploads\/2023\/08\/Kokaina-na-polskim-jachcie.png 736w, http:\/\/nakanarach.pl\/wp-content\/uploads\/2023\/08\/Kokaina-na-polskim-jachcie-300x148.png 300w\" sizes=\"(max-width: 736px) 100vw, 736px\" \/><\/figure>\n\n\n\n<p>Foto: sede.agenciatributaria.gob.es, Policia Nacional, Gwardia Cywilna<\/p>\n","protected":false},"excerpt":{"rendered":"<p>TENERYFA: Dramatyczna akcja policji, gwardii cywilnej i s\u0142u\u017cb celnych rozegra\u0142a si\u0119 na Oceanie Atlantyckim w pobli\u017cu Wysp Kanaryjskich. Przemytnicy pr\u00f3bowali zniszczy\u0107 dowody przest\u0119pstwa i podpalili \u017cagl\u00f3wk\u0119, na kt\u00f3rej transportowano du\u017ce ilo\u015bci kokainy. Jedna osoba trafi\u0142a do szpitala z powa\u017cnymi oparzeniami, a mi\u0119dzynarodowa operacja zako\u0144czy\u0142a si\u0119 sukcesem s\u0142u\u017cb. Jak informuj\u0105 hiszpa\u0144scy celnicy 7 lipca funkcjonowanie Urz\u0119du [&hellip;]<\/p>\n","protected":false},"author":4,"featured_media":10909,"comment_status":"closed","ping_status":"open","sticky":false,"template":"","format":"standard","meta":{"om_disable_all_campaigns":false,"_monsterinsights_skip_tracking":false,"_monsterinsights_sitenote_active":false,"_monsterinsights_sitenote_note":"","_monsterinsights_sitenote_category":0,"footnotes":""},"categories":[12],"tags":[],"class_list":["post-10906","post","type-post","status-publish","format-standard","has-post-thumbnail","hentry","category-aktualnosci"],"aioseo_notices":[],"blog_post_layout_featured_media_urls":{"thumbnail":["http:\/\/nakanarach.pl\/wp-content\/uploads\/2025\/07\/Zaglowka-z-kokaina-Foto-Policia-Nacional-1-1-150x150.webp",150,150,true],"full":["http:\/\/nakanarach.pl\/wp-content\/uploads\/2025\/07\/Zaglowka-z-kokaina-Foto-Policia-Nacional-1-1.webp",800,533,false]},"categories_names":{"12":{"name":"Aktualno\u015bci","link":"http:\/\/nakanarach.pl\/index.php\/category\/aktualnosci\/"}},"tags_names":[],"comments_number":"0","wpmagazine_modules_lite_featured_media_urls":{"thumbnail":["http:\/\/nakanarach.pl\/wp-content\/uploads\/2025\/07\/Zaglowka-z-kokaina-Foto-Policia-Nacional-1-1-150x150.webp",150,150,true],"cvmm-medium":["http:\/\/nakanarach.pl\/wp-content\/uploads\/2025\/07\/Zaglowka-z-kokaina-Foto-Policia-Nacional-1-1-300x300.webp",300,300,true],"cvmm-medium-plus":["http:\/\/nakanarach.pl\/wp-content\/uploads\/2025\/07\/Zaglowka-z-kokaina-Foto-Policia-Nacional-1-1-305x207.webp",305,207,true],"cvmm-portrait":["http:\/\/nakanarach.pl\/wp-content\/uploads\/2025\/07\/Zaglowka-z-kokaina-Foto-Policia-Nacional-1-1-400x533.webp",400,533,true],"cvmm-medium-square":["http:\/\/nakanarach.pl\/wp-content\/uploads\/2025\/07\/Zaglowka-z-kokaina-Foto-Policia-Nacional-1-1-600x533.webp",600,533,true],"cvmm-large":["http:\/\/nakanarach.pl\/wp-content\/uploads\/2025\/07\/Zaglowka-z-kokaina-Foto-Policia-Nacional-1-1.webp",800,533,false],"cvmm-small":["http:\/\/nakanarach.pl\/wp-content\/uploads\/2025\/07\/Zaglowka-z-kokaina-Foto-Policia-Nacional-1-1-130x95.webp",130,95,true],"full":["http:\/\/nakanarach.pl\/wp-content\/uploads\/2025\/07\/Zaglowka-z-kokaina-Foto-Policia-Nacional-1-1.webp",800,533,false]},"_links":{"self":[{"href":"http:\/\/nakanarach.pl\/index.php\/wp-json\/wp\/v2\/posts\/10906","targetHints":{"allow":["GET"]}}],"collection":[{"href":"http:\/\/nakanarach.pl\/index.php\/wp-json\/wp\/v2\/posts"}],"about":[{"href":"http:\/\/nakanarach.pl\/index.php\/wp-json\/wp\/v2\/types\/post"}],"author":[{"embeddable":true,"href":"http:\/\/nakanarach.pl\/index.php\/wp-json\/wp\/v2\/users\/4"}],"replies":[{"embeddable":true,"href":"http:\/\/nakanarach.pl\/index.php\/wp-json\/wp\/v2\/comments?post=10906"}],"version-history":[{"count":4,"href":"http:\/\/nakanarach.pl\/index.php\/wp-json\/wp\/v2\/posts\/10906\/revisions"}],"predecessor-version":[{"id":10914,"href":"http:\/\/nakanarach.pl\/index.php\/wp-json\/wp\/v2\/posts\/10906\/revisions\/10914"}],"wp:featuredmedia":[{"embeddable":true,"href":"http:\/\/nakanarach.pl\/index.php\/wp-json\/wp\/v2\/media\/10909"}],"wp:attachment":[{"href":"http:\/\/nakanarach.pl\/index.php\/wp-json\/wp\/v2\/media?parent=10906"}],"wp:term":[{"taxonomy":"category","embeddable":true,"href":"http:\/\/nakanarach.pl\/index.php\/wp-json\/wp\/v2\/categories?post=10906"},{"taxonomy":"post_tag","embeddable":true,"href":"http:\/\/nakanarach.pl\/index.php\/wp-json\/wp\/v2\/tags?post=10906"}],"curies":[{"name":"wp","href":"https:\/\/api.w.org\/{rel}","templated":true}]}}