{"id":11164,"date":"2025-08-08T07:18:35","date_gmt":"2025-08-08T06:18:35","guid":{"rendered":"https:\/\/nakanarach.pl\/?p=11164"},"modified":"2025-08-08T07:45:27","modified_gmt":"2025-08-08T06:45:27","slug":"roje-sejsmiczne-na-teneryfie","status":"publish","type":"post","link":"http:\/\/nakanarach.pl\/index.php\/2025\/08\/08\/roje-sejsmiczne-na-teneryfie\/","title":{"rendered":"ROJE SEJSMICZNE NA TENERYFIE"},"content":{"rendered":"\n<p><strong>TENERYFA: Najwy\u017cszy szczyt Hiszpanii Teide, znajduj\u0105cy si\u0119 na najwi\u0119kszej kanaryjskiej wyspie ponownie daje sygna\u0142y ostrzegawcze, \u017ce posiada obszar aktywny wulkanicznie. Zar\u00f3wno Narodowy Instytut Geograficzny (IGN), jak i Instytut Wulkanologiczny Wysp Kanaryjskich (Involcan) zarejestrowa\u0142y ponad 700 anomalii mikrosejsmicznych w okolicy Las Ca\u00f1adas del Teide, na po\u0142udniowy zach\u00f3d od Pico Viejo.<\/strong><\/p>\n\n\n\n<p>Wulkan Teide jest najwy\u017cszym szczytem w\u00a0Hiszpanii\u00a0(3718 m\u00a0n.p.m., a\u00a0jego wysoko\u015b\u0107 od dna morza to oko\u0142o 7500 m). Jest to typowy stratowulkan, uznawany za wci\u0105\u017c czynny, kt\u00f3ry ostatni raz wybuch\u0142 w\u00a01909 r. W 2024 roku na Teneryfie zarejestrowano\u00a0517 trz\u0119sie\u0144 ziemi, co jest cz\u0119\u015bci\u0105 zwi\u0119kszonej aktywno\u015bci sejsmicznej na Wyspach Kanaryjskich, a bezpo\u015brednio w Oceanie Atlantyckim pomi\u0119dzy Teneryf\u0105 a Gran Canari\u0105 takich wstrz\u0105s\u00f3w by\u0142o 540. Na La Palmie zanotowano 159 trz\u0119sie\u0144 ziemi, na Gran Canarii &#8211; 102,  na El Hierro &#8211; 80, a na La Gomerze &#8211; 10. Ale niedawna sytuacja z Teneryfy ponownie nieco zaniepokoi\u0142a naukowc\u00f3w.<\/p>\n\n\n\n<p>6 i 7 sierpnia 2025 r. Narodowy Instytut Geograficzny (IGN) odnotowa\u0142 szereg anomalii mikrosejsmicznych w rejonie Ca\u00f1adas del Teide, na po\u0142udniowy zach\u00f3d od Pico Viejo na Teneryfie, gdzie wykryto ponad 700 niewielkich mikrotrz\u0119sie\u0144 ziemi skoncentrowanych w tym samym obszarze. <\/p>\n\n\n\n<ul class=\"wp-block-list\">\n<li> By\u0142y to bardzo ma\u0142e trz\u0119sienia ziemi o magnitudzie poni\u017cej 1, niewyczuwalne dla ludno\u015bci i niezwi\u0105zanych z intruzj\u0105 magmow\u0105, tak\u0105 jak ta na La Palma\u201d, kt\u00f3ra doprowadzi\u0142a nast\u0119pnie do erupcji Tajogaite  w 2021 r. &#8211; wyja\u015bnia gazecie Canarias7 dyrektor IGN, Itahiza Dom\u00ednguez.<\/li>\n<\/ul>\n\n\n\n<p>Ekspert podkre\u015bla, \u017ce \u201enie nale\u017cy por\u00f3wnywa\u0107\u201d wydarze\u0144 na s\u0105siedniej wyspie La Palma, z tymi, kt\u00f3re mia\u0142y miejsce niedawno na Teneryfie, chocia\u017c erupcja na tej najwi\u0119kszej wyspie \u201emo\u017ce nast\u0105pi\u0107\u201d i nast\u0105pi, ale nie mo\u017cna okre\u015bli\u0107, czy b\u0119dzie to \u201eza kilka lat, czy za kilka dziesi\u0119cioleci\u201d. Prawdopodobie\u0144stwo erupcji, z kt\u00f3rym operuje spo\u0142eczno\u015b\u0107 naukowa, wynosi od 30% do 40% w ci\u0105gu 50 lat.<\/p>\n\n\n\n<p>Dom\u00ednguez wyja\u015bnia, \u017ce na La Palma roje sejsmiczne by\u0142y \u201eznacznie g\u0119stsze, z silniejszymi trz\u0119sieniami ziemi\u201d i \u017ce obecnie nie mo\u017cna poda\u0107 dok\u0142adnego wyja\u015bnienia, dlaczego roje te wyst\u0119puj\u0105 na Teneryfie. <\/p>\n\n\n\n<p>Instytut Wulkanologiczny Wysp Kanaryjskich (Involcan) poinformowa\u0142 w komunikacie, \u017ce na Teneryfie wykryto dwa roje sejsmiczne, jeden wulkaniczno-tektoniczny, a drugi hybrydowy, kt\u00f3ry spowodowa\u0142 setki trz\u0119sie\u0144 ziemi. Pierwszy trwa\u0142 od 6 sierpnia od godziny 21:31 do godziny 00:10 w dniu 7 sierpnia. W tym czasie pod kompleksem wulkanicznym Teide-Pico Viejo dosz\u0142o tak\u017ce do 55 nieco wi\u0119kszych, ale r\u00f3wnie\u017c niewyczuwalnych dla ludzi trz\u0119sie\u0144 ziemi o sile 1,5 w skali Richtera. Involcan szacuje, \u017ce od lipca 2017 r. na Teneryfie odnotowano 120 takich roj\u00f3w sejsmicznych.<\/p>\n\n\n\n<p>Je\u015bli chodzi o seri\u0119 hybrydowych zdarze\u0144 sejsmicznych, podaje si\u0119, \u017ce sk\u0142ada\u0142a si\u0119 ona z setek niewielkich zdarze\u0144 i trwa\u0142a 6 i 7 sierpnia od godziny 2:50 do 7:30. Involcan przypomina, \u017ce zjawisko to \u201ejest bezpo\u015brednio zwi\u0105zane z przemieszczaniem si\u0119 p\u0142yn\u00f3w hydrotermalnych, takich jak woda, gazy lub para, przez systemy szczelin w pod\u0142o\u017cu\u201d.<\/p>\n\n\n\n<p>Involcan podaje, \u017ce jest to sz\u00f3sty r\u00f3j tego typu w tym rejonie po epizodach z 2 pa\u017adziernika 2016 r., 14 czerwca 2019 r., 16 czerwca i 12 lipca 2022 r. oraz 14 listopada 2024 r.<\/p>\n\n\n\n<p>Jako jedn\u0105 z najbardziej prawdopodobnych przyczyn wskazuje \u201ewstrzykni\u0119cie p\u0142yn\u00f3w magmowych do systemu hydrotermalnego wyspy\u201d. Proces ten powtarza si\u0119 od 2016 r. i jest poparty niezale\u017cnymi danymi geochemicznymi i geofizycznymi, takimi jak wzrost rozproszonych emisji dwutlenku w\u0119gla w kraterze Teide oraz \u201enieznaczne odkszta\u0142cenie terenu\u201d w p\u00f3\u0142nocno-zachodniej cz\u0119\u015bci wulkanu, wykryte w 2024 r.<\/p>\n\n\n\n<p>W tej ostatniej kwestii zaznacza, \u017ce \u201enie odnotowano zmian\u201d, kt\u00f3re mog\u0142yby sugerowa\u0107 erupcj\u0119 wulkaniczn\u0105 na Teneryfie w perspektywie kr\u00f3tko- lub \u015brednioterminowej.<\/p>\n\n\n\n<p>Dyrektor IGN wyja\u015bnia, \u017ce istniej\u0105 r\u00f3\u017cne sygna\u0142y ostrzegaj\u0105ce o wtargni\u0119ciu magmy, kt\u00f3re zazwyczaj poprzedza erupcj\u0119, a kt\u00f3re obecnie nie wyst\u0119puj\u0105 na Teneryfie. S\u0105 to \u201eszybkie odkszta\u0142cenie terenu, znacznie silniejsze trz\u0119sienia ziemi o magnitudzie powy\u017cej 2 lub 3 lub gazy\u201d.<\/p>\n\n\n\n<p>Dom\u00ednguez wyja\u015bnia, \u017ce magma gromadzi si\u0119 pod aktywnymi wulkanicznie obszarami wysp \u201eprzez wiele lat, a nawet dziesi\u0119cioleci, zanim wyp\u0142ynie na powierzchni\u0119\u201d. Proces ten na s\u0105siedniej  La Palmie trwa\u0142 15 lat.<\/p>\n\n\n\n<p>Na razie nie wiadomo, \u201eczy na Teneryfie magma si\u0119 gromadzi, czy te\u017c istnieje obszar magmowy na g\u0142\u0119boko\u015bci oko\u0142o 10 kilometr\u00f3w, kt\u00f3ry w przysz\u0142o\u015bci, za kilka lat lub dziesi\u0119cioleci, mo\u017ce wyp\u0142yn\u0105\u0107 na powierzchni\u0119\u201d.<\/p>\n\n\n\n<p>Naukowiec og\u0142asza jednak, \u017ce nie zaobserwowano \u201edu\u017cej anomalii\u201d w ewolucji sejsmiczno\u015bci Teide, kt\u00f3ra ma tendencj\u0119 do waha\u0144, poniewa\u017c czasami jest wysoka, a czasami \u201eponi\u017cej \u015bredniej\u201d.<\/p>\n\n\n\n<p>Ju\u017c w 2023 roku przeprowadzono badanie przy wsp\u00f3\u0142pracy naukowc\u00f3w z\u00a0Instytutu Geologii Naftowej i\u00a0Geofizyki w\u00a0Nowosybirsku w\u00a0Rosji, Instytutu Wulkanologicznego Wysp Kanaryjskich (INVOLCAN) oraz Uniwersytetu w\u00a0Granadzie.\u00a0W\u00f3wczas uda\u0142o si\u0119 po raz pierwszy dok\u0142adniej zbada\u0107 &#8222;gor\u0105ce serce&#8221; magmy, znajduj\u0105ce si\u0119 pod wulkanem, na g\u0142\u0119boko\u015bci mniejszej ni\u017c 5 kilometr\u00f3w. Zdaniem ekspert\u00f3w mo\u017ce ono doprowadzi\u0107 do erupcji wulkanu w przysz\u0142o\u015bci. Dzi\u0119ki nowej tomografii sejsmicznej, kt\u00f3ra obejmowa\u0142a analiz\u0119 zarejestrowanych w\u00a0obszarze Teide mikrosejsmiczno\u015bci, eksperci ujawnili tajemnice wulkanu.<\/p>\n\n\n\n<p>Zdaniem naukowc\u00f3w tomografia wyra\u017anie pokazuje, \u017ce w\u00a0skorupie poni\u017cej kaldery Las Ca\u00f1adas mo\u017cliwa jest obecno\u015b\u0107 ma\u0142ych zbiornik\u00f3w magmowych, kt\u00f3re pozwalaj\u0105 magmie och\u0142odzi\u0107 si\u0119, zmieniaj\u0105c jej sk\u0142ad chemiczny.\u00a0Te zbiorniki mog\u0105 by\u0107 w przysz\u0142o\u015bci \u017ar\u00f3d\u0142em wysoce wybuchowych erupcji.<\/p>\n\n\n\n<p>Foto: Archiwum NaKanarach.pl<\/p>\n","protected":false},"excerpt":{"rendered":"<p>TENERYFA: Najwy\u017cszy szczyt Hiszpanii Teide, znajduj\u0105cy si\u0119 na najwi\u0119kszej kanaryjskiej wyspie ponownie daje sygna\u0142y ostrzegawcze, \u017ce posiada obszar aktywny wulkanicznie. Zar\u00f3wno Narodowy Instytut Geograficzny (IGN), jak i Instytut Wulkanologiczny Wysp Kanaryjskich (Involcan) zarejestrowa\u0142y ponad 700 anomalii mikrosejsmicznych w okolicy Las Ca\u00f1adas del Teide, na po\u0142udniowy zach\u00f3d od Pico Viejo. Wulkan Teide jest najwy\u017cszym szczytem w\u00a0Hiszpanii\u00a0(3718 [&hellip;]<\/p>\n","protected":false},"author":4,"featured_media":5159,"comment_status":"closed","ping_status":"open","sticky":false,"template":"","format":"standard","meta":{"om_disable_all_campaigns":false,"_monsterinsights_skip_tracking":false,"_monsterinsights_sitenote_active":false,"_monsterinsights_sitenote_note":"","_monsterinsights_sitenote_category":0,"footnotes":""},"categories":[12],"tags":[],"class_list":["post-11164","post","type-post","status-publish","format-standard","has-post-thumbnail","hentry","category-aktualnosci"],"aioseo_notices":[],"blog_post_layout_featured_media_urls":{"thumbnail":["http:\/\/nakanarach.pl\/wp-content\/uploads\/2022\/06\/Teide-Pion-150x150.jpg",150,150,true],"full":["http:\/\/nakanarach.pl\/wp-content\/uploads\/2022\/06\/Teide-Pion.jpg",768,1024,false]},"categories_names":{"12":{"name":"Aktualno\u015bci","link":"http:\/\/nakanarach.pl\/index.php\/category\/aktualnosci\/"}},"tags_names":[],"comments_number":"0","wpmagazine_modules_lite_featured_media_urls":{"thumbnail":["http:\/\/nakanarach.pl\/wp-content\/uploads\/2022\/06\/Teide-Pion-150x150.jpg",150,150,true],"cvmm-medium":["http:\/\/nakanarach.pl\/wp-content\/uploads\/2022\/06\/Teide-Pion-300x300.jpg",300,300,true],"cvmm-medium-plus":["http:\/\/nakanarach.pl\/wp-content\/uploads\/2022\/06\/Teide-Pion-305x207.jpg",305,207,true],"cvmm-portrait":["http:\/\/nakanarach.pl\/wp-content\/uploads\/2022\/06\/Teide-Pion-400x600.jpg",400,600,true],"cvmm-medium-square":["http:\/\/nakanarach.pl\/wp-content\/uploads\/2022\/06\/Teide-Pion-600x600.jpg",600,600,true],"cvmm-large":["http:\/\/nakanarach.pl\/wp-content\/uploads\/2022\/06\/Teide-Pion.jpg",768,1024,false],"cvmm-small":["http:\/\/nakanarach.pl\/wp-content\/uploads\/2022\/06\/Teide-Pion-130x95.jpg",130,95,true],"full":["http:\/\/nakanarach.pl\/wp-content\/uploads\/2022\/06\/Teide-Pion.jpg",768,1024,false]},"_links":{"self":[{"href":"http:\/\/nakanarach.pl\/index.php\/wp-json\/wp\/v2\/posts\/11164","targetHints":{"allow":["GET"]}}],"collection":[{"href":"http:\/\/nakanarach.pl\/index.php\/wp-json\/wp\/v2\/posts"}],"about":[{"href":"http:\/\/nakanarach.pl\/index.php\/wp-json\/wp\/v2\/types\/post"}],"author":[{"embeddable":true,"href":"http:\/\/nakanarach.pl\/index.php\/wp-json\/wp\/v2\/users\/4"}],"replies":[{"embeddable":true,"href":"http:\/\/nakanarach.pl\/index.php\/wp-json\/wp\/v2\/comments?post=11164"}],"version-history":[{"count":3,"href":"http:\/\/nakanarach.pl\/index.php\/wp-json\/wp\/v2\/posts\/11164\/revisions"}],"predecessor-version":[{"id":11170,"href":"http:\/\/nakanarach.pl\/index.php\/wp-json\/wp\/v2\/posts\/11164\/revisions\/11170"}],"wp:featuredmedia":[{"embeddable":true,"href":"http:\/\/nakanarach.pl\/index.php\/wp-json\/wp\/v2\/media\/5159"}],"wp:attachment":[{"href":"http:\/\/nakanarach.pl\/index.php\/wp-json\/wp\/v2\/media?parent=11164"}],"wp:term":[{"taxonomy":"category","embeddable":true,"href":"http:\/\/nakanarach.pl\/index.php\/wp-json\/wp\/v2\/categories?post=11164"},{"taxonomy":"post_tag","embeddable":true,"href":"http:\/\/nakanarach.pl\/index.php\/wp-json\/wp\/v2\/tags?post=11164"}],"curies":[{"name":"wp","href":"https:\/\/api.w.org\/{rel}","templated":true}]}}