{"id":11806,"date":"2025-10-21T07:57:08","date_gmt":"2025-10-21T06:57:08","guid":{"rendered":"https:\/\/nakanarach.pl\/?p=11806"},"modified":"2025-10-21T08:24:50","modified_gmt":"2025-10-21T07:24:50","slug":"rozbito-gang-dzialajacy-w-znanych-kurortach","status":"publish","type":"post","link":"http:\/\/nakanarach.pl\/index.php\/2025\/10\/21\/rozbito-gang-dzialajacy-w-znanych-kurortach\/","title":{"rendered":"ROZBITO GANG DZIA\u0141AJ\u0104CY W ZNANYCH KURORTACH"},"content":{"rendered":"\n<p><strong>TENERYFA: Hiszpa\u0144skiej policji uda\u0142o si\u0119 rozbi\u0107 gang przest\u0119pczy odpowiedzialny za seri\u0119 w\u0142ama\u0144 i kradzie\u017cy w sklepach i obiektach turystycznych na po\u0142udniu najwi\u0119kszej kanaryjskiej wyspy. <\/strong><\/p>\n\n\n\n<p>Policja Narodowa (Polic\u00eda Nacional) poinformowa\u0142a, w po\u0142owie pa\u017adziernika, \u017ce zaytzyma\u0142a w tej sprawie trzech m\u0119\u017cczyzn, po kilku tygodniach obserwacji i pracy wywiadowczej w napopularniejszych na Tenetryfie kurortach Costa Adeje i Los Cristianos.<br>Policja potwierdzi\u0142a, \u017ce aresztowania by\u0142y wynikiem trzymiesi\u0119cznego \u015bledztwa, w kt\u00f3rym uczestniczy\u0142y wyspecjalizowane jednostki wsp\u00f3\u0142pracuj\u0105ce w celu wy\u015bledzenia i zidentyfikowania sprawc\u00f3w. Podejrzani s\u0105 oskar\u017ceni o wielokrotne kradzie\u017ce, co wywo\u0142a\u0142o niepok\u00f3j w\u015br\u00f3d mieszka\u0144c\u00f3w i urlopowicz\u00f3w.<br>S\u0119dzia nakaza\u0142 tymczasowe aresztowanie wszystkich trzech os\u00f3b na czas trwania \u015bledztwa. <\/p>\n\n\n\n<p>Ich aresztowanie zwi\u0119ksza \u0142\u0105czn\u0105 liczb\u0119 os\u00f3b zatrzymanych w podobnych operacjach zorganizowanych w tym rokuu, z czego pi\u0119\u0107 ju\u017c przebywa w wi\u0119zieniu. <\/p>\n\n\n\n<p>W\u0142adze twierdz\u0105, \u017ce rozbicie tej grupy jest ogromnym ciosem dla fali przest\u0119pczo\u015bci, kt\u00f3ra budzi\u0142a rosn\u0105ce zaniepokojenie w\u015br\u00f3d w\u0142a\u015bcicieli firm i turyst\u00f3w na po\u0142udniu wyspy.<br>Policja krajowa podkre\u015bli\u0142a kluczow\u0105 rol\u0119 wsp\u00f3\u0142pracy spo\u0142ecze\u0144stwa w zwalczaniu przest\u0119pczo\u015bci. Apeluje do mieszka\u0144c\u00f3w i turyst\u00f3w o zg\u0142aszanie wszelkich podejrzanych dzia\u0142a\u0144 za po\u015brednictwem oficjalnej strony internetowej www.policia.es w sekcji \u201eColabora\u201d.<\/p>\n\n\n\n<p>Foto. Zdj\u0119cie ilustracyjne policia.es<\/p>\n","protected":false},"excerpt":{"rendered":"<p>TENERYFA: Hiszpa\u0144skiej policji uda\u0142o si\u0119 rozbi\u0107 gang przest\u0119pczy odpowiedzialny za seri\u0119 w\u0142ama\u0144 i kradzie\u017cy w sklepach i obiektach turystycznych na po\u0142udniu najwi\u0119kszej kanaryjskiej wyspy. Policja Narodowa (Polic\u00eda Nacional) poinformowa\u0142a, w po\u0142owie pa\u017adziernika, \u017ce zaytzyma\u0142a w tej sprawie trzech m\u0119\u017cczyzn, po kilku tygodniach obserwacji i pracy wywiadowczej w napopularniejszych na Tenetryfie kurortach Costa Adeje i Los [&hellip;]<\/p>\n","protected":false},"author":4,"featured_media":518,"comment_status":"closed","ping_status":"open","sticky":false,"template":"","format":"standard","meta":{"om_disable_all_campaigns":false,"_monsterinsights_skip_tracking":false,"_monsterinsights_sitenote_active":false,"_monsterinsights_sitenote_note":"","_monsterinsights_sitenote_category":0,"footnotes":""},"categories":[12],"tags":[],"class_list":["post-11806","post","type-post","status-publish","format-standard","has-post-thumbnail","hentry","category-aktualnosci"],"aioseo_notices":[],"blog_post_layout_featured_media_urls":{"thumbnail":["http:\/\/nakanarach.pl\/wp-content\/uploads\/2021\/04\/Policia-Nacional-Fot.-Policia-Nacional-150x150.jpg",150,150,true],"full":["http:\/\/nakanarach.pl\/wp-content\/uploads\/2021\/04\/Policia-Nacional-Fot.-Policia-Nacional.jpg",500,260,false]},"categories_names":{"12":{"name":"Aktualno\u015bci","link":"http:\/\/nakanarach.pl\/index.php\/category\/aktualnosci\/"}},"tags_names":[],"comments_number":"0","wpmagazine_modules_lite_featured_media_urls":{"thumbnail":["http:\/\/nakanarach.pl\/wp-content\/uploads\/2021\/04\/Policia-Nacional-Fot.-Policia-Nacional-150x150.jpg",150,150,true],"cvmm-medium":["http:\/\/nakanarach.pl\/wp-content\/uploads\/2021\/04\/Policia-Nacional-Fot.-Policia-Nacional-300x260.jpg",300,260,true],"cvmm-medium-plus":["http:\/\/nakanarach.pl\/wp-content\/uploads\/2021\/04\/Policia-Nacional-Fot.-Policia-Nacional-305x207.jpg",305,207,true],"cvmm-portrait":["http:\/\/nakanarach.pl\/wp-content\/uploads\/2021\/04\/Policia-Nacional-Fot.-Policia-Nacional-400x260.jpg",400,260,true],"cvmm-medium-square":["http:\/\/nakanarach.pl\/wp-content\/uploads\/2021\/04\/Policia-Nacional-Fot.-Policia-Nacional.jpg",500,260,false],"cvmm-large":["http:\/\/nakanarach.pl\/wp-content\/uploads\/2021\/04\/Policia-Nacional-Fot.-Policia-Nacional.jpg",500,260,false],"cvmm-small":["http:\/\/nakanarach.pl\/wp-content\/uploads\/2021\/04\/Policia-Nacional-Fot.-Policia-Nacional-130x95.jpg",130,95,true],"full":["http:\/\/nakanarach.pl\/wp-content\/uploads\/2021\/04\/Policia-Nacional-Fot.-Policia-Nacional.jpg",500,260,false]},"_links":{"self":[{"href":"http:\/\/nakanarach.pl\/index.php\/wp-json\/wp\/v2\/posts\/11806","targetHints":{"allow":["GET"]}}],"collection":[{"href":"http:\/\/nakanarach.pl\/index.php\/wp-json\/wp\/v2\/posts"}],"about":[{"href":"http:\/\/nakanarach.pl\/index.php\/wp-json\/wp\/v2\/types\/post"}],"author":[{"embeddable":true,"href":"http:\/\/nakanarach.pl\/index.php\/wp-json\/wp\/v2\/users\/4"}],"replies":[{"embeddable":true,"href":"http:\/\/nakanarach.pl\/index.php\/wp-json\/wp\/v2\/comments?post=11806"}],"version-history":[{"count":2,"href":"http:\/\/nakanarach.pl\/index.php\/wp-json\/wp\/v2\/posts\/11806\/revisions"}],"predecessor-version":[{"id":11809,"href":"http:\/\/nakanarach.pl\/index.php\/wp-json\/wp\/v2\/posts\/11806\/revisions\/11809"}],"wp:featuredmedia":[{"embeddable":true,"href":"http:\/\/nakanarach.pl\/index.php\/wp-json\/wp\/v2\/media\/518"}],"wp:attachment":[{"href":"http:\/\/nakanarach.pl\/index.php\/wp-json\/wp\/v2\/media?parent=11806"}],"wp:term":[{"taxonomy":"category","embeddable":true,"href":"http:\/\/nakanarach.pl\/index.php\/wp-json\/wp\/v2\/categories?post=11806"},{"taxonomy":"post_tag","embeddable":true,"href":"http:\/\/nakanarach.pl\/index.php\/wp-json\/wp\/v2\/tags?post=11806"}],"curies":[{"name":"wp","href":"https:\/\/api.w.org\/{rel}","templated":true}]}}