{"id":1437,"date":"2021-05-15T14:30:00","date_gmt":"2021-05-15T13:30:00","guid":{"rendered":"http:\/\/nakanarach.pl\/?p=1437"},"modified":"2022-05-13T09:46:19","modified_gmt":"2022-05-13T08:46:19","slug":"informacje-z-polski-na-kanarach","status":"publish","type":"post","link":"http:\/\/nakanarach.pl\/index.php\/2021\/05\/15\/informacje-z-polski-na-kanarach\/","title":{"rendered":"INFORMACJE I MUZYKA Z POLSKI NA KANARACH"},"content":{"rendered":"\n<p><strong>Co kilka, lub kilkana\u015bcie dni w kanaryjskich mediach pojawiaj\u0105 si\u0119 informacje o wydarzeniach z Polski. A sami rdzenni mieszka\u0144cy raczej czuj\u0105 do naszego kraju i naszych rodak\u00f3w du\u017c\u0105 sympati\u0119. <\/strong><\/p>\n\n\n\n<p>Przed pandemi\u0105 koronawirusa Wyspy Kanaryjskie stanowi\u0142y jeden z najch\u0119tniej wybieranych kierunk\u00f3w wakacyjnych przez Polak\u00f3w. Wed\u0142ug szacunk\u00f3w przybywa\u0142o tu \u015brednio p\u00f3\u0142 miliona naszych rodak\u00f3w. Pierwsi polscy tury\u015bci pojawili si\u0119 tutaj ju\u017c w latach 60. poprzedniego stulecia za spraw\u0105 statku MS Batory, kt\u00f3ry przyp\u0142yn\u0105\u0142 do wybrze\u017cy archipelagu.&nbsp;Na wyspach mieszka sporo Polak\u00f3w, w miejscach publicznych cz\u0119sto mo\u017cna us\u0142ysze\u0107 nasz j\u0119zyk. <\/p>\n\n\n\n<p>Kanaryjczycy s\u0142abo znaj\u0105 j\u0119zyk angielski, ale za to wi\u0119ksz\u0105 wiedz\u0119 maj\u0105 o Polsce. Lewandowski, Karol Wojty\u0142a, Lech Wa\u0142\u0119sa, Jaruzelski &#8211; mo\u017cna us\u0142ysze\u0107 od jednego z tutejszych taks\u00f3wkarzy, kiedy dowiaduje si\u0119, \u017ce wiezie Polak\u00f3w. <\/p>\n\n\n\n<p>A w kanaryjskich mediach te\u017c czasem informuj\u0105 o Polsce, mo\u017ce nie ka\u017cdego dnia, ale przynajmniej kilka razy w miesi\u0105cu. W lutym 2021 r. Telewizja Canaria pokazywa\u0142a fragmenty Mistrzostw Europy w koszyk\u00f3wce, kt\u00f3re odbywa\u0142y si\u0119 w Gliwicach. W maju na pasku pojawi\u0142a si\u0119 informacj\u0105, \u017ce polski sejm zaakceptowa\u0142 Fundusz Odbudowy Unii Europejskiej. <\/p>\n\n\n\n<figure class=\"wp-block-image size-large\"><img fetchpriority=\"high\" decoding=\"async\" width=\"1024\" height=\"461\" src=\"http:\/\/nakanarach.pl\/wp-content\/uploads\/2021\/05\/Telewizja-Canaria-Pasek-Polonia-1024x461.jpg\" alt=\"\" class=\"wp-image-1439\" srcset=\"http:\/\/nakanarach.pl\/wp-content\/uploads\/2021\/05\/Telewizja-Canaria-Pasek-Polonia-1024x461.jpg 1024w, http:\/\/nakanarach.pl\/wp-content\/uploads\/2021\/05\/Telewizja-Canaria-Pasek-Polonia-300x135.jpg 300w, http:\/\/nakanarach.pl\/wp-content\/uploads\/2021\/05\/Telewizja-Canaria-Pasek-Polonia-768x346.jpg 768w, http:\/\/nakanarach.pl\/wp-content\/uploads\/2021\/05\/Telewizja-Canaria-Pasek-Polonia.jpg 1200w\" sizes=\"(max-width: 1024px) 100vw, 1024px\" \/><figcaption><strong><em>Foto:<\/em><\/strong> <strong><em>Kadr z Telewizji Canaria &#8211; na pasku o Polsce<\/em><\/strong><\/figcaption><\/figure>\n\n\n\n<p>Z kolei 14 maja 2021 r. w kronice historycznej kanaryjskiej telewizji wspomniano, \u017ce tego dnia w 1955 r. w Warszawie ratyfikowano Uk\u0142ad o Przyja\u017ani, Wsp\u00f3\u0142pracy i Pomocy Wzajemnej tzw. Uk\u0142ad Warszawski, kt\u00f3ry obejmowa\u0142 Polsk\u0119, Czechos\u0142owacj\u0119, W\u0119gry, Albani\u0119, Rumuni\u0119, NRD i ZSRR. Zobacz poni\u017cej video od czasu 2:47.<\/p>\n\n\n\n<p><a href=\"https:\/\/noticias.rtvc.es\/buenos-dias-canarias-14-05-21\/\">https:\/\/noticias.rtvc.es\/buenos-dias-canarias-14-05-21\/<\/a><\/p>\n\n\n\n<p>Natomiast 19 maja w jednej z rozg\u0142o\u015bni radiowych na Gran Canarii mo\u017cna by\u0142o us\u0142ysze\u0107 znany w Polsce, utw\u00f3r tym razem w ca\u0142o\u015bci w j\u0119zyku hiszpa\u0144skim pt. &#8222;Libre&#8221; Alvaro Soler. <\/p>\n\n\n\n<figure class=\"wp-block-embed is-type-video is-provider-youtube wp-block-embed-youtube wp-embed-aspect-16-9 wp-has-aspect-ratio\"><div class=\"wp-block-embed__wrapper\">\n<iframe title=\"Alvaro Soler - Libre (letra en espa\u00f1ol)\" width=\"640\" height=\"360\" src=\"https:\/\/www.youtube.com\/embed\/N7TmqebKRP8?feature=oembed\" frameborder=\"0\" allow=\"accelerometer; autoplay; clipboard-write; encrypted-media; gyroscope; picture-in-picture; web-share\" referrerpolicy=\"strict-origin-when-cross-origin\" allowfullscreen><\/iframe>\n<\/div><\/figure>\n\n\n\n<p>W Polsce ten popularny utw\u00f3r by\u0142 dwuj\u0119zyczny, z t\u0105 r\u00f3\u017cnic\u0105, \u017ce Hiszpan Alvaro Soler \u015bpiewa\u0142 w swoim ojczystym j\u0119zyku, a M. Lewczuk po polsku. Niewielu jednak wie, \u017ce utw\u00f3r \u201e<em>Libre<\/em>\u201d zosta\u0142 nagrany w trzech wersjach j\u0119zykowych z udzia\u0142em kilku r\u00f3\u017cnych wokalistek:&nbsp;<em>Moniki Lewczuk<\/em>&nbsp;z Polski, Paty Cant\u00fa z Meksyku oraz Emmy Marrone z W\u0142och. <\/p>\n\n\n\n<p>Ale niekiedy mo\u017cna si\u0119 zdziwi\u0107, kiedy w maju w jednym z centr\u00f3w handlowych w Las Palmas de Gran Canaria rozbrzmiewa\u0142a polska piosenka&#8230; \u015bwi\u0105teczna. <\/p>\n\n\n\n<p><strong><em>Foto: Telewizja Canaria<\/em><\/strong><\/p>\n","protected":false},"excerpt":{"rendered":"<p>Co kilka, lub kilkana\u015bcie dni w kanaryjskich mediach pojawiaj\u0105 si\u0119 informacje o wydarzeniach z Polski. A sami rdzenni mieszka\u0144cy raczej czuj\u0105 do naszego kraju i naszych rodak\u00f3w du\u017c\u0105 sympati\u0119. Przed pandemi\u0105 koronawirusa Wyspy Kanaryjskie stanowi\u0142y jeden z najch\u0119tniej wybieranych kierunk\u00f3w wakacyjnych przez Polak\u00f3w. Wed\u0142ug szacunk\u00f3w przybywa\u0142o tu \u015brednio p\u00f3\u0142 miliona naszych rodak\u00f3w. Pierwsi polscy tury\u015bci [&hellip;]<\/p>\n","protected":false},"author":2,"featured_media":1460,"comment_status":"closed","ping_status":"closed","sticky":false,"template":"","format":"standard","meta":{"om_disable_all_campaigns":false,"_monsterinsights_skip_tracking":false,"_monsterinsights_sitenote_active":false,"_monsterinsights_sitenote_note":"","_monsterinsights_sitenote_category":0,"footnotes":""},"categories":[101],"tags":[],"class_list":["post-1437","post","type-post","status-publish","format-standard","has-post-thumbnail","hentry","category-o-polsce"],"aioseo_notices":[],"blog_post_layout_featured_media_urls":{"thumbnail":["http:\/\/nakanarach.pl\/wp-content\/uploads\/2021\/05\/RTVC-Uklad-Warszawski-150x150.jpg",150,150,true],"full":["http:\/\/nakanarach.pl\/wp-content\/uploads\/2021\/05\/RTVC-Uklad-Warszawski.jpg",1366,768,false]},"categories_names":{"101":{"name":"O Polsce","link":"http:\/\/nakanarach.pl\/index.php\/category\/kultura\/o-polsce\/"}},"tags_names":[],"comments_number":"0","wpmagazine_modules_lite_featured_media_urls":{"thumbnail":["http:\/\/nakanarach.pl\/wp-content\/uploads\/2021\/05\/RTVC-Uklad-Warszawski-150x150.jpg",150,150,true],"cvmm-medium":["http:\/\/nakanarach.pl\/wp-content\/uploads\/2021\/05\/RTVC-Uklad-Warszawski-300x300.jpg",300,300,true],"cvmm-medium-plus":["http:\/\/nakanarach.pl\/wp-content\/uploads\/2021\/05\/RTVC-Uklad-Warszawski-305x207.jpg",305,207,true],"cvmm-portrait":["http:\/\/nakanarach.pl\/wp-content\/uploads\/2021\/05\/RTVC-Uklad-Warszawski-400x600.jpg",400,600,true],"cvmm-medium-square":["http:\/\/nakanarach.pl\/wp-content\/uploads\/2021\/05\/RTVC-Uklad-Warszawski-600x600.jpg",600,600,true],"cvmm-large":["http:\/\/nakanarach.pl\/wp-content\/uploads\/2021\/05\/RTVC-Uklad-Warszawski-1024x768.jpg",1024,768,true],"cvmm-small":["http:\/\/nakanarach.pl\/wp-content\/uploads\/2021\/05\/RTVC-Uklad-Warszawski-130x95.jpg",130,95,true],"full":["http:\/\/nakanarach.pl\/wp-content\/uploads\/2021\/05\/RTVC-Uklad-Warszawski.jpg",1366,768,false]},"_links":{"self":[{"href":"http:\/\/nakanarach.pl\/index.php\/wp-json\/wp\/v2\/posts\/1437","targetHints":{"allow":["GET"]}}],"collection":[{"href":"http:\/\/nakanarach.pl\/index.php\/wp-json\/wp\/v2\/posts"}],"about":[{"href":"http:\/\/nakanarach.pl\/index.php\/wp-json\/wp\/v2\/types\/post"}],"author":[{"embeddable":true,"href":"http:\/\/nakanarach.pl\/index.php\/wp-json\/wp\/v2\/users\/2"}],"replies":[{"embeddable":true,"href":"http:\/\/nakanarach.pl\/index.php\/wp-json\/wp\/v2\/comments?post=1437"}],"version-history":[{"count":9,"href":"http:\/\/nakanarach.pl\/index.php\/wp-json\/wp\/v2\/posts\/1437\/revisions"}],"predecessor-version":[{"id":1657,"href":"http:\/\/nakanarach.pl\/index.php\/wp-json\/wp\/v2\/posts\/1437\/revisions\/1657"}],"wp:featuredmedia":[{"embeddable":true,"href":"http:\/\/nakanarach.pl\/index.php\/wp-json\/wp\/v2\/media\/1460"}],"wp:attachment":[{"href":"http:\/\/nakanarach.pl\/index.php\/wp-json\/wp\/v2\/media?parent=1437"}],"wp:term":[{"taxonomy":"category","embeddable":true,"href":"http:\/\/nakanarach.pl\/index.php\/wp-json\/wp\/v2\/categories?post=1437"},{"taxonomy":"post_tag","embeddable":true,"href":"http:\/\/nakanarach.pl\/index.php\/wp-json\/wp\/v2\/tags?post=1437"}],"curies":[{"name":"wp","href":"https:\/\/api.w.org\/{rel}","templated":true}]}}