{"id":1629,"date":"2021-05-31T09:57:20","date_gmt":"2021-05-31T08:57:20","guid":{"rendered":"http:\/\/nakanarach.pl\/?p=1629"},"modified":"2022-05-24T13:51:21","modified_gmt":"2022-05-24T12:51:21","slug":"wjazd-na-kanary-bez-testow","status":"publish","type":"post","link":"http:\/\/nakanarach.pl\/index.php\/2021\/05\/31\/wjazd-na-kanary-bez-testow\/","title":{"rendered":"WJAZD NA KANARY BEZ TEST\u00d3W"},"content":{"rendered":"\n<p><strong>W ostatnim dniu maja w Dzienniku Urz\u0119dowym Wysp Kanaryjskich (BOC) opublikowano rozporz\u0105dzenie Ministra Zdrowia Blas Trujillo, w kt\u00f3rym nie ma ju\u017c konieczno\u015bci przedstawiania test\u00f3w diagnostycznych aktywnej infekcji (PDIA) SARS-CoV2 przez osoby, kt\u00f3re wje\u017cd\u017caj\u0105 na Wyspy Kanaryjskie z pozosta\u0142ej cz\u0119\u015bci terytorium kraju i posiadaj\u0105 oficjalny dokument potwierdzaj\u0105cy, \u017ce otrzyma\u0142y pe\u0142ny harmonogram szczepie\u0144 przeciwko COVID-19 lub co najmniej jedn\u0105 dawk\u0119 zatwierdzonej szczepionki, z ponad 15-dniowym wyprzedzeniem.<\/strong><\/p>\n\n\n\n<p>To nowe rozporz\u0105dzenie, obowi\u0105zuj\u0105ce od dnia jego podpisania, czyli od 28 maja br. Dokument zmienia przepis obowi\u0105zuj\u0105cy od 10 kwietnia, kt\u00f3ry ustanawia przeprowadzanie kontroli bezpiecze\u0144stwa za po\u015brednictwem PDIA w stosunku do podr\u00f3\u017cnych, kt\u00f3rzy wje\u017cd\u017caj\u0105 do Wsp\u00f3lnoty Autonomicznej Wysp Kanaryjskich z terytorium kraju drog\u0105 powietrzn\u0105 lub morsk\u0105, aby powstrzyma\u0107 rozprzestrzenianie si\u0119 zaka\u017ce\u0144 spowodowanych przez: SARS-COV-2.<\/p>\n\n\n\n<p>Rz\u0105d archipelagu informuje, \u017ce wykluczeni z przedstawiania testu COVID-19 przy wje\u017adzie na Wyspy Kanaryjskie, opr\u00f3cz os\u00f3b w tranzycie w kanaryjskim porcie lub na lotnisku z docelowym miejscem przeznaczenia do innego kraju lub innego miejsca na terytorium kraju:<\/p>\n\n\n\n<ul class=\"wp-block-list\"><li>&#8211; Osoby, kt\u00f3re udowodni\u0105, \u017ce przebywa\u0142y poza Wsp\u00f3lnot\u0105 Autonomiczn\u0105 Wysp Kanaryjskich przez okres kr\u00f3tszy ni\u017c 72 godziny przed przyjazdem, niezale\u017cnie od miejsca zamieszkania.<\/li><li>&#8211; Pasa\u017cerowie, kt\u00f3rzy posiadaj\u0105 oficjalny dokument potwierdzaj\u0105cy, \u017ce otrzymali pe\u0142ny harmonogram szczepie\u0144 w ci\u0105gu 8 miesi\u0119cy poprzedzaj\u0105cych podr\u00f3\u017c lub przynajmniej jedn\u0105 dawk\u0119 szczepionki zatwierdzonej przez Europejsk\u0105 Agencj\u0119 Lek\u00f3w (EMA) przeciwko COVID-19 &#8211; przypadek, w kt\u00f3rym wi\u0119cej ni\u017c 15 dni przed wysiedleniem mia\u0142o miejsce w ci\u0105gu ostatnich czterech miesi\u0119cy lub kt\u00f3re potwierdzaj\u0105 na podstawie oficjalnego za\u015bwiadczenia lekarskiego lub dokumentu urz\u0119dowego, \u017ce zachorowali na chorob\u0119 mniej ni\u017c 6 miesi\u0119cy temu. <\/li><\/ul>\n\n\n\n<p>Kart\u0119 lub dokument akredytuj\u0105cy S\u0142u\u017cb\u0119 Zdrowia Wysp Kanaryjskich o otrzymaniu kompletnych wytycznych lub pierwszej dawki szczepionki COVID-19 mo\u017cna uzyska\u0107 wchodz\u0105c na miSCS (www.miscs.org) w przestrzeni internetowej myHistory.<\/p>\n\n\n\n<p>W tym miejscu b\u0119dzie r\u00f3wnie\u017c znajdowa\u0107 si\u0119, je\u015bli b\u0119dzie dost\u0119pne, unijne \u015bwiadectwo COVID-19 dotycz\u0105ce podr\u00f3\u017cy, kt\u00f3re po\u015bwiadcza, czy osoba jest zaszczepiona lub posiada negatywny wynik testu PCR lub szczepie\u0144 z powodu choroby.<\/p>\n\n\n\n<p>Je\u015bli chodzi o punkty 2 i 3 czwartej sekcji rozporz\u0105dzenia z 10 kwietnia 2022 roku, pozostaj\u0105 one w mocy w ca\u0142o\u015bci, wi\u0119c przed\u0142o\u017cenie negatywnej PDIA nie jest wymagane przy wje\u017adzie na Wyspy Kanaryjskie osobom, kt\u00f3re akredytuj\u0105 rezerwacj\u0119 w obiekt turystyczny zarejestrowany w Generalnym Rejestrze Turystycznym Wsp\u00f3lnoty Autonomicznej Wysp Kanaryjskich i podlega systemowi kontroli zdrowia publicznego przy przyjmowaniu do obiektu noclegowego zgodnie z dekretem z moc\u0105 ustawy 17\/2020 z dnia 29 pa\u017adziernika o \u015brodki w turystyce maj\u0105ce na celu stawienie czo\u0142a skutkom kryzysu zdrowotnego i gospodarczego wywo\u0142anego pandemi\u0105 wywo\u0142an\u0105 przez COVID-19.<\/p>\n\n\n\n<p><strong>Od 26 kwietnia 2022 r. <\/strong>osoby pe\u0142noletnie, kt\u00f3re zaszczepi\u0142y si\u0119 przeciw COVID19 w cyklu podstawowym (jedn\u0105 dawk\u0105 Johnson&amp;Johnson lub dwiema dawkami pozosta\u0142ych szczepionek) oraz przyj\u0119\u0142y dawk\u0119 przypominaj\u0105c\u0105, maj\u0105 bezterminowo wa\u017cne Unijne Certyfikaty COVID. Certyfikat szczepienia musi zawiera\u0107 co najmniej nast\u0119puj\u0105ce informacje: imi\u0119 i nazwisko osoby zaszczepionej, dat\u0119 szczepienia ze wskazaniem przyj\u0119cia ostatniej dawki, rodzaj przyj\u0119tej szczepionki, liczb\u0119 przyj\u0119tych dawek\/wskazanie przyj\u0119cia pe\u0142nego szczepienia, kraj, w kt\u00f3rym dokonano szczepienia oraz wskazanie instytucji wydaj\u0105cej za\u015bwiadczenie.\u00a0<\/p>\n\n\n\n<p>Izolacja, kt\u00f3r\u0105 musz\u0105 zachowa\u0107 pasa\u017cerowie, kt\u00f3rzy nie uko\u0144czyli PDIA w ci\u0105gu 72 godzin przed przylotem, nie b\u0119dzie mia\u0142a zastosowania, je\u017celi uniemo\u017cliwia to pilno\u015b\u0107 przemieszczenia, w nast\u0119puj\u0105cych przypadkach:<\/p>\n\n\n\n<p>a) Pracownicy zatrudnieni lub samozatrudnieni w zawodach o krytycznym znaczeniu, w tym pracownicy s\u0142u\u017cby zdrowia, oddelegowani do pracy.<\/p>\n\n\n\n<p>b) Pracownicy lub dostawcy us\u0142ug transportowych, w tym kierowcy samochod\u00f3w ci\u0119\u017carowych, kt\u00f3rzy przewo\u017c\u0105 towary do u\u017cytku na terytorium.<\/p>\n\n\n\n<p>c) Pacjenci podr\u00f3\u017cuj\u0105cy z wa\u017cnych powod\u00f3w medycznych.<\/p>\n\n\n\n<p>d) Pomoc lub opieka, z wa\u017cnych powod\u00f3w, dla senior\u00f3w, nieletnich, os\u00f3b na utrzymaniu, os\u00f3b niepe\u0142nosprawnych lub szczeg\u00f3lnie wra\u017cliwych.<\/p>\n\n\n\n<p>e) Przedstawiciele publiczni, dyplomaci, personel organizacji mi\u0119dzynarodowych i osoby przez nich zaproszone, kt\u00f3rych fizyczna obecno\u015b\u0107 jest niezb\u0119dna do prawid\u0142owego funkcjonowania tych organizacji, wojsko i policja, pracownicy humanitarni i pracownicy ochrony ludno\u015bci, w wykonywaniu ich funkcji.<\/p>\n\n\n\n<p>f) Marynarze, kt\u00f3rzy przybywaj\u0105 na Wyspy Kanaryjskie z powrotem ze swojej kampanii na pok\u0142adzie statku lub w tranzycie w celu zaokr\u0119towania lub zej\u015bcia na l\u0105d.<\/p>\n\n\n\n<p>g) za\u0142ogi statk\u00f3w i samolot\u00f3w obs\u0142uguj\u0105cych ruch pasa\u017cerski lub towarowy mi\u0119dzy Wyspami Kanaryjskimi a innymi wsp\u00f3lnotami autonomicznymi lub krajami.<\/p>\n\n\n\n<p>h) Dziennikarze przemieszczaj\u0105cy si\u0119 zawodowo.<\/p>\n\n\n\n<p>Od 7 czerwca na Wyspy Kanaryjskie bez testu mog\u0105 wje\u017cd\u017ca\u0107 bez test\u00f3w obywatele ka\u017cdego kraju, pod warunkiem, \u017ce zostali zaszczepieni dwiema dawkami przeciwko Covid-19. <\/p>\n\n\n\n<p><strong><em>Foto: gobiernodecanarias.org<\/em><\/strong><\/p>\n\n\n\n<h3 class=\"wp-block-heading\"><\/h3>\n\n\n\n<p><\/p>\n","protected":false},"excerpt":{"rendered":"<p>W ostatnim dniu maja w Dzienniku Urz\u0119dowym Wysp Kanaryjskich (BOC) opublikowano rozporz\u0105dzenie Ministra Zdrowia Blas Trujillo, w kt\u00f3rym nie ma ju\u017c konieczno\u015bci przedstawiania test\u00f3w diagnostycznych aktywnej infekcji (PDIA) SARS-CoV2 przez osoby, kt\u00f3re wje\u017cd\u017caj\u0105 na Wyspy Kanaryjskie z pozosta\u0142ej cz\u0119\u015bci terytorium kraju i posiadaj\u0105 oficjalny dokument potwierdzaj\u0105cy, \u017ce otrzyma\u0142y pe\u0142ny harmonogram szczepie\u0144 przeciwko COVID-19 lub co [&hellip;]<\/p>\n","protected":false},"author":2,"featured_media":494,"comment_status":"closed","ping_status":"open","sticky":false,"template":"","format":"standard","meta":{"om_disable_all_campaigns":false,"_monsterinsights_skip_tracking":false,"_monsterinsights_sitenote_active":false,"_monsterinsights_sitenote_note":"","_monsterinsights_sitenote_category":0,"footnotes":""},"categories":[12],"tags":[],"class_list":["post-1629","post","type-post","status-publish","format-standard","has-post-thumbnail","hentry","category-aktualnosci"],"aioseo_notices":[],"blog_post_layout_featured_media_urls":{"thumbnail":["http:\/\/nakanarach.pl\/wp-content\/uploads\/2021\/04\/Lotnisko-GC-kontrola-Covid-150x150.jpeg",150,150,true],"full":["http:\/\/nakanarach.pl\/wp-content\/uploads\/2021\/04\/Lotnisko-GC-kontrola-Covid.jpeg",1600,1066,false]},"categories_names":{"12":{"name":"Aktualno\u015bci","link":"http:\/\/nakanarach.pl\/index.php\/category\/aktualnosci\/"}},"tags_names":[],"comments_number":"0","wpmagazine_modules_lite_featured_media_urls":{"thumbnail":["http:\/\/nakanarach.pl\/wp-content\/uploads\/2021\/04\/Lotnisko-GC-kontrola-Covid-150x150.jpeg",150,150,true],"cvmm-medium":["http:\/\/nakanarach.pl\/wp-content\/uploads\/2021\/04\/Lotnisko-GC-kontrola-Covid-300x300.jpeg",300,300,true],"cvmm-medium-plus":["http:\/\/nakanarach.pl\/wp-content\/uploads\/2021\/04\/Lotnisko-GC-kontrola-Covid-305x207.jpeg",305,207,true],"cvmm-portrait":["http:\/\/nakanarach.pl\/wp-content\/uploads\/2021\/04\/Lotnisko-GC-kontrola-Covid-400x600.jpeg",400,600,true],"cvmm-medium-square":["http:\/\/nakanarach.pl\/wp-content\/uploads\/2021\/04\/Lotnisko-GC-kontrola-Covid-600x600.jpeg",600,600,true],"cvmm-large":["http:\/\/nakanarach.pl\/wp-content\/uploads\/2021\/04\/Lotnisko-GC-kontrola-Covid-1024x1024.jpeg",1024,1024,true],"cvmm-small":["http:\/\/nakanarach.pl\/wp-content\/uploads\/2021\/04\/Lotnisko-GC-kontrola-Covid-130x95.jpeg",130,95,true],"full":["http:\/\/nakanarach.pl\/wp-content\/uploads\/2021\/04\/Lotnisko-GC-kontrola-Covid.jpeg",1600,1066,false]},"_links":{"self":[{"href":"http:\/\/nakanarach.pl\/index.php\/wp-json\/wp\/v2\/posts\/1629","targetHints":{"allow":["GET"]}}],"collection":[{"href":"http:\/\/nakanarach.pl\/index.php\/wp-json\/wp\/v2\/posts"}],"about":[{"href":"http:\/\/nakanarach.pl\/index.php\/wp-json\/wp\/v2\/types\/post"}],"author":[{"embeddable":true,"href":"http:\/\/nakanarach.pl\/index.php\/wp-json\/wp\/v2\/users\/2"}],"replies":[{"embeddable":true,"href":"http:\/\/nakanarach.pl\/index.php\/wp-json\/wp\/v2\/comments?post=1629"}],"version-history":[{"count":3,"href":"http:\/\/nakanarach.pl\/index.php\/wp-json\/wp\/v2\/posts\/1629\/revisions"}],"predecessor-version":[{"id":5024,"href":"http:\/\/nakanarach.pl\/index.php\/wp-json\/wp\/v2\/posts\/1629\/revisions\/5024"}],"wp:featuredmedia":[{"embeddable":true,"href":"http:\/\/nakanarach.pl\/index.php\/wp-json\/wp\/v2\/media\/494"}],"wp:attachment":[{"href":"http:\/\/nakanarach.pl\/index.php\/wp-json\/wp\/v2\/media?parent=1629"}],"wp:term":[{"taxonomy":"category","embeddable":true,"href":"http:\/\/nakanarach.pl\/index.php\/wp-json\/wp\/v2\/categories?post=1629"},{"taxonomy":"post_tag","embeddable":true,"href":"http:\/\/nakanarach.pl\/index.php\/wp-json\/wp\/v2\/tags?post=1629"}],"curies":[{"name":"wp","href":"https:\/\/api.w.org\/{rel}","templated":true}]}}