{"id":2349,"date":"2021-08-15T20:50:00","date_gmt":"2021-08-15T19:50:00","guid":{"rendered":"http:\/\/nakanarach.pl\/?p=2349"},"modified":"2021-08-17T12:41:50","modified_gmt":"2021-08-17T11:41:50","slug":"zamknieta-plaza-el-medano-na-teneryfie","status":"publish","type":"post","link":"http:\/\/nakanarach.pl\/index.php\/2021\/08\/15\/zamknieta-plaza-el-medano-na-teneryfie\/","title":{"rendered":"PONOWNIE OTWARTA PLA\u017bA EL MEDANO NA TENERYFIE"},"content":{"rendered":"\n<p> <strong>K\u0105piel na pla\u017cy El M\u00e9dano <\/strong> <strong>na Teneryfie jest ponownie dozwolona, po tym, jak wcze\u015bniej wykryto tam bakterie e-coli. Po przeprowadzeniu ponownych bada\u0144 wody okaza\u0142o si\u0119, \u017ce warto\u015bci ska\u017cenia s\u0105 ju\u017c w normie. <\/strong><\/p>\n\n\n\n<p>Kilka dni wcze\u015bniej urz\u0105d miasta Granadilla wyda\u0142 ostrze\u017cenie, \u017ce k\u0105piel na pla\u017cy El M\u00e9dano na po\u0142udniu Teneryfy do odwo\u0142ania jest zabroniona, ze wzgl\u0119du na wykryte przez Inspekcj\u0119 Sanitarn\u0105 Wysp Kanaryjskich zanieczyszczenie o wy\u017cszym ni\u017c dozwolona, \u200b\u200bczyli 200 ufc\/100 ufc ml E-Coli.<\/p>\n\n\n\n<p>Wed\u0142ug o\u015bwiadczenia Rady Miejskiej Granadilla de Abona, zakazanym obszarem do k\u0105pieli jest centralna pla\u017ca El M\u00e9dano, gdzie ska\u017cenie wykryto po przed\u0142o\u017ceniu wynik\u00f3w rutynowych bada\u0144.<\/p>\n\n\n\n<p>Tego samego ranka inspekcja zdrowia publicznego pobra\u0142a wi\u0119cej pr\u00f3bek w miejskich k\u0105pieliskach i w oczekiwaniu na te wyniki zdecyduje, kiedy b\u0119dzie mo\u017cna ponownie udost\u0119pni\u0107 je spo\u0142ecze\u0144stwu.<\/p>\n\n\n\n<p>Rada Miasta podkre\u015bla, \u017ce \u200b\u200bjest to \u015brodek zapobiegawczy i nie mo\u017cna wyrz\u0105dzi\u0107 szkody, ale zawsze chce zagwarantowa\u0107 bezpiecze\u0144stwo u\u017cytkownikom pla\u017c w okolicy i zapewnia, \u017ce \u200b\u200bwkr\u00f3tce b\u0119d\u0105 mogli ponownie tam p\u0142ywa\u0107. Na razie k\u0105piel na tej pla\u017cy jest zabroniona do odwo\u0142ania. <\/p>\n\n\n\n<p>Bakterie e-coli wywo\u0142uj\u0105 silne zatrucie pokarmowe o bardzo nieprzyjemnym przebiegu, z&nbsp;wymiotami, biegunk\u0105 i wysok\u0105 gor\u0105czk\u0105. To w konsekwencji mo\u017ce szybko doprowadzi\u0107 do odwodnienia i silnego os\u0142abienia. W kontakcie z nawet niewielk\u0105 ran\u0105 na sk\u00f3rze mog\u0105 utrudni\u0107 proces gojenia, powodowa\u0107 tworzenie ropni i nadka\u017ce\u0144. S\u0105 r\u00f3wnie\u017c gro\u017ane dla uk\u0142adu moczowego. Powoduj\u0105 powa\u017cne infekcje i stany zapalne, kt\u00f3rych leczenie mo\u017ce przebiega\u0107 przez wiele tygodni, a nawet miesi\u0119cy.<a rel=\"noreferrer noopener\" href=\"https:\/\/csr.onet.pl\/1746213\/clk\/das,691831,324245?gctx=eJyFUstu2zAQ_BddGcWkLNmxbkbkg1G3LhojRXMR1uRaZkSJBslYiIv-e1dyIeTS-ELuzM7sg-DvaBnl0UvxY_tzvYruomJdRPlcJKm4i9bfKZXwRPAHMeWLNEtEKvh0Ns0WWUba9fPn-S_PtyqQ4mYN2WkVjqQS09lsYJQjdAzh5PPJpOu6-8rayuC9tM1kEBwM-N7BB3QMjclkX2CA2jd2rw2OeSLOpw8onEdQd04RuChnO42lMlDWcFFYWdaAqzGUHt1ZS_SsgxrkK7ILBPcmNbI91AEdBV63pGAordFMHg0070oD66wCtlm-_CqXxdM1eFxuNuwAEgOraUYMMExh4DWMIzk8UHzdeCA8ViXsiZvPR-yg7edOkyvjzbj9Gd344HxRikT0mifivq6K7bfVrkf9H4hsiyEGFdNjhvhk4B1dvO8L67bqRZvtjlT_yUqHpbTtQVdvDoK2bUmNPd3_msc8jUWyE1me8JxzxvuTfEbfsD3EfLClH2x__gIDDstU&amp;at=1628844242&amp;uuid=2b7abe668bc53c1fbfbbfeee45edace3&amp;URL=http:\/\/muszynianka.pl\/\" target=\"_blank\"><\/a><\/p>\n\n\n\n<p><strong><em>Foto: Facebook\/kierunekteneryfa<\/em><\/strong><\/p>\n","protected":false},"excerpt":{"rendered":"<p>K\u0105piel na pla\u017cy El M\u00e9dano na Teneryfie jest ponownie dozwolona, po tym, jak wcze\u015bniej wykryto tam bakterie e-coli. Po przeprowadzeniu ponownych bada\u0144 wody okaza\u0142o si\u0119, \u017ce warto\u015bci ska\u017cenia s\u0105 ju\u017c w normie. Kilka dni wcze\u015bniej urz\u0105d miasta Granadilla wyda\u0142 ostrze\u017cenie, \u017ce k\u0105piel na pla\u017cy El M\u00e9dano na po\u0142udniu Teneryfy do odwo\u0142ania jest zabroniona, ze wzgl\u0119du [&hellip;]<\/p>\n","protected":false},"author":2,"featured_media":2350,"comment_status":"closed","ping_status":"open","sticky":false,"template":"","format":"standard","meta":{"om_disable_all_campaigns":false,"_monsterinsights_skip_tracking":false,"_monsterinsights_sitenote_active":false,"_monsterinsights_sitenote_note":"","_monsterinsights_sitenote_category":0,"footnotes":""},"categories":[17],"tags":[],"class_list":["post-2349","post","type-post","status-publish","format-standard","has-post-thumbnail","hentry","category-turystyka"],"aioseo_notices":[],"blog_post_layout_featured_media_urls":{"thumbnail":["http:\/\/nakanarach.pl\/wp-content\/uploads\/2021\/08\/Plaza-El-Medano-150x150.jpg",150,150,true],"full":["http:\/\/nakanarach.pl\/wp-content\/uploads\/2021\/08\/Plaza-El-Medano.jpg",596,447,false]},"categories_names":{"17":{"name":"Turystyka","link":"http:\/\/nakanarach.pl\/index.php\/category\/turystyka\/"}},"tags_names":[],"comments_number":"0","wpmagazine_modules_lite_featured_media_urls":{"thumbnail":["http:\/\/nakanarach.pl\/wp-content\/uploads\/2021\/08\/Plaza-El-Medano-150x150.jpg",150,150,true],"cvmm-medium":["http:\/\/nakanarach.pl\/wp-content\/uploads\/2021\/08\/Plaza-El-Medano-300x300.jpg",300,300,true],"cvmm-medium-plus":["http:\/\/nakanarach.pl\/wp-content\/uploads\/2021\/08\/Plaza-El-Medano-305x207.jpg",305,207,true],"cvmm-portrait":["http:\/\/nakanarach.pl\/wp-content\/uploads\/2021\/08\/Plaza-El-Medano-400x447.jpg",400,447,true],"cvmm-medium-square":["http:\/\/nakanarach.pl\/wp-content\/uploads\/2021\/08\/Plaza-El-Medano.jpg",596,447,false],"cvmm-large":["http:\/\/nakanarach.pl\/wp-content\/uploads\/2021\/08\/Plaza-El-Medano.jpg",596,447,false],"cvmm-small":["http:\/\/nakanarach.pl\/wp-content\/uploads\/2021\/08\/Plaza-El-Medano-130x95.jpg",130,95,true],"full":["http:\/\/nakanarach.pl\/wp-content\/uploads\/2021\/08\/Plaza-El-Medano.jpg",596,447,false]},"_links":{"self":[{"href":"http:\/\/nakanarach.pl\/index.php\/wp-json\/wp\/v2\/posts\/2349","targetHints":{"allow":["GET"]}}],"collection":[{"href":"http:\/\/nakanarach.pl\/index.php\/wp-json\/wp\/v2\/posts"}],"about":[{"href":"http:\/\/nakanarach.pl\/index.php\/wp-json\/wp\/v2\/types\/post"}],"author":[{"embeddable":true,"href":"http:\/\/nakanarach.pl\/index.php\/wp-json\/wp\/v2\/users\/2"}],"replies":[{"embeddable":true,"href":"http:\/\/nakanarach.pl\/index.php\/wp-json\/wp\/v2\/comments?post=2349"}],"version-history":[{"count":2,"href":"http:\/\/nakanarach.pl\/index.php\/wp-json\/wp\/v2\/posts\/2349\/revisions"}],"predecessor-version":[{"id":2359,"href":"http:\/\/nakanarach.pl\/index.php\/wp-json\/wp\/v2\/posts\/2349\/revisions\/2359"}],"wp:featuredmedia":[{"embeddable":true,"href":"http:\/\/nakanarach.pl\/index.php\/wp-json\/wp\/v2\/media\/2350"}],"wp:attachment":[{"href":"http:\/\/nakanarach.pl\/index.php\/wp-json\/wp\/v2\/media?parent=2349"}],"wp:term":[{"taxonomy":"category","embeddable":true,"href":"http:\/\/nakanarach.pl\/index.php\/wp-json\/wp\/v2\/categories?post=2349"},{"taxonomy":"post_tag","embeddable":true,"href":"http:\/\/nakanarach.pl\/index.php\/wp-json\/wp\/v2\/tags?post=2349"}],"curies":[{"name":"wp","href":"https:\/\/api.w.org\/{rel}","templated":true}]}}