{"id":2433,"date":"2021-08-19T13:28:41","date_gmt":"2021-08-19T12:28:41","guid":{"rendered":"http:\/\/nakanarach.pl\/?p=2433"},"modified":"2021-08-20T12:43:08","modified_gmt":"2021-08-20T11:43:08","slug":"smierc-na-skuterze-wodnym","status":"publish","type":"post","link":"http:\/\/nakanarach.pl\/index.php\/2021\/08\/19\/smierc-na-skuterze-wodnym\/","title":{"rendered":"\u015aMIER\u0106 NA SKUTERZE WODNYM I W JASKINI"},"content":{"rendered":"\n<p><strong>Do tragicznego w skutkach wypadku dosz\u0142o podczas jazdy skuterem wodnym w okolicach Pasito Blanco na Gran Canarii. <\/strong><\/p>\n\n\n\n<p>Do wypadku dosz\u0142o, kiedy dwa skutery wodne zderzy\u0142y si\u0119 w pobli\u017cu wybrze\u017ca. S\u0142u\u017cby ratunkowe informuj\u0105, \u017ce na miejscu zgin\u0105\u0142 43-letni m\u0119\u017cczyzna, pochodz\u0105cy z Francji. Do szpitala trafi\u0142a 47-letnia kobieta pochodzenia francuskiego, kt\u00f3ra  dozna\u0142a umiarkowanego urazu g\u0142owy\u00a0zosta\u0142a przetransportowana karetk\u0105 ratunkow\u0105 z SUC do o\u015brodka zdrowia w Maspalomas. Opieki medycznej wymaga\u0142 te\u017c 17-letni ch\u0142opak francuskiego pochodzenia, kt\u00f3ry dozna\u0142 lekkiego ataku l\u0119kowego i zosta\u0142 przewieziony do tego samego szpitala.<\/p>\n\n\n\n<p><strong>AKTUALIZACJA 20.08.2021: <\/strong><\/p>\n\n\n\n<p>Na Teneryfie s\u0142u\u017cby ratunkowe poinformowa\u0142y, \u017ce po wielu godzinach poszukiwa\u0144 znalaz\u0142y zw\u0142oki zaginionego, kt\u00f3ry wcze\u015bniej k\u0105pa\u0142 si\u0119 w morzu przy jaskini w Puerto del Santiago. Wcze\u015bniej ratownikom uda\u0142o si\u0119 z oceanu trzy osoby, kt\u00f3re znalaz\u0142y si\u0119 w niebezpiecze\u0144stwie w rejonie jaskini El Tanc\u00f3n, w Santiago del Teide, na zachodnim wybrze\u017cu wyspy, w tym kobiet\u0119 w stanie krytycznym. Ta jaskinia ma wyj\u0105tkowo silne pr\u0105dy morskie i fale, dlatego s\u0105 tam ostrze\u017cenia, aby nie p\u0142ywa\u0107 w tym miejscu ze wzgl\u0119du na du\u017ce zagro\u017cenie utraty \u017cycia. <\/p>\n\n\n\n<p><em><strong>Foto:<\/strong> <strong>Archiwum nakanarach.pl<\/strong><\/em><\/p>\n","protected":false},"excerpt":{"rendered":"<p>Do tragicznego w skutkach wypadku dosz\u0142o podczas jazdy skuterem wodnym w okolicach Pasito Blanco na Gran Canarii. Do wypadku dosz\u0142o, kiedy dwa skutery wodne zderzy\u0142y si\u0119 w pobli\u017cu wybrze\u017ca. S\u0142u\u017cby ratunkowe informuj\u0105, \u017ce na miejscu zgin\u0105\u0142 43-letni m\u0119\u017cczyzna, pochodz\u0105cy z Francji. Do szpitala trafi\u0142a 47-letnia kobieta pochodzenia francuskiego, kt\u00f3ra dozna\u0142a umiarkowanego urazu g\u0142owy\u00a0zosta\u0142a przetransportowana karetk\u0105 [&hellip;]<\/p>\n","protected":false},"author":2,"featured_media":2434,"comment_status":"closed","ping_status":"open","sticky":false,"template":"","format":"standard","meta":{"om_disable_all_campaigns":false,"_monsterinsights_skip_tracking":false,"_monsterinsights_sitenote_active":false,"_monsterinsights_sitenote_note":"","_monsterinsights_sitenote_category":0,"footnotes":""},"categories":[12,78],"tags":[],"class_list":["post-2433","post","type-post","status-publish","format-standard","has-post-thumbnail","hentry","category-aktualnosci","category-interwencje"],"aioseo_notices":[],"blog_post_layout_featured_media_urls":{"thumbnail":["http:\/\/nakanarach.pl\/wp-content\/uploads\/2021\/08\/20210508_173256-150x150.jpg",150,150,true],"full":["http:\/\/nakanarach.pl\/wp-content\/uploads\/2021\/08\/20210508_173256-scaled.jpg",2560,1920,false]},"categories_names":{"12":{"name":"Aktualno\u015bci","link":"http:\/\/nakanarach.pl\/index.php\/category\/aktualnosci\/"},"78":{"name":"Interwencje","link":"http:\/\/nakanarach.pl\/index.php\/category\/interwencje\/"}},"tags_names":[],"comments_number":"0","wpmagazine_modules_lite_featured_media_urls":{"thumbnail":["http:\/\/nakanarach.pl\/wp-content\/uploads\/2021\/08\/20210508_173256-150x150.jpg",150,150,true],"cvmm-medium":["http:\/\/nakanarach.pl\/wp-content\/uploads\/2021\/08\/20210508_173256-300x300.jpg",300,300,true],"cvmm-medium-plus":["http:\/\/nakanarach.pl\/wp-content\/uploads\/2021\/08\/20210508_173256-305x207.jpg",305,207,true],"cvmm-portrait":["http:\/\/nakanarach.pl\/wp-content\/uploads\/2021\/08\/20210508_173256-400x600.jpg",400,600,true],"cvmm-medium-square":["http:\/\/nakanarach.pl\/wp-content\/uploads\/2021\/08\/20210508_173256-600x600.jpg",600,600,true],"cvmm-large":["http:\/\/nakanarach.pl\/wp-content\/uploads\/2021\/08\/20210508_173256-1024x1024.jpg",1024,1024,true],"cvmm-small":["http:\/\/nakanarach.pl\/wp-content\/uploads\/2021\/08\/20210508_173256-130x95.jpg",130,95,true],"full":["http:\/\/nakanarach.pl\/wp-content\/uploads\/2021\/08\/20210508_173256-scaled.jpg",2560,1920,false]},"_links":{"self":[{"href":"http:\/\/nakanarach.pl\/index.php\/wp-json\/wp\/v2\/posts\/2433","targetHints":{"allow":["GET"]}}],"collection":[{"href":"http:\/\/nakanarach.pl\/index.php\/wp-json\/wp\/v2\/posts"}],"about":[{"href":"http:\/\/nakanarach.pl\/index.php\/wp-json\/wp\/v2\/types\/post"}],"author":[{"embeddable":true,"href":"http:\/\/nakanarach.pl\/index.php\/wp-json\/wp\/v2\/users\/2"}],"replies":[{"embeddable":true,"href":"http:\/\/nakanarach.pl\/index.php\/wp-json\/wp\/v2\/comments?post=2433"}],"version-history":[{"count":3,"href":"http:\/\/nakanarach.pl\/index.php\/wp-json\/wp\/v2\/posts\/2433\/revisions"}],"predecessor-version":[{"id":2451,"href":"http:\/\/nakanarach.pl\/index.php\/wp-json\/wp\/v2\/posts\/2433\/revisions\/2451"}],"wp:featuredmedia":[{"embeddable":true,"href":"http:\/\/nakanarach.pl\/index.php\/wp-json\/wp\/v2\/media\/2434"}],"wp:attachment":[{"href":"http:\/\/nakanarach.pl\/index.php\/wp-json\/wp\/v2\/media?parent=2433"}],"wp:term":[{"taxonomy":"category","embeddable":true,"href":"http:\/\/nakanarach.pl\/index.php\/wp-json\/wp\/v2\/categories?post=2433"},{"taxonomy":"post_tag","embeddable":true,"href":"http:\/\/nakanarach.pl\/index.php\/wp-json\/wp\/v2\/tags?post=2433"}],"curies":[{"name":"wp","href":"https:\/\/api.w.org\/{rel}","templated":true}]}}