{"id":2445,"date":"2021-10-13T20:20:00","date_gmt":"2021-10-13T19:20:00","guid":{"rendered":"http:\/\/nakanarach.pl\/?p=2445"},"modified":"2021-10-16T19:34:12","modified_gmt":"2021-10-16T18:34:12","slug":"baza-polskich-firm-na-wyspach-kanaryjskich","status":"publish","type":"post","link":"http:\/\/nakanarach.pl\/index.php\/2021\/10\/13\/baza-polskich-firm-na-wyspach-kanaryjskich\/","title":{"rendered":"PIERWSZA BAZA POLSKICH FIRM I US\u0141UG NA KANARACH"},"content":{"rendered":"\n<p><strong>Jako pierwsi na Wyspach Kanaryjskich tworzymy baz\u0119 polskich firm i us\u0142ug. Nasz portal z ka\u017cdym dniem zyskuje coraz wi\u0119cej czytelnik\u00f3w, nie tylko w\u015br\u00f3d Polak\u00f3w, gdy\u017c mo\u017cna nas czyta\u0107 w kilku wersjach j\u0119zykowych m.in. polskim, hiszpa\u0144skim, angielskim, niemieckim, w\u0142oskim i du\u0144skim. <\/strong><\/p>\n\n\n\n<p>W ten spos\u00f3b naszym rodakom chcemy u\u0142atwi\u0107 wyszukiwanie polskich fachowc\u00f3w z r\u00f3\u017cnych bran\u017cy, kt\u00f3rzy b\u0119d\u0105 dost\u0119pni w jednym miejscu na naszej stronie internetowej:<\/p>\n\n\n\n<p><blockquote class=\"wp-embedded-content\" data-secret=\"k7qszEIx1y\"><a href=\"https:\/\/nakanarach.pl\/index.php\/dodaj-usluge-firme\/\">Dodaj us\u0142ug\u0119\/firm\u0119<\/a><\/blockquote><iframe class=\"wp-embedded-content\" sandbox=\"allow-scripts\" security=\"restricted\" style=\"position: absolute; clip: rect(1px, 1px, 1px, 1px);\" title=\"&#8222;Dodaj us\u0142ug\u0119\/firm\u0119&#8221; &#8212; nakanarach.pl - Polski Portal i Gazeta na Wyspach Kanaryjskich\" src=\"https:\/\/nakanarach.pl\/index.php\/dodaj-usluge-firme\/embed\/#?secret=vK33ECUgiA#?secret=k7qszEIx1y\" data-secret=\"k7qszEIx1y\" width=\"600\" height=\"338\" frameborder=\"0\" marginwidth=\"0\" marginheight=\"0\" scrolling=\"no\"><\/iframe><\/p>\n\n\n\n<figure class=\"wp-block-embed is-type-wp-embed is-provider-nakanarach-pl-polski-portal-i-gazeta-na-wyspach-kanaryjskich wp-block-embed-nakanarach-pl-polski-portal-i-gazeta-na-wyspach-kanaryjskich\"><div class=\"wp-block-embed__wrapper\">\n<blockquote class=\"wp-embedded-content\" data-secret=\"k7qszEIx1y\"><a href=\"https:\/\/nakanarach.pl\/index.php\/dodaj-usluge-firme\/\">Dodaj us\u0142ug\u0119\/firm\u0119<\/a><\/blockquote><iframe class=\"wp-embedded-content\" sandbox=\"allow-scripts\" security=\"restricted\" style=\"position: absolute; clip: rect(1px, 1px, 1px, 1px);\" title=\"&#8222;Dodaj us\u0142ug\u0119\/firm\u0119&#8221; &#8212; nakanarach.pl - Polski Portal i Gazeta na Wyspach Kanaryjskich\" src=\"https:\/\/nakanarach.pl\/index.php\/dodaj-usluge-firme\/embed\/#?secret=vK33ECUgiA#?secret=k7qszEIx1y\" data-secret=\"k7qszEIx1y\" width=\"600\" height=\"338\" frameborder=\"0\" marginwidth=\"0\" marginheight=\"0\" scrolling=\"no\"><\/iframe>\n<\/div><\/figure>\n\n\n\n<p>Jednocze\u015bnie informujemy, \u017ce ju\u017c przyjmujemy zam\u00f3wienia na reklam\u0119 w pierwszej polskiej i bezp\u0142atnej gazecie adresowanej do polskich turyst\u00f3w, kt\u00f3rzy w najbli\u017cszym czasie planuj\u0105 wakacje na Wyspach Kanaryjskich oraz w\u015br\u00f3d naszych rodak\u00f3w i mieszka\u0144c\u00f3w bezpo\u015brednio na tym archipelagu. Noworoczne wydanie gazety b\u0119dzie kolportowane na lotniskach, w hotelach oraz w polskich sklepach i restauracjach m.in. na Teneryfie, Gran Canarii i Lanzarote.  <\/p>\n\n\n\n<p>Dzi\u0119ki naszym reklamodawcom tre\u015bci na naszym portalu oraz gazeta b\u0119d\u0105 dost\u0119pne bezp\u0142atnie. Do\u0142\u0105cz do grona sponsor\u00f3w, aby wspiera\u0107 w ca\u0142o\u015bci polski produkt i us\u0142ug\u0119 na Wyspach Kanaryjskich!<\/p>\n\n\n\n<p><strong>ZAM\u00d3W REKLAM\u0118 ON-LINE<\/strong>:<\/p>\n\n\n\n<p>e-mail: <strong>nakanarachpl@gmail.com<\/strong><\/p>\n\n\n\n<p>What&#8217;s Upp <strong>tel. +34 644 081 688<\/strong> <\/p>\n\n\n\n<p>  <\/p>\n","protected":false},"excerpt":{"rendered":"<p>Jako pierwsi na Wyspach Kanaryjskich tworzymy baz\u0119 polskich firm i us\u0142ug. Nasz portal z ka\u017cdym dniem zyskuje coraz wi\u0119cej czytelnik\u00f3w, nie tylko w\u015br\u00f3d Polak\u00f3w, gdy\u017c mo\u017cna nas czyta\u0107 w kilku wersjach j\u0119zykowych m.in. polskim, hiszpa\u0144skim, angielskim, niemieckim, w\u0142oskim i du\u0144skim. W ten spos\u00f3b naszym rodakom chcemy u\u0142atwi\u0107 wyszukiwanie polskich fachowc\u00f3w z r\u00f3\u017cnych bran\u017cy, kt\u00f3rzy b\u0119d\u0105 [&hellip;]<\/p>\n","protected":false},"author":2,"featured_media":2446,"comment_status":"closed","ping_status":"open","sticky":false,"template":"","format":"standard","meta":{"om_disable_all_campaigns":false,"_monsterinsights_skip_tracking":false,"_monsterinsights_sitenote_active":false,"_monsterinsights_sitenote_note":"","_monsterinsights_sitenote_category":0,"footnotes":""},"categories":[79],"tags":[],"class_list":["post-2445","post","type-post","status-publish","format-standard","has-post-thumbnail","hentry","category-wiecej-informacji"],"aioseo_notices":[],"blog_post_layout_featured_media_urls":{"thumbnail":["http:\/\/nakanarach.pl\/wp-content\/uploads\/2021\/08\/nakanarach-gazeta-150x150.jpg",150,150,true],"full":["http:\/\/nakanarach.pl\/wp-content\/uploads\/2021\/08\/nakanarach-gazeta-scaled.jpg",1793,2560,false]},"categories_names":{"79":{"name":"Wi\u0119cej informacji","link":"http:\/\/nakanarach.pl\/index.php\/category\/wiecej-informacji\/"}},"tags_names":[],"comments_number":"0","wpmagazine_modules_lite_featured_media_urls":{"thumbnail":["http:\/\/nakanarach.pl\/wp-content\/uploads\/2021\/08\/nakanarach-gazeta-150x150.jpg",150,150,true],"cvmm-medium":["http:\/\/nakanarach.pl\/wp-content\/uploads\/2021\/08\/nakanarach-gazeta-300x300.jpg",300,300,true],"cvmm-medium-plus":["http:\/\/nakanarach.pl\/wp-content\/uploads\/2021\/08\/nakanarach-gazeta-305x207.jpg",305,207,true],"cvmm-portrait":["http:\/\/nakanarach.pl\/wp-content\/uploads\/2021\/08\/nakanarach-gazeta-400x600.jpg",400,600,true],"cvmm-medium-square":["http:\/\/nakanarach.pl\/wp-content\/uploads\/2021\/08\/nakanarach-gazeta-600x600.jpg",600,600,true],"cvmm-large":["http:\/\/nakanarach.pl\/wp-content\/uploads\/2021\/08\/nakanarach-gazeta-1024x1024.jpg",1024,1024,true],"cvmm-small":["http:\/\/nakanarach.pl\/wp-content\/uploads\/2021\/08\/nakanarach-gazeta-130x95.jpg",130,95,true],"full":["http:\/\/nakanarach.pl\/wp-content\/uploads\/2021\/08\/nakanarach-gazeta-scaled.jpg",1793,2560,false]},"_links":{"self":[{"href":"http:\/\/nakanarach.pl\/index.php\/wp-json\/wp\/v2\/posts\/2445","targetHints":{"allow":["GET"]}}],"collection":[{"href":"http:\/\/nakanarach.pl\/index.php\/wp-json\/wp\/v2\/posts"}],"about":[{"href":"http:\/\/nakanarach.pl\/index.php\/wp-json\/wp\/v2\/types\/post"}],"author":[{"embeddable":true,"href":"http:\/\/nakanarach.pl\/index.php\/wp-json\/wp\/v2\/users\/2"}],"replies":[{"embeddable":true,"href":"http:\/\/nakanarach.pl\/index.php\/wp-json\/wp\/v2\/comments?post=2445"}],"version-history":[{"count":8,"href":"http:\/\/nakanarach.pl\/index.php\/wp-json\/wp\/v2\/posts\/2445\/revisions"}],"predecessor-version":[{"id":3033,"href":"http:\/\/nakanarach.pl\/index.php\/wp-json\/wp\/v2\/posts\/2445\/revisions\/3033"}],"wp:featuredmedia":[{"embeddable":true,"href":"http:\/\/nakanarach.pl\/index.php\/wp-json\/wp\/v2\/media\/2446"}],"wp:attachment":[{"href":"http:\/\/nakanarach.pl\/index.php\/wp-json\/wp\/v2\/media?parent=2445"}],"wp:term":[{"taxonomy":"category","embeddable":true,"href":"http:\/\/nakanarach.pl\/index.php\/wp-json\/wp\/v2\/categories?post=2445"},{"taxonomy":"post_tag","embeddable":true,"href":"http:\/\/nakanarach.pl\/index.php\/wp-json\/wp\/v2\/tags?post=2445"}],"curies":[{"name":"wp","href":"https:\/\/api.w.org\/{rel}","templated":true}]}}