{"id":2897,"date":"2021-10-01T09:03:00","date_gmt":"2021-10-01T08:03:00","guid":{"rendered":"http:\/\/nakanarach.pl\/?p=2897"},"modified":"2021-10-04T09:13:52","modified_gmt":"2021-10-04T08:13:52","slug":"nadciagaja-upaly-na-kanary","status":"publish","type":"post","link":"http:\/\/nakanarach.pl\/index.php\/2021\/10\/01\/nadciagaja-upaly-na-kanary\/","title":{"rendered":"FALA UPA\u0141\u00d3W NA KANARACH"},"content":{"rendered":"\n<p><strong>Ostrze\u017cenie zmienia si\u0119 w kolejne ostrze\u017cenia. Najpierw na Wyspach Kanaryjskich mocno wia\u0142o, a od pocz\u0105tku pa\u017adziernika Pa\u0144stwowa Agencja Meteorologiczna (Aemet) ostrzega przed upa\u0142ami na archipelagu. <\/strong><\/p>\n\n\n\n<p>Synoptycy informuj\u0105, \u017ce w ostatnich kilku dniach na Wyspach Kanaryjskich wyst\u0105pi\u0142o 10 najintensywniejszych poryw\u00f3w wiatru odnotowanych w ca\u0142ej Hiszpanii.<\/p>\n\n\n\n<p>W miejscowo\u015bci Arure na La Gomerze wiatr mia\u0142 najsilniejsze porywy do 95 km\/h o godz. 13:20, w La Aldea 91 km\/h osi\u0105gni\u0119to o godz. 3:40 rano, na Gran Canarii w Ag\u00fcimes z 90 km\/h o godz. 2:50 w nocy oraz w P\u00e1jara z 87 km\/h o poranku o godz. 6.50.<\/p>\n\n\n\n<p>Meteorolodzy nadal utrzymuj\u0105 \u017c\u00f3\u0142te ostrze\u017cenie przed zjawiskami przybrze\u017cnymi, z falami o wysoko\u015bci do czterech metr\u00f3w, na wschodnim, po\u0142udniowym i zachodnim wybrze\u017cu Gran Canarii i Teneryfy oraz na ca\u0142ym wybrze\u017cu La Palmy, La Gomery i El Hierro.<\/p>\n\n\n\n<p>Od 1 pa\u017adziernika 2021 roku synoptycy wydali ostrze\u017cenie o upale z \u017c\u00f3\u0142tym alarmem o maksymalnych temperaturach przekraczaj\u0105cych 36 stopni na po\u0142udniu, wschodzie i zachodzie Gran Canarii w godz. od 11-19. B\u0119dzie te\u017c mo\u017cliwa kanaryjska mg\u0142a. <\/p>\n\n\n\n<p>Dodatkowo rz\u0105d Wysp Kanaryjskich, za po\u015brednictwem Generalnej Dyrekcji ds. Bezpiecze\u0144stwa i Sytuacji Kryzysowych, og\u0142osi\u0142 stan ostrze\u017cenia o zagro\u017ceniu po\u017carami las\u00f3w w El Hierro, La Gomera, La Palma, Teneryfa i Gran Canaria od godziny 7 pocz\u0105wszy od dnia 1 pa\u017adziernika.<\/p>\n\n\n\n<p><strong>Foto: nakanarach.pl<\/strong><\/p>\n","protected":false},"excerpt":{"rendered":"<p>Ostrze\u017cenie zmienia si\u0119 w kolejne ostrze\u017cenia. Najpierw na Wyspach Kanaryjskich mocno wia\u0142o, a od pocz\u0105tku pa\u017adziernika Pa\u0144stwowa Agencja Meteorologiczna (Aemet) ostrzega przed upa\u0142ami na archipelagu. Synoptycy informuj\u0105, \u017ce w ostatnich kilku dniach na Wyspach Kanaryjskich wyst\u0105pi\u0142o 10 najintensywniejszych poryw\u00f3w wiatru odnotowanych w ca\u0142ej Hiszpanii. W miejscowo\u015bci Arure na La Gomerze wiatr mia\u0142 najsilniejsze porywy do [&hellip;]<\/p>\n","protected":false},"author":2,"featured_media":2625,"comment_status":"closed","ping_status":"open","sticky":false,"template":"","format":"standard","meta":{"om_disable_all_campaigns":false,"_monsterinsights_skip_tracking":false,"_monsterinsights_sitenote_active":false,"_monsterinsights_sitenote_note":"","_monsterinsights_sitenote_category":0,"footnotes":""},"categories":[81],"tags":[],"class_list":["post-2897","post","type-post","status-publish","format-standard","has-post-thumbnail","hentry","category-pogoda"],"aioseo_notices":[],"blog_post_layout_featured_media_urls":{"thumbnail":["http:\/\/nakanarach.pl\/wp-content\/uploads\/2021\/09\/20210121_164636-150x150.jpg",150,150,true],"full":["http:\/\/nakanarach.pl\/wp-content\/uploads\/2021\/09\/20210121_164636-scaled.jpg",2560,1440,false]},"categories_names":{"81":{"name":"Pogoda","link":"http:\/\/nakanarach.pl\/index.php\/category\/turystyka\/pogoda\/"}},"tags_names":[],"comments_number":"0","wpmagazine_modules_lite_featured_media_urls":{"thumbnail":["http:\/\/nakanarach.pl\/wp-content\/uploads\/2021\/09\/20210121_164636-150x150.jpg",150,150,true],"cvmm-medium":["http:\/\/nakanarach.pl\/wp-content\/uploads\/2021\/09\/20210121_164636-300x300.jpg",300,300,true],"cvmm-medium-plus":["http:\/\/nakanarach.pl\/wp-content\/uploads\/2021\/09\/20210121_164636-305x207.jpg",305,207,true],"cvmm-portrait":["http:\/\/nakanarach.pl\/wp-content\/uploads\/2021\/09\/20210121_164636-400x600.jpg",400,600,true],"cvmm-medium-square":["http:\/\/nakanarach.pl\/wp-content\/uploads\/2021\/09\/20210121_164636-600x600.jpg",600,600,true],"cvmm-large":["http:\/\/nakanarach.pl\/wp-content\/uploads\/2021\/09\/20210121_164636-1024x1024.jpg",1024,1024,true],"cvmm-small":["http:\/\/nakanarach.pl\/wp-content\/uploads\/2021\/09\/20210121_164636-130x95.jpg",130,95,true],"full":["http:\/\/nakanarach.pl\/wp-content\/uploads\/2021\/09\/20210121_164636-scaled.jpg",2560,1440,false]},"_links":{"self":[{"href":"http:\/\/nakanarach.pl\/index.php\/wp-json\/wp\/v2\/posts\/2897","targetHints":{"allow":["GET"]}}],"collection":[{"href":"http:\/\/nakanarach.pl\/index.php\/wp-json\/wp\/v2\/posts"}],"about":[{"href":"http:\/\/nakanarach.pl\/index.php\/wp-json\/wp\/v2\/types\/post"}],"author":[{"embeddable":true,"href":"http:\/\/nakanarach.pl\/index.php\/wp-json\/wp\/v2\/users\/2"}],"replies":[{"embeddable":true,"href":"http:\/\/nakanarach.pl\/index.php\/wp-json\/wp\/v2\/comments?post=2897"}],"version-history":[{"count":4,"href":"http:\/\/nakanarach.pl\/index.php\/wp-json\/wp\/v2\/posts\/2897\/revisions"}],"predecessor-version":[{"id":2927,"href":"http:\/\/nakanarach.pl\/index.php\/wp-json\/wp\/v2\/posts\/2897\/revisions\/2927"}],"wp:featuredmedia":[{"embeddable":true,"href":"http:\/\/nakanarach.pl\/index.php\/wp-json\/wp\/v2\/media\/2625"}],"wp:attachment":[{"href":"http:\/\/nakanarach.pl\/index.php\/wp-json\/wp\/v2\/media?parent=2897"}],"wp:term":[{"taxonomy":"category","embeddable":true,"href":"http:\/\/nakanarach.pl\/index.php\/wp-json\/wp\/v2\/categories?post=2897"},{"taxonomy":"post_tag","embeddable":true,"href":"http:\/\/nakanarach.pl\/index.php\/wp-json\/wp\/v2\/tags?post=2897"}],"curies":[{"name":"wp","href":"https:\/\/api.w.org\/{rel}","templated":true}]}}