{"id":3192,"date":"2021-11-05T12:14:00","date_gmt":"2021-11-05T12:14:00","guid":{"rendered":"http:\/\/nakanarach.pl\/?p=3192"},"modified":"2021-11-17T15:35:16","modified_gmt":"2021-11-17T15:35:16","slug":"7-imigrantow-zginelo-w-oceanie","status":"publish","type":"post","link":"http:\/\/nakanarach.pl\/index.php\/2021\/11\/05\/7-imigrantow-zginelo-w-oceanie\/","title":{"rendered":"7 IMIGRANT\u00d3W ZGIN\u0118\u0141O W OCEANIE"},"content":{"rendered":"\n<p><strong>Minimum czworo ma\u0142ych dzieci, m\u0119\u017cczyzna i dwie kobiety zmar\u0142y podczas przeprawy pater\u0105 z Afryki na Wyspy Kanaryjskie.  Hiszpa\u0144ska policja ustali\u0142a, \u017ce<\/strong> <strong>organizatorzy tej ryzykownej wyprawy mieli zapas jedzenia i wody na zaledwie trzy dni, ale sp\u0119dzili na Oceanie Atlantyckim w sumie dziesi\u0119\u0107 z powodu braku paliwa i z\u0142ych warunk\u00f3w na morzu.<\/strong> <strong>Policja zatrzyma\u0142a podejrzanych o przemyt ludzi do Hiszpanii. <\/strong><\/p>\n\n\n\n<p>Ponad 40 uczestnik\u00f3w wyprawy zosta\u0142o uratowanych 200 kilometr\u00f3w od wybrze\u017ca Gran Canarii. Byli skrajnie wyczerpani i bez si\u0142, aby wsta\u0107.<\/p>\n\n\n\n<p>Podczas akcji ratunkowej za\u0142oga \u015bmig\u0142owca pilnie ewakuowa\u0142a osiem os\u00f3b w najci\u0119\u017cszym stanie: m\u0119\u017cczyzn\u0119, kobiet\u0119, dwoje niemowl\u0105t i czw\u00f3rk\u0119 dzieci, z kt\u00f3rych jedno zmar\u0142o przed dotarciem na l\u0105d.<\/p>\n\n\n\n<p>Uczestnicy wyprawy nie potrafi\u0105 wskaza\u0107, ile os\u00f3b faktycznie by\u0142o na paterze, kt\u00f3ra wyp\u0142yn\u0119\u0142a z miejscowo\u015bci Dakhla w Maroku. \u015aledczy ustalili, \u017ce p\u0142yn\u0105cy pater\u0105, gdy sko\u0144czy\u0142o si\u0119 paliwo, \u017cywno\u015b\u0107 i woda oraz zgubili si\u0119 na Atlantyku, musieli pi\u0107 mocz i wod\u0119 morsk\u0105, aby prze\u017cy\u0107.<\/p>\n\n\n\n<p>Wiadomo ju\u017c, \u017ce pierwszy zgin\u0105\u0142 cz\u0142owiek, kt\u00f3ry wypad\u0142 za burt\u0119, dw\u00f3ch \u015bwiadk\u00f3w zezna\u0142o, \u017ce inni pr\u00f3bowali mu pom\u00f3c wr\u00f3ci\u0107 na pok\u0142ad, ale by\u0142o to niemo\u017cliwe ze wzgl\u0119du na trudne warunki panuj\u0105ce na morzu. <\/p>\n\n\n\n<p>Organizatorzy patery rzekomo mieli pobiera\u0107 od nielegalnych imigrant\u00f3w za przepraw\u0119 do Europy kwoty od 1500 do 1800 euro. <\/p>\n\n\n\n<p class=\"has-vivid-red-color has-text-color\"><strong>AKTUALIZACJA 8.11.2021: <\/strong><\/p>\n\n\n\n<p>Agenci policji krajowej aresztowali w Las Palmas de Gran Canaria\u00a07 m\u0119\u017cczyzn w wieku od 18 do 38 lat jako rzekomych sprawc\u00f3w przest\u0119pstw sprzyjaj\u0105cych nielegalnej imigracji i doprowadzeniu do \u015bmierci podczas przepraw z Afryki trzech \u0142odzi, kt\u00f3rymi pomi\u0119dzy sierpniem a pa\u017adziernikiem 2021 roku podr\u00f3\u017cowali na Gran Canari\u0119 wraz z 127 innymi imigrantami, z kt\u00f3rych o\u015bmiu zmar\u0142o, w tym nieletni i kobieta. <\/p>\n\n\n\n<p><strong>AKTUALIZACJA 17.11.2021<\/strong><\/p>\n\n\n\n<p>W po\u0142owie listopada na tzw. szlaku kanaryjskim zgin\u0119\u0142o 8 os\u00f3b i wci\u0105\u017c nic nie wiadomo o zaginionej paterze z kolejnymi 55 osobami, kt\u00f3ra zagin\u0119\u0142a na Atlantyku w tym samym miesi\u0105cu.  \u0141\u0105cznie wed\u0142ug oficjalnych statystyk podczas przeprawy przez Ocean zgin\u0119\u0142o ponad 800 imigrant\u00f3w z Afryki. Nie wiadomo jednak, ile faktycznie os\u00f3b zgin\u0119\u0142o na morzu, bo cz\u0119sto organizatorzy i uczestnicy niebezpiecznych wypraw milcz\u0105 na ten temat. <\/p>\n\n\n\n<p>Foto: Archiwum Twitter\/<em>Salvamento Mar\u00edtimo<\/em><\/p>\n","protected":false},"excerpt":{"rendered":"<p>Minimum czworo ma\u0142ych dzieci, m\u0119\u017cczyzna i dwie kobiety zmar\u0142y podczas przeprawy pater\u0105 z Afryki na Wyspy Kanaryjskie. Hiszpa\u0144ska policja ustali\u0142a, \u017ce organizatorzy tej ryzykownej wyprawy mieli zapas jedzenia i wody na zaledwie trzy dni, ale sp\u0119dzili na Oceanie Atlantyckim w sumie dziesi\u0119\u0107 z powodu braku paliwa i z\u0142ych warunk\u00f3w na morzu. Policja zatrzyma\u0142a podejrzanych o [&hellip;]<\/p>\n","protected":false},"author":4,"featured_media":2713,"comment_status":"closed","ping_status":"open","sticky":false,"template":"","format":"standard","meta":{"om_disable_all_campaigns":false,"_monsterinsights_skip_tracking":false,"_monsterinsights_sitenote_active":false,"_monsterinsights_sitenote_note":"","_monsterinsights_sitenote_category":0,"footnotes":""},"categories":[12],"tags":[],"class_list":["post-3192","post","type-post","status-publish","format-standard","has-post-thumbnail","hentry","category-aktualnosci"],"aioseo_notices":[],"blog_post_layout_featured_media_urls":{"thumbnail":["http:\/\/nakanarach.pl\/wp-content\/uploads\/2021\/09\/Imigranci-Twitter-Salvamento-Martimo-150x150.jpg",150,150,true],"full":["http:\/\/nakanarach.pl\/wp-content\/uploads\/2021\/09\/Imigranci-Twitter-Salvamento-Martimo.jpg",525,680,false]},"categories_names":{"12":{"name":"Aktualno\u015bci","link":"http:\/\/nakanarach.pl\/index.php\/category\/aktualnosci\/"}},"tags_names":[],"comments_number":"0","wpmagazine_modules_lite_featured_media_urls":{"thumbnail":["http:\/\/nakanarach.pl\/wp-content\/uploads\/2021\/09\/Imigranci-Twitter-Salvamento-Martimo-150x150.jpg",150,150,true],"cvmm-medium":["http:\/\/nakanarach.pl\/wp-content\/uploads\/2021\/09\/Imigranci-Twitter-Salvamento-Martimo-300x300.jpg",300,300,true],"cvmm-medium-plus":["http:\/\/nakanarach.pl\/wp-content\/uploads\/2021\/09\/Imigranci-Twitter-Salvamento-Martimo-305x207.jpg",305,207,true],"cvmm-portrait":["http:\/\/nakanarach.pl\/wp-content\/uploads\/2021\/09\/Imigranci-Twitter-Salvamento-Martimo-400x600.jpg",400,600,true],"cvmm-medium-square":["http:\/\/nakanarach.pl\/wp-content\/uploads\/2021\/09\/Imigranci-Twitter-Salvamento-Martimo-525x600.jpg",525,600,true],"cvmm-large":["http:\/\/nakanarach.pl\/wp-content\/uploads\/2021\/09\/Imigranci-Twitter-Salvamento-Martimo.jpg",525,680,false],"cvmm-small":["http:\/\/nakanarach.pl\/wp-content\/uploads\/2021\/09\/Imigranci-Twitter-Salvamento-Martimo-130x95.jpg",130,95,true],"full":["http:\/\/nakanarach.pl\/wp-content\/uploads\/2021\/09\/Imigranci-Twitter-Salvamento-Martimo.jpg",525,680,false]},"_links":{"self":[{"href":"http:\/\/nakanarach.pl\/index.php\/wp-json\/wp\/v2\/posts\/3192","targetHints":{"allow":["GET"]}}],"collection":[{"href":"http:\/\/nakanarach.pl\/index.php\/wp-json\/wp\/v2\/posts"}],"about":[{"href":"http:\/\/nakanarach.pl\/index.php\/wp-json\/wp\/v2\/types\/post"}],"author":[{"embeddable":true,"href":"http:\/\/nakanarach.pl\/index.php\/wp-json\/wp\/v2\/users\/4"}],"replies":[{"embeddable":true,"href":"http:\/\/nakanarach.pl\/index.php\/wp-json\/wp\/v2\/comments?post=3192"}],"version-history":[{"count":5,"href":"http:\/\/nakanarach.pl\/index.php\/wp-json\/wp\/v2\/posts\/3192\/revisions"}],"predecessor-version":[{"id":3294,"href":"http:\/\/nakanarach.pl\/index.php\/wp-json\/wp\/v2\/posts\/3192\/revisions\/3294"}],"wp:featuredmedia":[{"embeddable":true,"href":"http:\/\/nakanarach.pl\/index.php\/wp-json\/wp\/v2\/media\/2713"}],"wp:attachment":[{"href":"http:\/\/nakanarach.pl\/index.php\/wp-json\/wp\/v2\/media?parent=3192"}],"wp:term":[{"taxonomy":"category","embeddable":true,"href":"http:\/\/nakanarach.pl\/index.php\/wp-json\/wp\/v2\/categories?post=3192"},{"taxonomy":"post_tag","embeddable":true,"href":"http:\/\/nakanarach.pl\/index.php\/wp-json\/wp\/v2\/tags?post=3192"}],"curies":[{"name":"wp","href":"https:\/\/api.w.org\/{rel}","templated":true}]}}