{"id":3677,"date":"2022-01-10T09:43:00","date_gmt":"2022-01-10T09:43:00","guid":{"rendered":"https:\/\/nakanarach.pl\/?p=3677"},"modified":"2022-01-10T09:43:27","modified_gmt":"2022-01-10T09:43:27","slug":"smierc-4-tys-imigrantow-na-oceanie","status":"publish","type":"post","link":"http:\/\/nakanarach.pl\/index.php\/2022\/01\/10\/smierc-4-tys-imigrantow-na-oceanie\/","title":{"rendered":"\u015aMIER\u0106 4 TYS. IMIGRANT\u00d3W NA OCEANIE"},"content":{"rendered":"\n<p><strong>Przera\u017caj\u0105ce statystki przepraw nielegalnych imigrant\u00f3w z Afryki na Wyspy Kanaryjskie. Wed\u0142ug statystyk 4404 osoby zmar\u0142y lub znikn\u0119\u0142y na morzu pr\u00f3buj\u0105c dotrze\u0107 do hiszpa\u0144skiego wybrze\u017ca w 2021 r., z czego 4016 na wyj\u0105tkowo niebezpiecznym ze wzgl\u0119du na silne pr\u0105dy morskie \u201eSzlaku Kanaryjskim\u201d.\u00a0Wed\u0142ug raportu organizacji pozarz\u0105dowej Caminando Fronteras to wzrost o 102% w stosunku do roku 2020.<\/strong> <\/p>\n\n\n\n<p>Wed\u0142ug danych w\u015br\u00f3d zmar\u0142ych lub zaginionych jest 628 kobiet i 205 nieletnich, w\u015br\u00f3d kt\u00f3rych s\u0105 osoby 21 narodowo\u015bci. <\/p>\n\n\n\n<p>\u200bNajtragiczniejszym miesi\u0105cem by\u0142 sierpie\u0144, z ponad 660 ofiarami na morzu, a tak\u017ce tygodnie na prze\u0142omie maja i czerwca, w kt\u00f3rych zanotowano \u015bmier\u0107 lub zagini\u0119cie 482 os\u00f3b. <\/p>\n\n\n\n<p>Wed\u0142ug danych opublikowanych przez Ministerstwo Spraw Wewn\u0119trznych liczba nielegalnych imigrant\u00f3w do Hiszpanii drog\u0105 morsk\u0105 w 2021 r.  wynios\u0142a 37 387 os\u00f3b, w por\u00f3wnaniu z 38 014 w 2020 r. Statystycznie ka\u017cdego dnia przybywa ponad 100 nielegalnych imigrant\u00f3w. <\/p>\n\n\n\n<p>Obecnie w\u0142adze nie kwateruj\u0105 ich w ekskluzywnych hotelach w turystycznych kurortach, co budzi\u0142o protesty lokalnych w\u0142adz, mieszka\u0144c\u00f3w i zagranicznych turyst\u00f3w, kt\u00f3rzy narzekali na uci\u0105\u017cliwe s\u0105siedztwo. Teraz imigranci kierowani s\u0105 do specjalnych o\u015brodk\u00f3w na archipelagu, a cz\u0119\u015b\u0107 trafia na p\u00f3\u0142wysep do kontynentalnej Hiszpanii. Wielu z nich z\u0142o\u017cy\u0142o wnioski o azyl, jednak w\u0142adze podkre\u015blaj\u0105, \u017ce cz\u0119sto s\u0105 to imigranci ekonomiczni i nie uciekaj\u0105 ze swoich kraj\u00f3w przed wojn\u0105 lub prze\u015bladowaniami. <\/p>\n\n\n\n<p>Foto: Salvamento Mar\u00edtimo<\/p>\n","protected":false},"excerpt":{"rendered":"<p>Przera\u017caj\u0105ce statystki przepraw nielegalnych imigrant\u00f3w z Afryki na Wyspy Kanaryjskie. Wed\u0142ug statystyk 4404 osoby zmar\u0142y lub znikn\u0119\u0142y na morzu pr\u00f3buj\u0105c dotrze\u0107 do hiszpa\u0144skiego wybrze\u017ca w 2021 r., z czego 4016 na wyj\u0105tkowo niebezpiecznym ze wzgl\u0119du na silne pr\u0105dy morskie \u201eSzlaku Kanaryjskim\u201d.\u00a0Wed\u0142ug raportu organizacji pozarz\u0105dowej Caminando Fronteras to wzrost o 102% w stosunku do roku 2020. [&hellip;]<\/p>\n","protected":false},"author":4,"featured_media":3702,"comment_status":"closed","ping_status":"open","sticky":false,"template":"","format":"standard","meta":{"om_disable_all_campaigns":false,"_monsterinsights_skip_tracking":false,"_monsterinsights_sitenote_active":false,"_monsterinsights_sitenote_note":"","_monsterinsights_sitenote_category":0,"footnotes":""},"categories":[12],"tags":[],"class_list":["post-3677","post","type-post","status-publish","format-standard","has-post-thumbnail","hentry","category-aktualnosci"],"aioseo_notices":[],"blog_post_layout_featured_media_urls":{"thumbnail":["http:\/\/nakanarach.pl\/wp-content\/uploads\/2022\/01\/Imigranci-na-lodzi-FB-Salvamento-Maritimo-150x150.jpg",150,150,true],"full":["http:\/\/nakanarach.pl\/wp-content\/uploads\/2022\/01\/Imigranci-na-lodzi-FB-Salvamento-Maritimo.jpg",600,450,false]},"categories_names":{"12":{"name":"Aktualno\u015bci","link":"http:\/\/nakanarach.pl\/index.php\/category\/aktualnosci\/"}},"tags_names":[],"comments_number":"0","wpmagazine_modules_lite_featured_media_urls":{"thumbnail":["http:\/\/nakanarach.pl\/wp-content\/uploads\/2022\/01\/Imigranci-na-lodzi-FB-Salvamento-Maritimo-150x150.jpg",150,150,true],"cvmm-medium":["http:\/\/nakanarach.pl\/wp-content\/uploads\/2022\/01\/Imigranci-na-lodzi-FB-Salvamento-Maritimo-300x300.jpg",300,300,true],"cvmm-medium-plus":["http:\/\/nakanarach.pl\/wp-content\/uploads\/2022\/01\/Imigranci-na-lodzi-FB-Salvamento-Maritimo-305x207.jpg",305,207,true],"cvmm-portrait":["http:\/\/nakanarach.pl\/wp-content\/uploads\/2022\/01\/Imigranci-na-lodzi-FB-Salvamento-Maritimo-400x450.jpg",400,450,true],"cvmm-medium-square":["http:\/\/nakanarach.pl\/wp-content\/uploads\/2022\/01\/Imigranci-na-lodzi-FB-Salvamento-Maritimo.jpg",600,450,false],"cvmm-large":["http:\/\/nakanarach.pl\/wp-content\/uploads\/2022\/01\/Imigranci-na-lodzi-FB-Salvamento-Maritimo.jpg",600,450,false],"cvmm-small":["http:\/\/nakanarach.pl\/wp-content\/uploads\/2022\/01\/Imigranci-na-lodzi-FB-Salvamento-Maritimo-130x95.jpg",130,95,true],"full":["http:\/\/nakanarach.pl\/wp-content\/uploads\/2022\/01\/Imigranci-na-lodzi-FB-Salvamento-Maritimo.jpg",600,450,false]},"_links":{"self":[{"href":"http:\/\/nakanarach.pl\/index.php\/wp-json\/wp\/v2\/posts\/3677","targetHints":{"allow":["GET"]}}],"collection":[{"href":"http:\/\/nakanarach.pl\/index.php\/wp-json\/wp\/v2\/posts"}],"about":[{"href":"http:\/\/nakanarach.pl\/index.php\/wp-json\/wp\/v2\/types\/post"}],"author":[{"embeddable":true,"href":"http:\/\/nakanarach.pl\/index.php\/wp-json\/wp\/v2\/users\/4"}],"replies":[{"embeddable":true,"href":"http:\/\/nakanarach.pl\/index.php\/wp-json\/wp\/v2\/comments?post=3677"}],"version-history":[{"count":2,"href":"http:\/\/nakanarach.pl\/index.php\/wp-json\/wp\/v2\/posts\/3677\/revisions"}],"predecessor-version":[{"id":3703,"href":"http:\/\/nakanarach.pl\/index.php\/wp-json\/wp\/v2\/posts\/3677\/revisions\/3703"}],"wp:featuredmedia":[{"embeddable":true,"href":"http:\/\/nakanarach.pl\/index.php\/wp-json\/wp\/v2\/media\/3702"}],"wp:attachment":[{"href":"http:\/\/nakanarach.pl\/index.php\/wp-json\/wp\/v2\/media?parent=3677"}],"wp:term":[{"taxonomy":"category","embeddable":true,"href":"http:\/\/nakanarach.pl\/index.php\/wp-json\/wp\/v2\/categories?post=3677"},{"taxonomy":"post_tag","embeddable":true,"href":"http:\/\/nakanarach.pl\/index.php\/wp-json\/wp\/v2\/tags?post=3677"}],"curies":[{"name":"wp","href":"https:\/\/api.w.org\/{rel}","templated":true}]}}