{"id":3686,"date":"2022-02-23T01:31:00","date_gmt":"2022-02-23T01:31:00","guid":{"rendered":"https:\/\/nakanarach.pl\/?p=3686"},"modified":"2022-03-08T15:13:47","modified_gmt":"2022-03-08T15:13:47","slug":"nowa-kladka-nad-oceanem","status":"publish","type":"post","link":"http:\/\/nakanarach.pl\/index.php\/2022\/02\/23\/nowa-kladka-nad-oceanem\/","title":{"rendered":"NOWA K\u0141ADKA NAD OCEANEM"},"content":{"rendered":"\n<p><strong>Rada Teneryfy zako\u0144czy\u0142a prace nad drewnianym chodnikiem, kt\u00f3ry \u0142\u0105czy Playa de San Blas z Los Abrigos i Paseo Maritimo de San Miguel de Abona.&nbsp;<\/strong><\/p>\n\n\n\n<p>Chodnik ma 930 metr\u00f3w d\u0142ugo\u015bci i 2,5 metra szeroko\u015bci, a ich ostateczny bud\u017cet wyni\u00f3s\u0142 1 374 984,32 euro, sfinansowany w 70 % przez instytucj\u0119 wyspiarsk\u0105, podczas gdy gminy San Miguel de Abona i Granadilla de Abona wnios\u0142y po 15%.&nbsp;Projekt by\u0142 oczekiwany przez sektor turystyczny, jak i mieszka\u0144c\u00f3w obu gmin, kt\u00f3rzy codziennie doje\u017cd\u017caj\u0105 na wybrze\u017ce, aby cieszy\u0107 si\u0119 terenami rekreacyjnymi lub uprawia\u0107 sport.<\/p>\n\n\n\n<p>Wzd\u0142u\u017c drewnianego chodnika zainstalowano dwa mosty, kt\u00f3re przecinaj\u0105 dwa w\u0105wozy w okolicy, co usprawni\u0142o ruch pieszych.&nbsp;Dzie\u0142o ma r\u00f3wnie\u017c pi\u0119\u0107 miejsc odpoczynku z meblami miejskimi i drewnianymi baldachimami oraz punkt widokowy i plac przed pla\u017c\u0105 Los Abrigos.<\/p>\n\n\n\n<p>Foto: sanmigueldeabona.es<\/p>\n","protected":false},"excerpt":{"rendered":"<p>Rada Teneryfy zako\u0144czy\u0142a prace nad drewnianym chodnikiem, kt\u00f3ry \u0142\u0105czy Playa de San Blas z Los Abrigos i Paseo Maritimo de San Miguel de Abona.&nbsp; Chodnik ma 930 metr\u00f3w d\u0142ugo\u015bci i 2,5 metra szeroko\u015bci, a ich ostateczny bud\u017cet wyni\u00f3s\u0142 1 374 984,32 euro, sfinansowany w 70 % przez instytucj\u0119 wyspiarsk\u0105, podczas gdy gminy San Miguel de [&hellip;]<\/p>\n","protected":false},"author":4,"featured_media":3688,"comment_status":"closed","ping_status":"open","sticky":false,"template":"","format":"standard","meta":{"om_disable_all_campaigns":false,"_monsterinsights_skip_tracking":false,"_monsterinsights_sitenote_active":false,"_monsterinsights_sitenote_note":"","_monsterinsights_sitenote_category":0,"footnotes":""},"categories":[20],"tags":[],"class_list":["post-3686","post","type-post","status-publish","format-standard","has-post-thumbnail","hentry","category-atrakcje"],"aioseo_notices":[],"blog_post_layout_featured_media_urls":{"thumbnail":["http:\/\/nakanarach.pl\/wp-content\/uploads\/2022\/01\/Teneryfa-Nowa-kladka-150x150.jpg",150,150,true],"full":["http:\/\/nakanarach.pl\/wp-content\/uploads\/2022\/01\/Teneryfa-Nowa-kladka.jpg",1200,900,false]},"categories_names":{"20":{"name":"Atrakcje i egzotyka","link":"http:\/\/nakanarach.pl\/index.php\/category\/turystyka\/atrakcje\/"}},"tags_names":[],"comments_number":"0","wpmagazine_modules_lite_featured_media_urls":{"thumbnail":["http:\/\/nakanarach.pl\/wp-content\/uploads\/2022\/01\/Teneryfa-Nowa-kladka-150x150.jpg",150,150,true],"cvmm-medium":["http:\/\/nakanarach.pl\/wp-content\/uploads\/2022\/01\/Teneryfa-Nowa-kladka-300x300.jpg",300,300,true],"cvmm-medium-plus":["http:\/\/nakanarach.pl\/wp-content\/uploads\/2022\/01\/Teneryfa-Nowa-kladka-305x207.jpg",305,207,true],"cvmm-portrait":["http:\/\/nakanarach.pl\/wp-content\/uploads\/2022\/01\/Teneryfa-Nowa-kladka-400x600.jpg",400,600,true],"cvmm-medium-square":["http:\/\/nakanarach.pl\/wp-content\/uploads\/2022\/01\/Teneryfa-Nowa-kladka-600x600.jpg",600,600,true],"cvmm-large":["http:\/\/nakanarach.pl\/wp-content\/uploads\/2022\/01\/Teneryfa-Nowa-kladka-1024x900.jpg",1024,900,true],"cvmm-small":["http:\/\/nakanarach.pl\/wp-content\/uploads\/2022\/01\/Teneryfa-Nowa-kladka-130x95.jpg",130,95,true],"full":["http:\/\/nakanarach.pl\/wp-content\/uploads\/2022\/01\/Teneryfa-Nowa-kladka.jpg",1200,900,false]},"_links":{"self":[{"href":"http:\/\/nakanarach.pl\/index.php\/wp-json\/wp\/v2\/posts\/3686","targetHints":{"allow":["GET"]}}],"collection":[{"href":"http:\/\/nakanarach.pl\/index.php\/wp-json\/wp\/v2\/posts"}],"about":[{"href":"http:\/\/nakanarach.pl\/index.php\/wp-json\/wp\/v2\/types\/post"}],"author":[{"embeddable":true,"href":"http:\/\/nakanarach.pl\/index.php\/wp-json\/wp\/v2\/users\/4"}],"replies":[{"embeddable":true,"href":"http:\/\/nakanarach.pl\/index.php\/wp-json\/wp\/v2\/comments?post=3686"}],"version-history":[{"count":3,"href":"http:\/\/nakanarach.pl\/index.php\/wp-json\/wp\/v2\/posts\/3686\/revisions"}],"predecessor-version":[{"id":4257,"href":"http:\/\/nakanarach.pl\/index.php\/wp-json\/wp\/v2\/posts\/3686\/revisions\/4257"}],"wp:featuredmedia":[{"embeddable":true,"href":"http:\/\/nakanarach.pl\/index.php\/wp-json\/wp\/v2\/media\/3688"}],"wp:attachment":[{"href":"http:\/\/nakanarach.pl\/index.php\/wp-json\/wp\/v2\/media?parent=3686"}],"wp:term":[{"taxonomy":"category","embeddable":true,"href":"http:\/\/nakanarach.pl\/index.php\/wp-json\/wp\/v2\/categories?post=3686"},{"taxonomy":"post_tag","embeddable":true,"href":"http:\/\/nakanarach.pl\/index.php\/wp-json\/wp\/v2\/tags?post=3686"}],"curies":[{"name":"wp","href":"https:\/\/api.w.org\/{rel}","templated":true}]}}