{"id":4165,"date":"2022-02-28T13:14:25","date_gmt":"2022-02-28T13:14:25","guid":{"rendered":"https:\/\/nakanarach.pl\/?p=4165"},"modified":"2022-04-21T15:14:23","modified_gmt":"2022-04-21T14:14:23","slug":"wojna-na-ukrainie-a-jej-wplyw-na-wyspy-kanaryjskie","status":"publish","type":"post","link":"http:\/\/nakanarach.pl\/index.php\/2022\/02\/28\/wojna-na-ukrainie-a-jej-wplyw-na-wyspy-kanaryjskie\/","title":{"rendered":"WOJNA NA UKRAINIE, A JEJ WP\u0141YW NA WYSPY KANARYJSKIE"},"content":{"rendered":"\n<p><strong>Ka\u017cdego dnia media na archipelagu codziennie na czo\u0142\u00f3wkach gazet, portali i telewizji informuj\u0105 o inwazji Rosji na Ukrain\u0119. Prezydent rz\u0105du Wsp\u00f3lnoty Autonomicznej Angel Victor Torres pot\u0119pi\u0142 dzia\u0142ania agresora. W stolicy Teneryfy mieszka\u0144cy, a tak\u017ce Polacy protestowali przeciwko wojnie. Tymczasem na Wyspach przez wojn\u0119 rosn\u0105 niekt\u00f3re ceny. <\/strong><\/p>\n\n\n\n<p>Szef rz\u0105du archipelagu doda\u0142, \u017ce na razie nie wiadomo ile dok\u0142adnie obywateli kanaryjskich przebywa aktualnie na Ukrainie.  Wyrazi\u0142 on r\u00f3wnie\u017c nadziej\u0119, \u017ce niebawem powr\u00f3c\u0105 oni na teren archipelagu. <\/p>\n\n\n\n<p>Ustalono, \u017ce gdy Rosja rozpocz\u0119\u0142a inwazj\u0119, ch\u0142opak z Arucas na Gran Canarii by\u0142 jeszcze mam\u0105 w Charkowie. Z kolei dziecko z Teneryfy by\u0142o w miniony weekend ju\u017c na terenie Polski. <\/p>\n\n\n\n<p>Gazeta Canarias7 pisze, \u017ce s\u0105 to&nbsp;jedyni wyspiarze, o kt\u00f3rych wiadomo, \u017ce nadal przebywaj\u0105 w kraju po tym, jak&nbsp;dw\u00f3ch mieszka\u0144c\u00f3w Moya i Firgas&nbsp;na wyspie Gran Canaria&nbsp;przekroczy\u0142o&nbsp;granic\u0119 w miniony weekend &#8211; poinformowa\u0142 o tym w poniedzia\u0142ek prezydent Wysp Kanaryjskich,&nbsp;\u00c1ngel V\u00edctor Torres, na swoim oficjalnym profilu na Twitterze. Doda\u0142, \u017ce w przypadku nieletnich, regionalny rz\u0105d utrzymuje ca\u0142y czas kontakt z rodzin\u0105.<\/p>\n\n\n\n<p>Gazeta Canarias7 zastanawia si\u0119, w jaki spos\u00f3b, sytuacja w oddalonej o ponad 5 tys. km od Wysp Kanaryjskich Ukrainie mo\u017ce wp\u0142yn\u0105\u0107 na gospodark\u0119 archipelagu. Dziennik pisze, \u017ce cho\u0107 Ukraina jest kluczowym dostawc\u0105 gazu dla Europy, a ta wojna spowodowa\u0142a gwa\u0142towny wzrost cen tego \u017ar\u00f3d\u0142a energii to Wyspy Kanaryjskie nie s\u0105 zaopatrywane w gaz do swoich elektrowni, ale w produkty ropopochodne, a ich koszt r\u00f3wnie\u017c poszybowa\u0142 w g\u00f3r\u0119 na rynku mi\u0119dzynarodowym.&nbsp;Na Wyspach Kanaryjskich zacz\u0119\u0142o dro\u017ce\u0107 paliwo o ok. 6-10 eurocent\u00f3w za litr. <\/p>\n\n\n\n<p>Ukraina ma ma\u0142y wp\u0142yw na kanaryjski rynek turystyczny, cho\u0107 podr\u00f3\u017cowa\u0142o tutaj wi\u0119cej Rosjan, ale i tak znacznie mniej ni\u017c Niemc\u00f3w, Brytyjczyk\u00f3w, Holendr\u00f3w, W\u0142och\u00f3w czy Polak\u00f3w. Wyspy Kanaryjskie straci\u0142y  2901 bezpo\u015brednich miejsc lotniczych z Ukrain\u0105 i Rosj\u0105 planowanych w marcu 2022 z powodu wojny i zamkni\u0119cia przestrzeni powietrznej dla rosyjskich linii lotniczych<\/p>\n\n\n\n<p>Gazeta pisze te\u017c, \u017ce kraje by\u0142ego bloku wschodniego s\u0105 dostawcami zbo\u017ca do po\u0142owy \u015bwiata.&nbsp;Cz\u0119\u015b\u0107 tego ruchu zatrzymuje si\u0119 w Puerto de La Luz i Las Palmas, a Wyspy Kanaryjskie r\u00f3wnie\u017c importuj\u0105 zbo\u017ce.&nbsp;Z punktu widzenia handlu zagranicznego wp\u0142yw na wyspy jest niewielki, cho\u0107 napi\u0119cia inflacyjne na mi\u0119dzynarodowym rynku zbo\u017ca odbijaj\u0105 si\u0119 na gospodarce takiej jak Wyspy Kanaryjskie, kt\u00f3ra jest zale\u017cna z zagranicy w du\u017cej cz\u0119\u015bci produkt\u00f3w konsumpcyjnych.&nbsp;I tak jest w przypadku zb\u00f3\u017c.<\/p>\n\n\n\n<p>4 marca 2022 roku w restauracji Vibe w Costa Adeje na Teneryfie zaplanowano charytatywny koncert Giny Damalfi. A przez ca\u0142y dzie\u0144 ma by\u0107 prowadzona zbi\u00f3rka na rzecz ukrai\u0144skich uchod\u017ac\u00f3w.<\/p>\n\n\n\n<p>Foto: nakanarach.pl<\/p>\n","protected":false},"excerpt":{"rendered":"<p>Ka\u017cdego dnia media na archipelagu codziennie na czo\u0142\u00f3wkach gazet, portali i telewizji informuj\u0105 o inwazji Rosji na Ukrain\u0119. Prezydent rz\u0105du Wsp\u00f3lnoty Autonomicznej Angel Victor Torres pot\u0119pi\u0142 dzia\u0142ania agresora. W stolicy Teneryfy mieszka\u0144cy, a tak\u017ce Polacy protestowali przeciwko wojnie. Tymczasem na Wyspach przez wojn\u0119 rosn\u0105 niekt\u00f3re ceny. Szef rz\u0105du archipelagu doda\u0142, \u017ce na razie nie wiadomo [&hellip;]<\/p>\n","protected":false},"author":4,"featured_media":4166,"comment_status":"closed","ping_status":"open","sticky":false,"template":"","format":"standard","meta":{"om_disable_all_campaigns":false,"_monsterinsights_skip_tracking":false,"_monsterinsights_sitenote_active":false,"_monsterinsights_sitenote_note":"","_monsterinsights_sitenote_category":0,"footnotes":""},"categories":[12,89],"tags":[],"class_list":["post-4165","post","type-post","status-publish","format-standard","has-post-thumbnail","hentry","category-aktualnosci","category-samochody-2"],"aioseo_notices":[],"blog_post_layout_featured_media_urls":{"thumbnail":["http:\/\/nakanarach.pl\/wp-content\/uploads\/2022\/02\/Paliwo-ceny-2022-150x150.jpg",150,150,true],"full":["http:\/\/nakanarach.pl\/wp-content\/uploads\/2022\/02\/Paliwo-ceny-2022-scaled.jpg",2560,1152,false]},"categories_names":{"12":{"name":"Aktualno\u015bci","link":"http:\/\/nakanarach.pl\/index.php\/category\/aktualnosci\/"},"89":{"name":"Samochody","link":"http:\/\/nakanarach.pl\/index.php\/category\/samochody-2\/"}},"tags_names":[],"comments_number":"0","wpmagazine_modules_lite_featured_media_urls":{"thumbnail":["http:\/\/nakanarach.pl\/wp-content\/uploads\/2022\/02\/Paliwo-ceny-2022-150x150.jpg",150,150,true],"cvmm-medium":["http:\/\/nakanarach.pl\/wp-content\/uploads\/2022\/02\/Paliwo-ceny-2022-300x300.jpg",300,300,true],"cvmm-medium-plus":["http:\/\/nakanarach.pl\/wp-content\/uploads\/2022\/02\/Paliwo-ceny-2022-305x207.jpg",305,207,true],"cvmm-portrait":["http:\/\/nakanarach.pl\/wp-content\/uploads\/2022\/02\/Paliwo-ceny-2022-400x600.jpg",400,600,true],"cvmm-medium-square":["http:\/\/nakanarach.pl\/wp-content\/uploads\/2022\/02\/Paliwo-ceny-2022-600x600.jpg",600,600,true],"cvmm-large":["http:\/\/nakanarach.pl\/wp-content\/uploads\/2022\/02\/Paliwo-ceny-2022-1024x1024.jpg",1024,1024,true],"cvmm-small":["http:\/\/nakanarach.pl\/wp-content\/uploads\/2022\/02\/Paliwo-ceny-2022-130x95.jpg",130,95,true],"full":["http:\/\/nakanarach.pl\/wp-content\/uploads\/2022\/02\/Paliwo-ceny-2022-scaled.jpg",2560,1152,false]},"_links":{"self":[{"href":"http:\/\/nakanarach.pl\/index.php\/wp-json\/wp\/v2\/posts\/4165","targetHints":{"allow":["GET"]}}],"collection":[{"href":"http:\/\/nakanarach.pl\/index.php\/wp-json\/wp\/v2\/posts"}],"about":[{"href":"http:\/\/nakanarach.pl\/index.php\/wp-json\/wp\/v2\/types\/post"}],"author":[{"embeddable":true,"href":"http:\/\/nakanarach.pl\/index.php\/wp-json\/wp\/v2\/users\/4"}],"replies":[{"embeddable":true,"href":"http:\/\/nakanarach.pl\/index.php\/wp-json\/wp\/v2\/comments?post=4165"}],"version-history":[{"count":5,"href":"http:\/\/nakanarach.pl\/index.php\/wp-json\/wp\/v2\/posts\/4165\/revisions"}],"predecessor-version":[{"id":4539,"href":"http:\/\/nakanarach.pl\/index.php\/wp-json\/wp\/v2\/posts\/4165\/revisions\/4539"}],"wp:featuredmedia":[{"embeddable":true,"href":"http:\/\/nakanarach.pl\/index.php\/wp-json\/wp\/v2\/media\/4166"}],"wp:attachment":[{"href":"http:\/\/nakanarach.pl\/index.php\/wp-json\/wp\/v2\/media?parent=4165"}],"wp:term":[{"taxonomy":"category","embeddable":true,"href":"http:\/\/nakanarach.pl\/index.php\/wp-json\/wp\/v2\/categories?post=4165"},{"taxonomy":"post_tag","embeddable":true,"href":"http:\/\/nakanarach.pl\/index.php\/wp-json\/wp\/v2\/tags?post=4165"}],"curies":[{"name":"wp","href":"https:\/\/api.w.org\/{rel}","templated":true}]}}