{"id":4517,"date":"2022-03-27T02:09:00","date_gmt":"2022-03-27T02:09:00","guid":{"rendered":"http:\/\/nakanarach.pl\/?p=4517"},"modified":"2022-03-31T08:42:29","modified_gmt":"2022-03-31T07:42:29","slug":"zmiana-czasu","status":"publish","type":"post","link":"http:\/\/nakanarach.pl\/index.php\/2022\/03\/27\/zmiana-czasu\/","title":{"rendered":"ZMIANA CZASU"},"content":{"rendered":"\n<p><strong>W nocy z 26 na 27 marca 2022 roku nast\u0105pi\u0142a zmiana czasu na Wyspach Kanaryjskich z zimowego na letni. <\/strong><\/p>\n\n\n\n<p>Odbywa si\u0119 to tego samego dnia, co w Polsce, czyli zawsze w ostatni\u0105 niedziel\u0119 marca, ale inaczej ni\u017c w naszym kraju. Wskaz\u00f3wki zegar\u00f3w trzeba przesun\u0105\u0107 o godzin\u0119 do przodu, czyli tak\u017ce inaczej ni\u017c u nas &#8211; z godz. 1 na 2. <\/p>\n\n\n\n<p>Strefa czasowa na Wyspach Kanaryjskich r\u00f3\u017cni si\u0119 jednak od strefy hiszpa\u0144skiej. Archipelag wysp oddalony od kontynentalnej Hiszpanii o ok. 1,5 tys. kilometr\u00f3w znajduje si\u0119 w strefie czasowej po\u0142udnika zerowego. Oznacza to, \u017ce wskaz\u00f3wki zegar\u00f3w pokazuj\u0105 tutaj t\u0119 sam\u0105 godzin\u0119, co zegary w Wielkiej Brytanii, Portugalii i Irlandii oraz godzin\u0119 mniej, ni\u017c te w Hiszpanii czy Polsce.<\/p>\n\n\n\n<p>Kolejna zmiana czasu czeka nas jesieni\u0105 2022 roku. W\u00f3wczas zegary na Wyspach Kanaryjskich trzeba przestawi\u0107 z czasu letniego na zimowy. Odbywa si\u0119 to zawsze w ostatni\u0105 niedziel\u0119 pa\u017adziernika. Wtedy w Hiszpanii przestawiamy zegarki o godzin\u0119 do ty\u0142u.<\/p>\n\n\n\n<p>Foto: nakanarach.pl<\/p>\n","protected":false},"excerpt":{"rendered":"<p>W nocy z 26 na 27 marca 2022 roku nast\u0105pi\u0142a zmiana czasu na Wyspach Kanaryjskich z zimowego na letni. Odbywa si\u0119 to tego samego dnia, co w Polsce, czyli zawsze w ostatni\u0105 niedziel\u0119 marca, ale inaczej ni\u017c w naszym kraju. Wskaz\u00f3wki zegar\u00f3w trzeba przesun\u0105\u0107 o godzin\u0119 do przodu, czyli tak\u017ce inaczej ni\u017c u nas &#8211; [&hellip;]<\/p>\n","protected":false},"author":4,"featured_media":4518,"comment_status":"closed","ping_status":"open","sticky":false,"template":"","format":"standard","meta":{"om_disable_all_campaigns":false,"_monsterinsights_skip_tracking":false,"_monsterinsights_sitenote_active":false,"_monsterinsights_sitenote_note":"","_monsterinsights_sitenote_category":0,"footnotes":""},"categories":[12],"tags":[],"class_list":["post-4517","post","type-post","status-publish","format-standard","has-post-thumbnail","hentry","category-aktualnosci"],"aioseo_notices":[],"blog_post_layout_featured_media_urls":{"thumbnail":["http:\/\/nakanarach.pl\/wp-content\/uploads\/2022\/03\/Termometr-29-stopni-150x150.jpg",150,150,true],"full":["http:\/\/nakanarach.pl\/wp-content\/uploads\/2022\/03\/Termometr-29-stopni.jpg",1548,871,false]},"categories_names":{"12":{"name":"Aktualno\u015bci","link":"http:\/\/nakanarach.pl\/index.php\/category\/aktualnosci\/"}},"tags_names":[],"comments_number":"0","wpmagazine_modules_lite_featured_media_urls":{"thumbnail":["http:\/\/nakanarach.pl\/wp-content\/uploads\/2022\/03\/Termometr-29-stopni-150x150.jpg",150,150,true],"cvmm-medium":["http:\/\/nakanarach.pl\/wp-content\/uploads\/2022\/03\/Termometr-29-stopni-300x300.jpg",300,300,true],"cvmm-medium-plus":["http:\/\/nakanarach.pl\/wp-content\/uploads\/2022\/03\/Termometr-29-stopni-305x207.jpg",305,207,true],"cvmm-portrait":["http:\/\/nakanarach.pl\/wp-content\/uploads\/2022\/03\/Termometr-29-stopni-400x600.jpg",400,600,true],"cvmm-medium-square":["http:\/\/nakanarach.pl\/wp-content\/uploads\/2022\/03\/Termometr-29-stopni-600x600.jpg",600,600,true],"cvmm-large":["http:\/\/nakanarach.pl\/wp-content\/uploads\/2022\/03\/Termometr-29-stopni-1024x871.jpg",1024,871,true],"cvmm-small":["http:\/\/nakanarach.pl\/wp-content\/uploads\/2022\/03\/Termometr-29-stopni-130x95.jpg",130,95,true],"full":["http:\/\/nakanarach.pl\/wp-content\/uploads\/2022\/03\/Termometr-29-stopni.jpg",1548,871,false]},"_links":{"self":[{"href":"http:\/\/nakanarach.pl\/index.php\/wp-json\/wp\/v2\/posts\/4517","targetHints":{"allow":["GET"]}}],"collection":[{"href":"http:\/\/nakanarach.pl\/index.php\/wp-json\/wp\/v2\/posts"}],"about":[{"href":"http:\/\/nakanarach.pl\/index.php\/wp-json\/wp\/v2\/types\/post"}],"author":[{"embeddable":true,"href":"http:\/\/nakanarach.pl\/index.php\/wp-json\/wp\/v2\/users\/4"}],"replies":[{"embeddable":true,"href":"http:\/\/nakanarach.pl\/index.php\/wp-json\/wp\/v2\/comments?post=4517"}],"version-history":[{"count":3,"href":"http:\/\/nakanarach.pl\/index.php\/wp-json\/wp\/v2\/posts\/4517\/revisions"}],"predecessor-version":[{"id":4548,"href":"http:\/\/nakanarach.pl\/index.php\/wp-json\/wp\/v2\/posts\/4517\/revisions\/4548"}],"wp:featuredmedia":[{"embeddable":true,"href":"http:\/\/nakanarach.pl\/index.php\/wp-json\/wp\/v2\/media\/4518"}],"wp:attachment":[{"href":"http:\/\/nakanarach.pl\/index.php\/wp-json\/wp\/v2\/media?parent=4517"}],"wp:term":[{"taxonomy":"category","embeddable":true,"href":"http:\/\/nakanarach.pl\/index.php\/wp-json\/wp\/v2\/categories?post=4517"},{"taxonomy":"post_tag","embeddable":true,"href":"http:\/\/nakanarach.pl\/index.php\/wp-json\/wp\/v2\/tags?post=4517"}],"curies":[{"name":"wp","href":"https:\/\/api.w.org\/{rel}","templated":true}]}}