{"id":4549,"date":"2022-03-28T23:56:00","date_gmt":"2022-03-28T22:56:00","guid":{"rendered":"https:\/\/nakanarach.pl\/?p=4549"},"modified":"2022-04-13T08:12:47","modified_gmt":"2022-04-13T07:12:47","slug":"nowe-linie-autobusowe-i-platnosci-karta","status":"publish","type":"post","link":"http:\/\/nakanarach.pl\/index.php\/2022\/03\/28\/nowe-linie-autobusowe-i-platnosci-karta\/","title":{"rendered":"NOWE LINIE AUTOBUSOWE I P\u0141ATNO\u015aCI KART\u0104"},"content":{"rendered":"\n<p><strong>Mo\u017cna ju\u017c p\u0142aci\u0107 kart\u0105 w 33 liniach autobusowych na Teneryfie. Dodatkowo od wiosny na tej wyspie pojawi\u0142y si\u0119 nowe linie autobusowe. <\/strong><\/p>\n\n\n\n<p>&nbsp;21 marca&nbsp;2022 roku uruchomiono now\u0105 lini\u0119 351, kt\u00f3ra kursuje mi\u0119dzy stacj\u0105&nbsp;Puerto de la Cruz&nbsp;a stacj\u0105&nbsp;La Orotava&nbsp;w obu kierunkach<strong>.<\/strong> Liczba podr\u00f3\u017cy i rozk\u0142ady jazdy s\u0105 takie same, jak te oferowane obecnie przez lini\u0119 345. <\/p>\n\n\n\n<p>W tym samym czasie uruchomiono kolejn\u0105 now\u0105 lini\u0119 341, kt\u00f3ra kursuje na terenie Parku Narodowego Teide&nbsp;z tras\u0105 z&nbsp;El&nbsp;Teide do&nbsp;Portillo Bajo&nbsp;z przystankami przy Kolejce linowej, Monta\u00f1a Blanca, Minas de San Jos\u00e9, Portillo Alto&nbsp;i Centrum dla Zwiedzaj\u0105cych.<\/p>\n\n\n\n<p>Od 28 marca 2022 roku kursuje te\u017c nowa linia ekspresowa&nbsp;100, kt\u00f3ra bez zatrzymywania si\u0119 na przystankach po drodze po\u0142\u0105czy\u0142a Puerto de La Cruz z Santa Cruz de Tenerife.<\/p>\n\n\n\n<p>Jest te\u017c dobra informacja dla pasa\u017cer\u00f3w, kt\u00f3rzy nie mieli przy sobie got\u00f3wki. Przewo\u017anik z Teneryfy  &#8211; Titsa umo\u017cliwi\u0142 p\u0142atno\u015bci kart\u0105 na najpopularniejszych liniach autobusowych &#8211; np. z lotniska oraz na wulkan Teide.&nbsp;<\/p>\n\n\n\n<p>Urz\u0105dzenia do p\u0142atno\u015bci kart\u0105 zamontowano w 230 autobusach, kt\u00f3re kursuj\u0105 na nast\u0119puj\u0105cych liniach:<\/p>\n\n\n\n<p>* Aeroexpress 20, 30 i 40 oraz w tych, kt\u00f3re \u0142\u0105cz\u0105 si\u0119 z lotniskami: 415, 343, 111;&nbsp;<\/p>\n\n\n\n<p>* Na liniach na szczyt Teide: 342, 348 i 341<\/p>\n\n\n\n<p>* Na d\u0142ugich trasach: 101, 102, 103, 105, 108, 110, 111, 120,122;&nbsp;<\/p>\n\n\n\n<p>* Na liniach do Masca i Santiago del Teide: 325, 355<\/p>\n\n\n\n<p>* Na liniach turystycznych: 363, 467, 471, 473, 477 i 483 oraz 014, 345, 408, 447, 450, 460 i 470.<\/p>\n\n\n\n<p>Po Teneryfie mo\u017cna podr\u00f3\u017cowa\u0107 taniej z rabatem 20% przy zakupie karty Ten+. &nbsp;<\/p>\n\n\n\n<p>Foto: Titsa.com<\/p>\n","protected":false},"excerpt":{"rendered":"<p>Mo\u017cna ju\u017c p\u0142aci\u0107 kart\u0105 w 33 liniach autobusowych na Teneryfie. Dodatkowo od wiosny na tej wyspie pojawi\u0142y si\u0119 nowe linie autobusowe. &nbsp;21 marca&nbsp;2022 roku uruchomiono now\u0105 lini\u0119 351, kt\u00f3ra kursuje mi\u0119dzy stacj\u0105&nbsp;Puerto de la Cruz&nbsp;a stacj\u0105&nbsp;La Orotava&nbsp;w obu kierunkach. Liczba podr\u00f3\u017cy i rozk\u0142ady jazdy s\u0105 takie same, jak te oferowane obecnie przez lini\u0119 345. W [&hellip;]<\/p>\n","protected":false},"author":4,"featured_media":0,"comment_status":"closed","ping_status":"open","sticky":false,"template":"","format":"standard","meta":{"om_disable_all_campaigns":false,"_monsterinsights_skip_tracking":false,"_monsterinsights_sitenote_active":false,"_monsterinsights_sitenote_note":"","_monsterinsights_sitenote_category":0,"footnotes":""},"categories":[12,27],"tags":[],"class_list":["post-4549","post","type-post","status-publish","format-standard","hentry","category-aktualnosci","category-komunikacja-publiczna"],"aioseo_notices":[],"blog_post_layout_featured_media_urls":{"thumbnail":"","full":""},"categories_names":{"12":{"name":"Aktualno\u015bci","link":"http:\/\/nakanarach.pl\/index.php\/category\/aktualnosci\/"},"27":{"name":"Komunikacja publiczna","link":"http:\/\/nakanarach.pl\/index.php\/category\/komunikacja-publiczna\/"}},"tags_names":[],"comments_number":"0","wpmagazine_modules_lite_featured_media_urls":{"thumbnail":"","cvmm-medium":"","cvmm-medium-plus":"","cvmm-portrait":"","cvmm-medium-square":"","cvmm-large":"","cvmm-small":"","full":""},"_links":{"self":[{"href":"http:\/\/nakanarach.pl\/index.php\/wp-json\/wp\/v2\/posts\/4549","targetHints":{"allow":["GET"]}}],"collection":[{"href":"http:\/\/nakanarach.pl\/index.php\/wp-json\/wp\/v2\/posts"}],"about":[{"href":"http:\/\/nakanarach.pl\/index.php\/wp-json\/wp\/v2\/types\/post"}],"author":[{"embeddable":true,"href":"http:\/\/nakanarach.pl\/index.php\/wp-json\/wp\/v2\/users\/4"}],"replies":[{"embeddable":true,"href":"http:\/\/nakanarach.pl\/index.php\/wp-json\/wp\/v2\/comments?post=4549"}],"version-history":[{"count":3,"href":"http:\/\/nakanarach.pl\/index.php\/wp-json\/wp\/v2\/posts\/4549\/revisions"}],"predecessor-version":[{"id":4627,"href":"http:\/\/nakanarach.pl\/index.php\/wp-json\/wp\/v2\/posts\/4549\/revisions\/4627"}],"wp:attachment":[{"href":"http:\/\/nakanarach.pl\/index.php\/wp-json\/wp\/v2\/media?parent=4549"}],"wp:term":[{"taxonomy":"category","embeddable":true,"href":"http:\/\/nakanarach.pl\/index.php\/wp-json\/wp\/v2\/categories?post=4549"},{"taxonomy":"post_tag","embeddable":true,"href":"http:\/\/nakanarach.pl\/index.php\/wp-json\/wp\/v2\/tags?post=4549"}],"curies":[{"name":"wp","href":"https:\/\/api.w.org\/{rel}","templated":true}]}}