{"id":4597,"date":"2022-04-05T09:15:02","date_gmt":"2022-04-05T08:15:02","guid":{"rendered":"https:\/\/nakanarach.pl\/?p=4597"},"modified":"2022-04-05T09:28:32","modified_gmt":"2022-04-05T08:28:32","slug":"wycieczki-na-gran-canarii","status":"publish","type":"post","link":"http:\/\/nakanarach.pl\/index.php\/2022\/04\/05\/wycieczki-na-gran-canarii\/","title":{"rendered":"WYCIECZKI NA GRAN CANARII"},"content":{"rendered":"\n<p>Wakacje to dobry czas na spe\u0142nianie swoich marze\u0144 a marzenia s\u0105 po to, by je spe\u0142nia\u0107. Gran Canaria &#8211; To prawdziwy rajski zak\u0105tek. Niesamowite emocje czekaj\u0105 na Was podczas zwiedzania&#8230; Zapraszamy! Tel. +34 677 63 53 11. E-mail: ewa@aktywnagrancanaria.eu <\/p>\n\n\n\n<p><a href=\"https:\/\/www.aktywnagrancanaria.eu\/\">https:\/\/www.aktywnagrancanaria.eu\/<\/a><\/p>\n","protected":false},"excerpt":{"rendered":"<p>Wakacje to dobry czas na spe\u0142nianie swoich marze\u0144 a marzenia s\u0105 po to, by je spe\u0142nia\u0107. Gran Canaria &#8211; To prawdziwy rajski zak\u0105tek. Niesamowite emocje czekaj\u0105 na Was podczas zwiedzania&#8230; Zapraszamy! Tel. +34 677 63 53 11. E-mail: ewa@aktywnagrancanaria.eu https:\/\/www.aktywnagrancanaria.eu\/<\/p>\n","protected":false},"author":2,"featured_media":0,"comment_status":"closed","ping_status":"open","sticky":false,"template":"","format":"standard","meta":{"om_disable_all_campaigns":false,"_monsterinsights_skip_tracking":false,"_monsterinsights_sitenote_active":false,"_monsterinsights_sitenote_note":"","_monsterinsights_sitenote_category":0,"footnotes":""},"categories":[97],"tags":[],"class_list":["post-4597","post","type-post","status-publish","format-standard","hentry","category-wycieczki-2"],"aioseo_notices":[],"blog_post_layout_featured_media_urls":{"thumbnail":"","full":""},"categories_names":{"97":{"name":"Wycieczki","link":"http:\/\/nakanarach.pl\/index.php\/category\/wycieczki-2\/"}},"tags_names":[],"comments_number":"0","wpmagazine_modules_lite_featured_media_urls":{"thumbnail":"","cvmm-medium":"","cvmm-medium-plus":"","cvmm-portrait":"","cvmm-medium-square":"","cvmm-large":"","cvmm-small":"","full":""},"_links":{"self":[{"href":"http:\/\/nakanarach.pl\/index.php\/wp-json\/wp\/v2\/posts\/4597","targetHints":{"allow":["GET"]}}],"collection":[{"href":"http:\/\/nakanarach.pl\/index.php\/wp-json\/wp\/v2\/posts"}],"about":[{"href":"http:\/\/nakanarach.pl\/index.php\/wp-json\/wp\/v2\/types\/post"}],"author":[{"embeddable":true,"href":"http:\/\/nakanarach.pl\/index.php\/wp-json\/wp\/v2\/users\/2"}],"replies":[{"embeddable":true,"href":"http:\/\/nakanarach.pl\/index.php\/wp-json\/wp\/v2\/comments?post=4597"}],"version-history":[{"count":1,"href":"http:\/\/nakanarach.pl\/index.php\/wp-json\/wp\/v2\/posts\/4597\/revisions"}],"predecessor-version":[{"id":4598,"href":"http:\/\/nakanarach.pl\/index.php\/wp-json\/wp\/v2\/posts\/4597\/revisions\/4598"}],"wp:attachment":[{"href":"http:\/\/nakanarach.pl\/index.php\/wp-json\/wp\/v2\/media?parent=4597"}],"wp:term":[{"taxonomy":"category","embeddable":true,"href":"http:\/\/nakanarach.pl\/index.php\/wp-json\/wp\/v2\/categories?post=4597"},{"taxonomy":"post_tag","embeddable":true,"href":"http:\/\/nakanarach.pl\/index.php\/wp-json\/wp\/v2\/tags?post=4597"}],"curies":[{"name":"wp","href":"https:\/\/api.w.org\/{rel}","templated":true}]}}