{"id":4824,"date":"2022-04-26T08:24:04","date_gmt":"2022-04-26T07:24:04","guid":{"rendered":"http:\/\/nakanarach.pl\/?p=4824"},"modified":"2022-04-26T08:24:07","modified_gmt":"2022-04-26T07:24:07","slug":"wulkan-na-azorach-powtorka-z-la-palmy","status":"publish","type":"post","link":"http:\/\/nakanarach.pl\/index.php\/2022\/04\/26\/wulkan-na-azorach-powtorka-z-la-palmy\/","title":{"rendered":"WULKAN NA AZORACH &#8211; POWT\u00d3RKA Z LA PALMY?"},"content":{"rendered":"\n<p><strong>Na wyspie Sao Jorge w pobli\u017cu Portugalii od 19 marca 2022 roku zanotowano ponad 30 tysi\u0119cy niewielkich trz\u0119sie\u0144 ziemi. Zdaniem naukowc\u00f3w, mo\u017ce by\u0107 to pocz\u0105tek erupcji wulkanu Urzelina. Badacze dodaj\u0105, \u017ce podobnie by\u0142o w przypadku oddalonego o 460 km od Azor\u00f3w Cumbre Vieja z kanaryjskiej La Palmy, kt\u00f3rego wybuch tak\u017ce poprzedzi\u0142a seria drga\u0144.<\/strong><\/p>\n\n\n\n<p>Mieszka\u0144cy wyspy Sao Jorge z portugalskiego archipelagu Azory ka\u017cdego dnia odczuwaj\u0105 seri\u0119 drobnych trz\u0119sie\u0144 ziemi. Dotychczas odnotowano wstrz\u0105sy o magnitudzie nie wi\u0119kszej ni\u017c 3,8 stopni w skali Richtera. Oko\u0142o 258 z nich by\u0142o odczuwalnych przez mieszka\u0144c\u00f3w. <\/p>\n\n\n\n<p>Z powodu zagro\u017cenia erupcj\u0105 wysp\u0119 opu\u015bci\u0142o ponad 1200 os\u00f3b, cho\u0107 w\u0142adze uspokajaj\u0105, \u017ce na razie nie ma konieczno\u015bci masowej ewakuacji, gdy\u017c spada aktywno\u015b\u0107 sejsmiczna, ale nadal jest ryzyko wybuchu wulkanu. Dlatego wprowadzono stan alarmowy na wyspie. <\/p>\n\n\n\n<p>Centrum Informacji i Monitorowania Sejsmicznego (CIVISA) informuje, \u017ce budzi si\u0119 niezwykle niebezpieczny wulkan, kt\u00f3ry ostatni raz wybuch\u0142 jesieni\u0105 1630 r. Gwa\u0142towna erupcja mog\u0142aby nie tylko zrujnowa\u0107 wysp\u0119 S\u00e3o Miguel, zamieszkiwan\u0105 przez 140 tysi\u0119cy ludzi, ale tak\u017ce wywo\u0142a\u0107 tsunami, kt\u00f3re mo\u017ce uderzy\u0107 w wybrze\u017ca m.in. zachodniej Europy, wschodniej Ameryki P\u00f3\u0142nocnej, a tak\u017ce cz\u0119\u015bciowo Wysp Kanaryjskich, Afryki i Ameryki Po\u0142udniowej.<\/p>\n\n\n\n<p>Foto: ivar.azores.gov.pt<\/p>\n","protected":false},"excerpt":{"rendered":"<p>Na wyspie Sao Jorge w pobli\u017cu Portugalii od 19 marca 2022 roku zanotowano ponad 30 tysi\u0119cy niewielkich trz\u0119sie\u0144 ziemi. Zdaniem naukowc\u00f3w, mo\u017ce by\u0107 to pocz\u0105tek erupcji wulkanu Urzelina. Badacze dodaj\u0105, \u017ce podobnie by\u0142o w przypadku oddalonego o 460 km od Azor\u00f3w Cumbre Vieja z kanaryjskiej La Palmy, kt\u00f3rego wybuch tak\u017ce poprzedzi\u0142a seria drga\u0144. Mieszka\u0144cy wyspy [&hellip;]<\/p>\n","protected":false},"author":4,"featured_media":4830,"comment_status":"closed","ping_status":"open","sticky":false,"template":"","format":"standard","meta":{"om_disable_all_campaigns":false,"_monsterinsights_skip_tracking":false,"_monsterinsights_sitenote_active":false,"_monsterinsights_sitenote_note":"","_monsterinsights_sitenote_category":0,"footnotes":""},"categories":[12],"tags":[],"class_list":["post-4824","post","type-post","status-publish","format-standard","has-post-thumbnail","hentry","category-aktualnosci"],"aioseo_notices":[],"blog_post_layout_featured_media_urls":{"thumbnail":["http:\/\/nakanarach.pl\/wp-content\/uploads\/2022\/04\/Wulkan-Azory-Fot.-Ivar-150x150.jpg",150,150,true],"full":["http:\/\/nakanarach.pl\/wp-content\/uploads\/2022\/04\/Wulkan-Azory-Fot.-Ivar.jpg",843,531,false]},"categories_names":{"12":{"name":"Aktualno\u015bci","link":"http:\/\/nakanarach.pl\/index.php\/category\/aktualnosci\/"}},"tags_names":[],"comments_number":"0","wpmagazine_modules_lite_featured_media_urls":{"thumbnail":["http:\/\/nakanarach.pl\/wp-content\/uploads\/2022\/04\/Wulkan-Azory-Fot.-Ivar-150x150.jpg",150,150,true],"cvmm-medium":["http:\/\/nakanarach.pl\/wp-content\/uploads\/2022\/04\/Wulkan-Azory-Fot.-Ivar-300x300.jpg",300,300,true],"cvmm-medium-plus":["http:\/\/nakanarach.pl\/wp-content\/uploads\/2022\/04\/Wulkan-Azory-Fot.-Ivar-305x207.jpg",305,207,true],"cvmm-portrait":["http:\/\/nakanarach.pl\/wp-content\/uploads\/2022\/04\/Wulkan-Azory-Fot.-Ivar-400x531.jpg",400,531,true],"cvmm-medium-square":["http:\/\/nakanarach.pl\/wp-content\/uploads\/2022\/04\/Wulkan-Azory-Fot.-Ivar-600x531.jpg",600,531,true],"cvmm-large":["http:\/\/nakanarach.pl\/wp-content\/uploads\/2022\/04\/Wulkan-Azory-Fot.-Ivar.jpg",843,531,false],"cvmm-small":["http:\/\/nakanarach.pl\/wp-content\/uploads\/2022\/04\/Wulkan-Azory-Fot.-Ivar-130x95.jpg",130,95,true],"full":["http:\/\/nakanarach.pl\/wp-content\/uploads\/2022\/04\/Wulkan-Azory-Fot.-Ivar.jpg",843,531,false]},"_links":{"self":[{"href":"http:\/\/nakanarach.pl\/index.php\/wp-json\/wp\/v2\/posts\/4824","targetHints":{"allow":["GET"]}}],"collection":[{"href":"http:\/\/nakanarach.pl\/index.php\/wp-json\/wp\/v2\/posts"}],"about":[{"href":"http:\/\/nakanarach.pl\/index.php\/wp-json\/wp\/v2\/types\/post"}],"author":[{"embeddable":true,"href":"http:\/\/nakanarach.pl\/index.php\/wp-json\/wp\/v2\/users\/4"}],"replies":[{"embeddable":true,"href":"http:\/\/nakanarach.pl\/index.php\/wp-json\/wp\/v2\/comments?post=4824"}],"version-history":[{"count":5,"href":"http:\/\/nakanarach.pl\/index.php\/wp-json\/wp\/v2\/posts\/4824\/revisions"}],"predecessor-version":[{"id":4831,"href":"http:\/\/nakanarach.pl\/index.php\/wp-json\/wp\/v2\/posts\/4824\/revisions\/4831"}],"wp:featuredmedia":[{"embeddable":true,"href":"http:\/\/nakanarach.pl\/index.php\/wp-json\/wp\/v2\/media\/4830"}],"wp:attachment":[{"href":"http:\/\/nakanarach.pl\/index.php\/wp-json\/wp\/v2\/media?parent=4824"}],"wp:term":[{"taxonomy":"category","embeddable":true,"href":"http:\/\/nakanarach.pl\/index.php\/wp-json\/wp\/v2\/categories?post=4824"},{"taxonomy":"post_tag","embeddable":true,"href":"http:\/\/nakanarach.pl\/index.php\/wp-json\/wp\/v2\/tags?post=4824"}],"curies":[{"name":"wp","href":"https:\/\/api.w.org\/{rel}","templated":true}]}}