{"id":4878,"date":"2022-05-11T06:19:00","date_gmt":"2022-05-11T05:19:00","guid":{"rendered":"http:\/\/nakanarach.pl\/?p=4878"},"modified":"2022-05-13T09:01:24","modified_gmt":"2022-05-13T08:01:24","slug":"promocja-fuerteventury-w-europie","status":"publish","type":"post","link":"http:\/\/nakanarach.pl\/index.php\/2022\/05\/11\/promocja-fuerteventury-w-europie\/","title":{"rendered":"PROMOCJA FUERTEVENTURY W EUROPIE"},"content":{"rendered":"\n<p><strong>Kanaryjska Fuerteventura prowadzi w 2022 roku zmasowan\u0105 kampani\u0119 reklamow\u0105 w ca\u0142ej Europie, tak\u017ce w Polsce. <\/strong><\/p>\n\n\n\n<p>Organizacja Turystyczna Feurteventury podpisa\u0142a umowy o wsp\u00f3\u0142pracy marketingowej z 26 zagranicznymi touroperatorami, liniami lotniczymi i agentami turystycznymi, w tym tak\u017ce z Polski. Pierwszy raz wyspa jest promowana przez osiem miesi\u0119cy z rz\u0119du, od kwietnia do listopada 2022 roku.<\/p>\n\n\n\n<p>Jednym z walor\u00f3w wyr\u00f3\u017cniaj\u0105cych t\u0119 kanaryjsk\u0105 wysp\u0119 s\u0105 wiatry i pi\u0119kne piaszczyste olbrzymie pla\u017ce zach\u0119caj\u0105ce do nauki i uprawiania windsurfingu<\/p>\n\n\n\n<p id=\"block-id-Hkxio6CzCR\">Wcze\u015bniej kampanie trwa\u0142y maksymalnie trzy miesi\u0105ce w roku &#8211; pisze hiszpa\u0144ski portal bran\u017cy turystycznej Tourinews.<\/p>\n\n\n\n<p id=\"block-id-A_Vcz2Hz94\">Kanary po okresie pandemii ponownie s\u0105 jednym z g\u0142\u00f3wnych kierunk\u00f3w turystycznych w Europie. Kampanie s\u0105 prowadzone w Wielkiej Brytanii, Niemczech, Francji, Niderlandach, Skandynawii, na W\u0119grzech oraz w Polsce. Dzia\u0142ania obejmuj\u0105 reklam\u0119 na billboardach, w telewizji, mediach spo\u0142eczno\u015bciowych, ale te\u017c akcje specjalne, takie jak wyjazdy studyjne dla bran\u017cy, medi\u00f3w i bloger\u00f3w, aby dotrze\u0107 do 288 milion\u00f3w os\u00f3b.<\/p>\n\n\n\n<p id=\"block-id-qFu91F65QB\">Dodatkowo Fuerteventura prowadzi kampani\u0119 promocyjn\u0105 o warto\u015bci 200 tysi\u0119cy euro, kt\u00f3ra ma pom\u00f3c zmieni\u0107 postrzeganie wyspy z miejsca kojarz\u0105cego si\u0119 z wypoczynkiem na pla\u017cy na kierunek skoncentrowany na zr\u00f3wnowa\u017conym rozwoju, naturze, sporcie i gastronomii.<\/p>\n\n\n\n<p id=\"block-id-VhBtwvdHnO\">Minister turystyki w Radzie Fuerteventury&nbsp;Jessica de Le\u00f3n&nbsp;poinformowa\u0142a te\u017c, \u017ce ob\u0142o\u017cenie w hotelach w okresie wielkanocnym s\u0105 wysokim poziomie \u2013 \u015brednio wynosz\u0105 85 procent. W\u015br\u00f3d go\u015bci dominuj\u0105 podr\u00f3\u017cni z Hiszpanii, ale te\u017c Niemcy i Brytyjczycy.<\/p>\n\n\n\n<p>Szukasz wycieczki z Polski na Furteventur\u0119? Znajd\u017a wymarzone wakacje: <\/p>\n\n\n<div id=\"search-widget19\" data-widget=\"search\" data-affiliate=\"1205\" data-campaign=\"1205-www.nakanarach.pl\" data-directions=\"Teneryfa|Fuerteventura|Lanzarote|Gran Canaria|La Palma|La Gomera|El Hierro\"><\/div>\n<p><script src=\"https:\/\/widget.wakacje.pl\/v2\/static\/js\/widgets\/search-widget-v2.js?c=search-widget19\" async=\"\"><\/script><\/p>\n\n\n\n<p>Foto: visitfuerteventura<\/p>\n","protected":false},"excerpt":{"rendered":"<p>Kanaryjska Fuerteventura prowadzi w 2022 roku zmasowan\u0105 kampani\u0119 reklamow\u0105 w ca\u0142ej Europie, tak\u017ce w Polsce. Organizacja Turystyczna Feurteventury podpisa\u0142a umowy o wsp\u00f3\u0142pracy marketingowej z 26 zagranicznymi touroperatorami, liniami lotniczymi i agentami turystycznymi, w tym tak\u017ce z Polski. Pierwszy raz wyspa jest promowana przez osiem miesi\u0119cy z rz\u0119du, od kwietnia do listopada 2022 roku. Jednym z [&hellip;]<\/p>\n","protected":false},"author":4,"featured_media":2116,"comment_status":"closed","ping_status":"open","sticky":false,"template":"","format":"standard","meta":{"om_disable_all_campaigns":false,"_monsterinsights_skip_tracking":false,"_monsterinsights_sitenote_active":false,"_monsterinsights_sitenote_note":"","_monsterinsights_sitenote_category":0,"footnotes":""},"categories":[20,17],"tags":[],"class_list":["post-4878","post","type-post","status-publish","format-standard","has-post-thumbnail","hentry","category-atrakcje","category-turystyka"],"aioseo_notices":[],"blog_post_layout_featured_media_urls":{"thumbnail":["http:\/\/nakanarach.pl\/wp-content\/uploads\/2021\/07\/Fuerteventura-plaza-Jandia-Fot.-visitfuerteventura.es_-150x150.jpg",150,150,true],"full":["http:\/\/nakanarach.pl\/wp-content\/uploads\/2021\/07\/Fuerteventura-plaza-Jandia-Fot.-visitfuerteventura.es_.jpg",843,403,false]},"categories_names":{"20":{"name":"Atrakcje i egzotyka","link":"http:\/\/nakanarach.pl\/index.php\/category\/turystyka\/atrakcje\/"},"17":{"name":"Turystyka","link":"http:\/\/nakanarach.pl\/index.php\/category\/turystyka\/"}},"tags_names":[],"comments_number":"0","wpmagazine_modules_lite_featured_media_urls":{"thumbnail":["http:\/\/nakanarach.pl\/wp-content\/uploads\/2021\/07\/Fuerteventura-plaza-Jandia-Fot.-visitfuerteventura.es_-150x150.jpg",150,150,true],"cvmm-medium":["http:\/\/nakanarach.pl\/wp-content\/uploads\/2021\/07\/Fuerteventura-plaza-Jandia-Fot.-visitfuerteventura.es_-300x300.jpg",300,300,true],"cvmm-medium-plus":["http:\/\/nakanarach.pl\/wp-content\/uploads\/2021\/07\/Fuerteventura-plaza-Jandia-Fot.-visitfuerteventura.es_-305x207.jpg",305,207,true],"cvmm-portrait":["http:\/\/nakanarach.pl\/wp-content\/uploads\/2021\/07\/Fuerteventura-plaza-Jandia-Fot.-visitfuerteventura.es_-400x403.jpg",400,403,true],"cvmm-medium-square":["http:\/\/nakanarach.pl\/wp-content\/uploads\/2021\/07\/Fuerteventura-plaza-Jandia-Fot.-visitfuerteventura.es_-600x403.jpg",600,403,true],"cvmm-large":["http:\/\/nakanarach.pl\/wp-content\/uploads\/2021\/07\/Fuerteventura-plaza-Jandia-Fot.-visitfuerteventura.es_.jpg",843,403,false],"cvmm-small":["http:\/\/nakanarach.pl\/wp-content\/uploads\/2021\/07\/Fuerteventura-plaza-Jandia-Fot.-visitfuerteventura.es_-130x95.jpg",130,95,true],"full":["http:\/\/nakanarach.pl\/wp-content\/uploads\/2021\/07\/Fuerteventura-plaza-Jandia-Fot.-visitfuerteventura.es_.jpg",843,403,false]},"_links":{"self":[{"href":"http:\/\/nakanarach.pl\/index.php\/wp-json\/wp\/v2\/posts\/4878","targetHints":{"allow":["GET"]}}],"collection":[{"href":"http:\/\/nakanarach.pl\/index.php\/wp-json\/wp\/v2\/posts"}],"about":[{"href":"http:\/\/nakanarach.pl\/index.php\/wp-json\/wp\/v2\/types\/post"}],"author":[{"embeddable":true,"href":"http:\/\/nakanarach.pl\/index.php\/wp-json\/wp\/v2\/users\/4"}],"replies":[{"embeddable":true,"href":"http:\/\/nakanarach.pl\/index.php\/wp-json\/wp\/v2\/comments?post=4878"}],"version-history":[{"count":3,"href":"http:\/\/nakanarach.pl\/index.php\/wp-json\/wp\/v2\/posts\/4878\/revisions"}],"predecessor-version":[{"id":4898,"href":"http:\/\/nakanarach.pl\/index.php\/wp-json\/wp\/v2\/posts\/4878\/revisions\/4898"}],"wp:featuredmedia":[{"embeddable":true,"href":"http:\/\/nakanarach.pl\/index.php\/wp-json\/wp\/v2\/media\/2116"}],"wp:attachment":[{"href":"http:\/\/nakanarach.pl\/index.php\/wp-json\/wp\/v2\/media?parent=4878"}],"wp:term":[{"taxonomy":"category","embeddable":true,"href":"http:\/\/nakanarach.pl\/index.php\/wp-json\/wp\/v2\/categories?post=4878"},{"taxonomy":"post_tag","embeddable":true,"href":"http:\/\/nakanarach.pl\/index.php\/wp-json\/wp\/v2\/tags?post=4878"}],"curies":[{"name":"wp","href":"https:\/\/api.w.org\/{rel}","templated":true}]}}