{"id":6073,"date":"2022-12-21T12:42:00","date_gmt":"2022-12-21T12:42:00","guid":{"rendered":"http:\/\/nakanarach.pl\/?p=6073"},"modified":"2023-01-18T13:07:26","modified_gmt":"2023-01-18T13:07:26","slug":"tlumy-polakow-na-fuerteventurze","status":"publish","type":"post","link":"http:\/\/nakanarach.pl\/index.php\/2022\/12\/21\/tlumy-polakow-na-fuerteventurze\/","title":{"rendered":"POLACY POLUBILI FUERTEVENTUR\u0118"},"content":{"rendered":"\n<p><strong>Jednym z ulubionych kierunk\u00f3w Polak\u00f3w jesieni\u0105 i zim\u0105 jest kanaryjska Fuerteventura. <\/strong><\/p>\n\n\n\n<p>&#8211; Nawet 25 stopni Celsjusza zim\u0105, pi\u0119kne pla\u017ce i nieziemsko pi\u0119kne widoki. Nie ma si\u0119 co dziwi\u0107, \u017ce Polacy uwielbiaj\u0105 Fuerteventur\u0119 &#8211; tak opisuje t\u0119 rajsk\u0105 wysp\u0119 jedna z turystek Hanna Szczypi\u00f3r w programie Newsroom WP. <\/p>\n\n\n\n<p>W rozmowie z dzinnikarzami portalu wp.pl doda\u0142a ona, \u017ce teraz jest najlepszy czas, \u017ceby tu przyjecha\u0107 &#8211; m\u00f3wi\u0142a podczas wywiadu. <\/p>\n\n\n\n<p>W programie opowiada\u0142a te\u017c, \u017ce na ka\u017cdym kroku s\u0142yszy tam nasz ojczysty j\u0119zyk. Nie bez powodu, bo okazuje si\u0119, \u017ce jeste\u015bmy trzeci\u0105 nacj\u0105 w\u015br\u00f3d turyst\u00f3w, kt\u00f3rej jest tam najwi\u0119cej. &#8211; Jest bardzo du\u017co Polak\u00f3w. I, co wa\u017cne, nie ma drugiego takiego miejsca w ca\u0142ej Hiszpanii, gdzie by\u015bmy byli w TOP 3 &#8211; doda\u0142a.<\/p>\n\n\n\n<p>Zobacz VIDEO w artykule: <\/p>\n\n\n\n<p><a href=\"https:\/\/turystyka.wp.pl\/ta-wyspa-kusi-przez-caly-rok-jest-bardzo-duzo-polakow-6836649700988545v\">https:\/\/turystyka.wp.pl\/ta-wyspa-kusi-przez-caly-rok-jest-bardzo-duzo-polakow-6836649700988545v<\/a><\/p>\n\n\n\n<p>Foto: visitfuerteventura<\/p>\n\n\n<div id=\"search-widget19\" data-widget=\"search\" data-affiliate=\"1205\" data-campaign=\"1205-www.nakanarach.pl\" data-directions=\"Teneryfa|Fuerteventura|Lanzarote|Gran Canaria|La Palma|La Gomera|El Hierro\"><\/div>\n<p><script src=\"https:\/\/widget.wakacje.pl\/v2\/static\/js\/widgets\/search-widget-v2.js?c=search-widget19\" async=\"\"><\/script><\/p>\n","protected":false},"excerpt":{"rendered":"<p>Jednym z ulubionych kierunk\u00f3w Polak\u00f3w jesieni\u0105 i zim\u0105 jest kanaryjska Fuerteventura. &#8211; Nawet 25 stopni Celsjusza zim\u0105, pi\u0119kne pla\u017ce i nieziemsko pi\u0119kne widoki. Nie ma si\u0119 co dziwi\u0107, \u017ce Polacy uwielbiaj\u0105 Fuerteventur\u0119 &#8211; tak opisuje t\u0119 rajsk\u0105 wysp\u0119 jedna z turystek Hanna Szczypi\u00f3r w programie Newsroom WP. W rozmowie z dzinnikarzami portalu wp.pl doda\u0142a ona, [&hellip;]<\/p>\n","protected":false},"author":4,"featured_media":2116,"comment_status":"closed","ping_status":"open","sticky":false,"template":"","format":"standard","meta":{"om_disable_all_campaigns":false,"_monsterinsights_skip_tracking":false,"_monsterinsights_sitenote_active":false,"_monsterinsights_sitenote_note":"","_monsterinsights_sitenote_category":0,"footnotes":""},"categories":[20,101],"tags":[],"class_list":["post-6073","post","type-post","status-publish","format-standard","has-post-thumbnail","hentry","category-atrakcje","category-o-polsce"],"aioseo_notices":[],"blog_post_layout_featured_media_urls":{"thumbnail":["http:\/\/nakanarach.pl\/wp-content\/uploads\/2021\/07\/Fuerteventura-plaza-Jandia-Fot.-visitfuerteventura.es_-150x150.jpg",150,150,true],"full":["http:\/\/nakanarach.pl\/wp-content\/uploads\/2021\/07\/Fuerteventura-plaza-Jandia-Fot.-visitfuerteventura.es_.jpg",843,403,false]},"categories_names":{"20":{"name":"Atrakcje i egzotyka","link":"http:\/\/nakanarach.pl\/index.php\/category\/turystyka\/atrakcje\/"},"101":{"name":"O Polsce","link":"http:\/\/nakanarach.pl\/index.php\/category\/kultura\/o-polsce\/"}},"tags_names":[],"comments_number":"0","wpmagazine_modules_lite_featured_media_urls":{"thumbnail":["http:\/\/nakanarach.pl\/wp-content\/uploads\/2021\/07\/Fuerteventura-plaza-Jandia-Fot.-visitfuerteventura.es_-150x150.jpg",150,150,true],"cvmm-medium":["http:\/\/nakanarach.pl\/wp-content\/uploads\/2021\/07\/Fuerteventura-plaza-Jandia-Fot.-visitfuerteventura.es_-300x300.jpg",300,300,true],"cvmm-medium-plus":["http:\/\/nakanarach.pl\/wp-content\/uploads\/2021\/07\/Fuerteventura-plaza-Jandia-Fot.-visitfuerteventura.es_-305x207.jpg",305,207,true],"cvmm-portrait":["http:\/\/nakanarach.pl\/wp-content\/uploads\/2021\/07\/Fuerteventura-plaza-Jandia-Fot.-visitfuerteventura.es_-400x403.jpg",400,403,true],"cvmm-medium-square":["http:\/\/nakanarach.pl\/wp-content\/uploads\/2021\/07\/Fuerteventura-plaza-Jandia-Fot.-visitfuerteventura.es_-600x403.jpg",600,403,true],"cvmm-large":["http:\/\/nakanarach.pl\/wp-content\/uploads\/2021\/07\/Fuerteventura-plaza-Jandia-Fot.-visitfuerteventura.es_.jpg",843,403,false],"cvmm-small":["http:\/\/nakanarach.pl\/wp-content\/uploads\/2021\/07\/Fuerteventura-plaza-Jandia-Fot.-visitfuerteventura.es_-130x95.jpg",130,95,true],"full":["http:\/\/nakanarach.pl\/wp-content\/uploads\/2021\/07\/Fuerteventura-plaza-Jandia-Fot.-visitfuerteventura.es_.jpg",843,403,false]},"_links":{"self":[{"href":"http:\/\/nakanarach.pl\/index.php\/wp-json\/wp\/v2\/posts\/6073","targetHints":{"allow":["GET"]}}],"collection":[{"href":"http:\/\/nakanarach.pl\/index.php\/wp-json\/wp\/v2\/posts"}],"about":[{"href":"http:\/\/nakanarach.pl\/index.php\/wp-json\/wp\/v2\/types\/post"}],"author":[{"embeddable":true,"href":"http:\/\/nakanarach.pl\/index.php\/wp-json\/wp\/v2\/users\/4"}],"replies":[{"embeddable":true,"href":"http:\/\/nakanarach.pl\/index.php\/wp-json\/wp\/v2\/comments?post=6073"}],"version-history":[{"count":4,"href":"http:\/\/nakanarach.pl\/index.php\/wp-json\/wp\/v2\/posts\/6073\/revisions"}],"predecessor-version":[{"id":6282,"href":"http:\/\/nakanarach.pl\/index.php\/wp-json\/wp\/v2\/posts\/6073\/revisions\/6282"}],"wp:featuredmedia":[{"embeddable":true,"href":"http:\/\/nakanarach.pl\/index.php\/wp-json\/wp\/v2\/media\/2116"}],"wp:attachment":[{"href":"http:\/\/nakanarach.pl\/index.php\/wp-json\/wp\/v2\/media?parent=6073"}],"wp:term":[{"taxonomy":"category","embeddable":true,"href":"http:\/\/nakanarach.pl\/index.php\/wp-json\/wp\/v2\/categories?post=6073"},{"taxonomy":"post_tag","embeddable":true,"href":"http:\/\/nakanarach.pl\/index.php\/wp-json\/wp\/v2\/tags?post=6073"}],"curies":[{"name":"wp","href":"https:\/\/api.w.org\/{rel}","templated":true}]}}