{"id":6261,"date":"2023-01-13T11:42:09","date_gmt":"2023-01-13T11:42:09","guid":{"rendered":"https:\/\/nakanarach.pl\/?p=6261"},"modified":"2023-01-17T14:28:58","modified_gmt":"2023-01-17T14:28:58","slug":"tlumy-turystow-na-gran-canarii","status":"publish","type":"post","link":"http:\/\/nakanarach.pl\/index.php\/2023\/01\/13\/tlumy-turystow-na-gran-canarii\/","title":{"rendered":"T\u0141UMY TURYST\u00d3W NA GRAN CANARII"},"content":{"rendered":"\n<p><strong>Tury\u015bci z Europy coraz ch\u0119tniej wybieraj\u0105 Gran Canari\u0119 na miejsce wypoczynku o ka\u017cdej porze roku. Liczby podr\u00f3\u017cnych zbli\u017cy\u0142y si\u0119 do poziomu sprzed pandemii koronawirusa i si\u0119gaj\u0105 ponad 3 milion\u00f3w os\u00f3b rocznie. <\/strong><\/p>\n\n\n<div id=\"search-widget19\" data-widget=\"search\" data-affiliate=\"1205\" data-campaign=\"1205-www.nakanarach.pl\" data-directions=\"Teneryfa|Fuerteventura|Lanzarote|Gran Canaria|La Palma|La Gomera|El Hierro\"><\/div>\n<p><script src=\"https:\/\/widget.wakacje.pl\/v2\/static\/js\/widgets\/search-widget-v2.js?c=search-widget19\" async=\"\"><\/script><\/p>\n\n\n\n<p>Wed\u0142ug danych opublikowanych przez sp\u00f3\u0142k\u0119 zarz\u0105dzaj\u0105c\u0105 hiszpa\u0144skimi lotniskami &#8211; Aena ta turystyczna destynacja odnotowa\u0142a w grudniu 2022 roku najlepsze miesi\u0119czne dane dotycz\u0105ce przyjazdu klient\u00f3w&nbsp;od czasu pojawienia si\u0119 Covida, z obecno\u015bci\u0105 388 852 turyst\u00f3w.<\/p>\n\n\n\n<p>Aena informuje, \u017ce to sz\u00f3sty najlepszy rok w bran\u017cy turystycznej na Gran Canarii, osi\u0105gaj\u0105c wynik ponad 3,2 milion\u00f3w pasa\u017cer\u00f3w z 2015 roku, po serii mi\u0119dzy 2015, a 2019 rokiem.<\/p>\n\n\n\n<p>\u0141\u0105czna liczba zagranicznych pasa\u017cer\u00f3w, kt\u00f3rzy wyl\u0105dowali w listopadzie 2022 roku na tej wyspie wynios\u0142a 340 043 os\u00f3b, co jest por\u00f3wnywalne z liczbami z 2019 r. &#8211; co oznacza wzrost o 1,4% w por\u00f3wnaniu z 2019 r. <\/p>\n\n\n\n<p>Minister Turystyki Gran Canarii&nbsp;Carlos \u00c1lamo&nbsp;podkre\u015bli\u0142, \u017ce jest to pi\u0105ty najlepszy rok w historii turystyki na Gran Canarii, po serii mi\u0119dzy 2016, a 2019 rokiem.<\/p>\n\n\n\n<p>Foto: nakanarach.pl<\/p>\n","protected":false},"excerpt":{"rendered":"<p>Tury\u015bci z Europy coraz ch\u0119tniej wybieraj\u0105 Gran Canari\u0119 na miejsce wypoczynku o ka\u017cdej porze roku. Liczby podr\u00f3\u017cnych zbli\u017cy\u0142y si\u0119 do poziomu sprzed pandemii koronawirusa i si\u0119gaj\u0105 ponad 3 milion\u00f3w os\u00f3b rocznie. Wed\u0142ug danych opublikowanych przez sp\u00f3\u0142k\u0119 zarz\u0105dzaj\u0105c\u0105 hiszpa\u0144skimi lotniskami &#8211; Aena ta turystyczna destynacja odnotowa\u0142a w grudniu 2022 roku najlepsze miesi\u0119czne dane dotycz\u0105ce przyjazdu klient\u00f3w&nbsp;od [&hellip;]<\/p>\n","protected":false},"author":4,"featured_media":6266,"comment_status":"closed","ping_status":"open","sticky":false,"template":"","format":"standard","meta":{"om_disable_all_campaigns":false,"_monsterinsights_skip_tracking":false,"_monsterinsights_sitenote_active":false,"_monsterinsights_sitenote_note":"","_monsterinsights_sitenote_category":0,"footnotes":""},"categories":[20,17],"tags":[],"class_list":["post-6261","post","type-post","status-publish","format-standard","has-post-thumbnail","hentry","category-atrakcje","category-turystyka"],"aioseo_notices":[],"blog_post_layout_featured_media_urls":{"thumbnail":["http:\/\/nakanarach.pl\/wp-content\/uploads\/2023\/01\/Autobus-turysci-Gran-Canaria-150x150.jpg",150,150,true],"full":["http:\/\/nakanarach.pl\/wp-content\/uploads\/2023\/01\/Autobus-turysci-Gran-Canaria-scaled.jpg",2560,1440,false]},"categories_names":{"20":{"name":"Atrakcje i egzotyka","link":"http:\/\/nakanarach.pl\/index.php\/category\/turystyka\/atrakcje\/"},"17":{"name":"Turystyka","link":"http:\/\/nakanarach.pl\/index.php\/category\/turystyka\/"}},"tags_names":[],"comments_number":"0","wpmagazine_modules_lite_featured_media_urls":{"thumbnail":["http:\/\/nakanarach.pl\/wp-content\/uploads\/2023\/01\/Autobus-turysci-Gran-Canaria-150x150.jpg",150,150,true],"cvmm-medium":["http:\/\/nakanarach.pl\/wp-content\/uploads\/2023\/01\/Autobus-turysci-Gran-Canaria-300x300.jpg",300,300,true],"cvmm-medium-plus":["http:\/\/nakanarach.pl\/wp-content\/uploads\/2023\/01\/Autobus-turysci-Gran-Canaria-305x207.jpg",305,207,true],"cvmm-portrait":["http:\/\/nakanarach.pl\/wp-content\/uploads\/2023\/01\/Autobus-turysci-Gran-Canaria-400x600.jpg",400,600,true],"cvmm-medium-square":["http:\/\/nakanarach.pl\/wp-content\/uploads\/2023\/01\/Autobus-turysci-Gran-Canaria-600x600.jpg",600,600,true],"cvmm-large":["http:\/\/nakanarach.pl\/wp-content\/uploads\/2023\/01\/Autobus-turysci-Gran-Canaria-1024x1024.jpg",1024,1024,true],"cvmm-small":["http:\/\/nakanarach.pl\/wp-content\/uploads\/2023\/01\/Autobus-turysci-Gran-Canaria-130x95.jpg",130,95,true],"full":["http:\/\/nakanarach.pl\/wp-content\/uploads\/2023\/01\/Autobus-turysci-Gran-Canaria-scaled.jpg",2560,1440,false]},"_links":{"self":[{"href":"http:\/\/nakanarach.pl\/index.php\/wp-json\/wp\/v2\/posts\/6261","targetHints":{"allow":["GET"]}}],"collection":[{"href":"http:\/\/nakanarach.pl\/index.php\/wp-json\/wp\/v2\/posts"}],"about":[{"href":"http:\/\/nakanarach.pl\/index.php\/wp-json\/wp\/v2\/types\/post"}],"author":[{"embeddable":true,"href":"http:\/\/nakanarach.pl\/index.php\/wp-json\/wp\/v2\/users\/4"}],"replies":[{"embeddable":true,"href":"http:\/\/nakanarach.pl\/index.php\/wp-json\/wp\/v2\/comments?post=6261"}],"version-history":[{"count":4,"href":"http:\/\/nakanarach.pl\/index.php\/wp-json\/wp\/v2\/posts\/6261\/revisions"}],"predecessor-version":[{"id":6265,"href":"http:\/\/nakanarach.pl\/index.php\/wp-json\/wp\/v2\/posts\/6261\/revisions\/6265"}],"wp:featuredmedia":[{"embeddable":true,"href":"http:\/\/nakanarach.pl\/index.php\/wp-json\/wp\/v2\/media\/6266"}],"wp:attachment":[{"href":"http:\/\/nakanarach.pl\/index.php\/wp-json\/wp\/v2\/media?parent=6261"}],"wp:term":[{"taxonomy":"category","embeddable":true,"href":"http:\/\/nakanarach.pl\/index.php\/wp-json\/wp\/v2\/categories?post=6261"},{"taxonomy":"post_tag","embeddable":true,"href":"http:\/\/nakanarach.pl\/index.php\/wp-json\/wp\/v2\/tags?post=6261"}],"curies":[{"name":"wp","href":"https:\/\/api.w.org\/{rel}","templated":true}]}}