{"id":6268,"date":"2023-01-13T12:11:52","date_gmt":"2023-01-13T12:11:52","guid":{"rendered":"https:\/\/nakanarach.pl\/?p=6268"},"modified":"2023-01-23T10:45:25","modified_gmt":"2023-01-23T10:45:25","slug":"koronawirus-na-wyspach-kanaryjskich","status":"publish","type":"post","link":"http:\/\/nakanarach.pl\/index.php\/2023\/01\/13\/koronawirus-na-wyspach-kanaryjskich\/","title":{"rendered":"KORONAWIRUS NA WYSPACH KANARYJSKICH (AKTUALIZACJA)"},"content":{"rendered":"\n<p><strong>Kanaryjska La Gomera spad\u0142a na najni\u017cszy poziom ryzyka zdrowotnego, podobnie jak reszta wysp z powodu Covid-19. Pomimo tego w niekt\u00f3rych przypadkach trzeba nadal nosi\u0107 maseczki zas\u0142aniaj\u0105ce usta i nos. <\/strong><\/p>\n\n\n\n<p>Wed\u0142ug raportu Ministerstwa Zdrowia wyspa Gran Canaria przesz\u0142a z 2 do poziomu alarmowego 1, czyli do niskiego ryzyka, bior\u0105c pod uwag\u0119 ewolucj\u0119 wska\u017anik\u00f3w opieki, a pozosta\u0142e wyspy nadal znajduj\u0105 si\u0119 na tym samym poziomie alarmowym, w kt\u00f3rym by\u0142y, czyli na 1 &#8211; najni\u017cszym. Z kolei La Gomera znajduje si\u0119 na poziomie 2 o \u015brednim ryzyku zagro\u017cenia, w kt\u00f3rym pozostanie do 19 stycznia 2023 roku w\u0142\u0105cznie.<\/p>\n\n\n\n<p>W\u0142adze informuj\u0105, \u017ce dzienna \u015brednia \u0142\u00f3\u017cek szpitalnych zajmowanych przez pacjent\u00f3w z Covid-19 wynosi 2,9 procent na archipelagu. Natomiast ob\u0142o\u017cenie \u0142\u00f3\u017cek na OIOM jest r\u00f3wnie\u017c utrzymywane w kontrolowanym obiegu na wszystkich wyspach ze wska\u017anikiem ob\u0142o\u017cenia na poziomie 2,5 procent. <\/p>\n\n\n\n<p>W ca\u0142ej Wsp\u00f3lnocie Autonomicznej siedmiodniowy, skumulowany wsp\u00f3\u0142czynnik zapadalno\u015bci na zaka\u017cenie koronawirusem dla os\u00f3b powy\u017cej 60. roku \u017cycia wynosi 139,9 przypadk\u00f3w na 100 tysi\u0119cy mieszka\u0144c\u00f3w. <\/p>\n\n\n\n<p>Na pocz\u0105tku 2023 roku na Wyspach Kanaryjskich nie ma \u017cadnych ogranicze\u0144 w funkcjonowaniu lokali gastronomicznych i dyskotek. <\/p>\n\n\n\n<p>Jedynym wyj\u0105tkiem jest stosowanie maseczek w transporcie publicznym (tutaj wym\u00f3g jest rygorystycznie przestrzegany) i w taks\u00f3wkach (cho\u0107 cz\u0119sto zale\u017cy to od indywidualnej decyzji taks\u00f3wkarza) oraz w aptekach i plac\u00f3wkach s\u0142u\u017cby zdrowia. <\/p>\n\n\n\n<p class=\"has-white-color has-vivid-red-background-color has-text-color has-background\"><strong>AKTUALIZACJA 20.01.2023<\/strong><\/p>\n\n\n\n<p>Ministerstwo Zdrowia poinformowa\u0142o, \u017ce La Gomera pod\u0105\u017cy\u0142a za Gran Canari\u0105 i powr\u00f3ci\u0142a do najni\u017cszego poziomu 1 alertu dla Covid-19 ze wzgl\u0119du na ewolucj\u0119 wska\u017anik\u00f3w opieki i nisk\u0105 ilo\u015b\u0107 zachorowa\u0144. <\/p>\n\n\n\n<p>Foto: Czytelnik<\/p>\n","protected":false},"excerpt":{"rendered":"<p>Kanaryjska La Gomera spad\u0142a na najni\u017cszy poziom ryzyka zdrowotnego, podobnie jak reszta wysp z powodu Covid-19. Pomimo tego w niekt\u00f3rych przypadkach trzeba nadal nosi\u0107 maseczki zas\u0142aniaj\u0105ce usta i nos. Wed\u0142ug raportu Ministerstwa Zdrowia wyspa Gran Canaria przesz\u0142a z 2 do poziomu alarmowego 1, czyli do niskiego ryzyka, bior\u0105c pod uwag\u0119 ewolucj\u0119 wska\u017anik\u00f3w opieki, a pozosta\u0142e [&hellip;]<\/p>\n","protected":false},"author":4,"featured_media":3503,"comment_status":"closed","ping_status":"open","sticky":false,"template":"","format":"standard","meta":{"om_disable_all_campaigns":false,"_monsterinsights_skip_tracking":false,"_monsterinsights_sitenote_active":false,"_monsterinsights_sitenote_note":"","_monsterinsights_sitenote_category":0,"footnotes":""},"categories":[23],"tags":[],"class_list":["post-6268","post","type-post","status-publish","format-standard","has-post-thumbnail","hentry","category-covid-19"],"aioseo_notices":[],"blog_post_layout_featured_media_urls":{"thumbnail":["http:\/\/nakanarach.pl\/wp-content\/uploads\/2021\/12\/Koronawirus-Tablica-przy-plazy-150x150.jpg",150,150,true],"full":["http:\/\/nakanarach.pl\/wp-content\/uploads\/2021\/12\/Koronawirus-Tablica-przy-plazy.jpg",1200,540,false]},"categories_names":{"23":{"name":"Covid-19","link":"http:\/\/nakanarach.pl\/index.php\/category\/covid-19\/"}},"tags_names":[],"comments_number":"0","wpmagazine_modules_lite_featured_media_urls":{"thumbnail":["http:\/\/nakanarach.pl\/wp-content\/uploads\/2021\/12\/Koronawirus-Tablica-przy-plazy-150x150.jpg",150,150,true],"cvmm-medium":["http:\/\/nakanarach.pl\/wp-content\/uploads\/2021\/12\/Koronawirus-Tablica-przy-plazy-300x300.jpg",300,300,true],"cvmm-medium-plus":["http:\/\/nakanarach.pl\/wp-content\/uploads\/2021\/12\/Koronawirus-Tablica-przy-plazy-305x207.jpg",305,207,true],"cvmm-portrait":["http:\/\/nakanarach.pl\/wp-content\/uploads\/2021\/12\/Koronawirus-Tablica-przy-plazy-400x540.jpg",400,540,true],"cvmm-medium-square":["http:\/\/nakanarach.pl\/wp-content\/uploads\/2021\/12\/Koronawirus-Tablica-przy-plazy-600x540.jpg",600,540,true],"cvmm-large":["http:\/\/nakanarach.pl\/wp-content\/uploads\/2021\/12\/Koronawirus-Tablica-przy-plazy-1024x540.jpg",1024,540,true],"cvmm-small":["http:\/\/nakanarach.pl\/wp-content\/uploads\/2021\/12\/Koronawirus-Tablica-przy-plazy-130x95.jpg",130,95,true],"full":["http:\/\/nakanarach.pl\/wp-content\/uploads\/2021\/12\/Koronawirus-Tablica-przy-plazy.jpg",1200,540,false]},"_links":{"self":[{"href":"http:\/\/nakanarach.pl\/index.php\/wp-json\/wp\/v2\/posts\/6268","targetHints":{"allow":["GET"]}}],"collection":[{"href":"http:\/\/nakanarach.pl\/index.php\/wp-json\/wp\/v2\/posts"}],"about":[{"href":"http:\/\/nakanarach.pl\/index.php\/wp-json\/wp\/v2\/types\/post"}],"author":[{"embeddable":true,"href":"http:\/\/nakanarach.pl\/index.php\/wp-json\/wp\/v2\/users\/4"}],"replies":[{"embeddable":true,"href":"http:\/\/nakanarach.pl\/index.php\/wp-json\/wp\/v2\/comments?post=6268"}],"version-history":[{"count":2,"href":"http:\/\/nakanarach.pl\/index.php\/wp-json\/wp\/v2\/posts\/6268\/revisions"}],"predecessor-version":[{"id":6323,"href":"http:\/\/nakanarach.pl\/index.php\/wp-json\/wp\/v2\/posts\/6268\/revisions\/6323"}],"wp:featuredmedia":[{"embeddable":true,"href":"http:\/\/nakanarach.pl\/index.php\/wp-json\/wp\/v2\/media\/3503"}],"wp:attachment":[{"href":"http:\/\/nakanarach.pl\/index.php\/wp-json\/wp\/v2\/media?parent=6268"}],"wp:term":[{"taxonomy":"category","embeddable":true,"href":"http:\/\/nakanarach.pl\/index.php\/wp-json\/wp\/v2\/categories?post=6268"},{"taxonomy":"post_tag","embeddable":true,"href":"http:\/\/nakanarach.pl\/index.php\/wp-json\/wp\/v2\/tags?post=6268"}],"curies":[{"name":"wp","href":"https:\/\/api.w.org\/{rel}","templated":true}]}}