{"id":6428,"date":"2023-02-10T22:34:00","date_gmt":"2023-02-10T22:34:00","guid":{"rendered":"https:\/\/nakanarach.pl\/?p=6428"},"modified":"2023-02-21T14:58:28","modified_gmt":"2023-02-21T14:58:28","slug":"zanussi-odwiedzi-kanary","status":"publish","type":"post","link":"http:\/\/nakanarach.pl\/index.php\/2023\/02\/10\/zanussi-odwiedzi-kanary\/","title":{"rendered":"ZANUSSI ODWIEDZI\u0141 KANARY"},"content":{"rendered":"\n<p><strong>Jeden z najwybiteniejszych polskich re\u017cyser\u00f3w Krzysztof Zanussi odwiedzi\u0142 Wyspy Kanaryjskie. <\/strong><\/p>\n\n\n\n<p>9 lutego 2023 roku wybitny polski filmowiec Krzysztof Zanussi poprowadzi\u0142 na Teneryfie warsztaty, kt\u00f3rymi rozpocz\u0105\u0142 si\u0119 cykl filmowy  zatytu\u0142owany \u201ePer\u0142y polskiego kina\u201d. Przy okazji odb\u0119dzie si\u0119 projekcja jego filmu  pt. \u201eConstans\u201d (1991 r.).<\/p>\n\n\n\n<p>Re\u017cyser urodzi\u0142 si\u0119 w Warszawie w 1939 roku, zosta\u0142 nagrodzony na festiwalach w Wenecji i Valladolid, ma na swoim koncie ponad 30 tytu\u0142\u00f3w, w ramach filmografii zapocz\u0105tkowanej w 1969 roku \u201eStruktur\u0105 Kryszta\u0142u\u201d i si\u0119gaj\u0105cej po wydanym w 2014 roku \u201eObcym Ciele\u201d. <\/p>\n\n\n\n<p>Opr\u00f3cz tego zaplanowano inne klasyki polskiego kina: \u201ePopi\u00f3\u0142 i diament\u201d Andrzeja Wajdy, \u201eSanatorium pod klepsydr\u0105\u201d, Wojciecha J. Hasa oraz \u201ePoci\u0105g\u201d Jerzego Kawalerowicza. <\/p>\n\n\n\n<figure class=\"wp-block-image size-full\"><img decoding=\"async\" src=\"http:\/\/nakanarach.pl\/wp-content\/uploads\/2023\/02\/Zanussi.jpg\" alt=\"\" class=\"wp-image-6429\"\/><\/figure>\n\n\n\n<p>Wydarzenia ca\u0142ego cyklu potrwaj\u0105 do 3 marca 2023 roku. <\/p>\n\n\n\n<p>Wst\u0119p jest wolny.<\/p>\n\n\n\n<p>Wi\u0119cej informacji na temat wydarzenia:  <a href=\"https:\/\/l.facebook.com\/l.php?u=https%3A%2F%2Fteatenerife.es%2Factividad%2Fkrzysztof-zanussi%2F2640%3Ffbclid%3DIwAR1R8i_hKHBrMrh9OEu23iBeY2tp-V4djGkXdZ-ekeJn9rrPez7vmVmjfxE&amp;h=AT2fPZp-az8tz4eKYaFwdDeTGXwfys-8LERw1KZQSRLQKm_wdVld0zyPLCQN6qchfM57KwhQtk88dX9-3vWxEEri2dU7cdSp-HQUzSq7_Um7N3TeOyaVnio0Wui8T5lEvawI&amp;__tn__=-UK-R&amp;c[0]=AT2xZ2UVrK-7Wy1RBZfIzDVrCjtpqK7-3GGctHoEA1xmeOi3ho0Ou96FrqivwAhOnYbEOgK3KqJ1oBnmROME2awCt0_2LmwdG9y4Ncou8klpB8CGAsbU-iKVTuiuheANhu8Vl4nMmOtGdl7sEnW4M70vZDzy4aWkF9ysdF3EF6ZNK3yBAjkclVKpA1fF6-brWa08p5lM5Ot8\" target=\"_blank\" rel=\"noreferrer noopener\">https:\/\/teatenerife.es\/actividad\/krzysztof-zanussi\/2640<\/a><\/p>\n\n\n\n<p>Foto: Facebook\/Projecto Perfect, <strong>AVA Arts Foundation<\/strong><\/p>\n","protected":false},"excerpt":{"rendered":"<p>Jeden z najwybiteniejszych polskich re\u017cyser\u00f3w Krzysztof Zanussi odwiedzi\u0142 Wyspy Kanaryjskie. 9 lutego 2023 roku wybitny polski filmowiec Krzysztof Zanussi poprowadzi\u0142 na Teneryfie warsztaty, kt\u00f3rymi rozpocz\u0105\u0142 si\u0119 cykl filmowy zatytu\u0142owany \u201ePer\u0142y polskiego kina\u201d. Przy okazji odb\u0119dzie si\u0119 projekcja jego filmu pt. \u201eConstans\u201d (1991 r.). Re\u017cyser urodzi\u0142 si\u0119 w Warszawie w 1939 roku, zosta\u0142 nagrodzony na festiwalach [&hellip;]<\/p>\n","protected":false},"author":4,"featured_media":6519,"comment_status":"closed","ping_status":"open","sticky":false,"template":"","format":"standard","meta":{"om_disable_all_campaigns":false,"_monsterinsights_skip_tracking":false,"_monsterinsights_sitenote_active":false,"_monsterinsights_sitenote_note":"","_monsterinsights_sitenote_category":0,"footnotes":""},"categories":[12],"tags":[],"class_list":["post-6428","post","type-post","status-publish","format-standard","has-post-thumbnail","hentry","category-aktualnosci"],"aioseo_notices":[],"blog_post_layout_featured_media_urls":{"thumbnail":["http:\/\/nakanarach.pl\/wp-content\/uploads\/2023\/02\/Rezyser-na-Teneryfie-150x150.jpg",150,150,true],"full":["http:\/\/nakanarach.pl\/wp-content\/uploads\/2023\/02\/Rezyser-na-Teneryfie-scaled.jpg",2560,1152,false]},"categories_names":{"12":{"name":"Aktualno\u015bci","link":"http:\/\/nakanarach.pl\/index.php\/category\/aktualnosci\/"}},"tags_names":[],"comments_number":"0","wpmagazine_modules_lite_featured_media_urls":{"thumbnail":["http:\/\/nakanarach.pl\/wp-content\/uploads\/2023\/02\/Rezyser-na-Teneryfie-150x150.jpg",150,150,true],"cvmm-medium":["http:\/\/nakanarach.pl\/wp-content\/uploads\/2023\/02\/Rezyser-na-Teneryfie-300x300.jpg",300,300,true],"cvmm-medium-plus":["http:\/\/nakanarach.pl\/wp-content\/uploads\/2023\/02\/Rezyser-na-Teneryfie-305x207.jpg",305,207,true],"cvmm-portrait":["http:\/\/nakanarach.pl\/wp-content\/uploads\/2023\/02\/Rezyser-na-Teneryfie-400x600.jpg",400,600,true],"cvmm-medium-square":["http:\/\/nakanarach.pl\/wp-content\/uploads\/2023\/02\/Rezyser-na-Teneryfie-600x600.jpg",600,600,true],"cvmm-large":["http:\/\/nakanarach.pl\/wp-content\/uploads\/2023\/02\/Rezyser-na-Teneryfie-1024x1024.jpg",1024,1024,true],"cvmm-small":["http:\/\/nakanarach.pl\/wp-content\/uploads\/2023\/02\/Rezyser-na-Teneryfie-130x95.jpg",130,95,true],"full":["http:\/\/nakanarach.pl\/wp-content\/uploads\/2023\/02\/Rezyser-na-Teneryfie-scaled.jpg",2560,1152,false]},"_links":{"self":[{"href":"http:\/\/nakanarach.pl\/index.php\/wp-json\/wp\/v2\/posts\/6428","targetHints":{"allow":["GET"]}}],"collection":[{"href":"http:\/\/nakanarach.pl\/index.php\/wp-json\/wp\/v2\/posts"}],"about":[{"href":"http:\/\/nakanarach.pl\/index.php\/wp-json\/wp\/v2\/types\/post"}],"author":[{"embeddable":true,"href":"http:\/\/nakanarach.pl\/index.php\/wp-json\/wp\/v2\/users\/4"}],"replies":[{"embeddable":true,"href":"http:\/\/nakanarach.pl\/index.php\/wp-json\/wp\/v2\/comments?post=6428"}],"version-history":[{"count":2,"href":"http:\/\/nakanarach.pl\/index.php\/wp-json\/wp\/v2\/posts\/6428\/revisions"}],"predecessor-version":[{"id":6520,"href":"http:\/\/nakanarach.pl\/index.php\/wp-json\/wp\/v2\/posts\/6428\/revisions\/6520"}],"wp:featuredmedia":[{"embeddable":true,"href":"http:\/\/nakanarach.pl\/index.php\/wp-json\/wp\/v2\/media\/6519"}],"wp:attachment":[{"href":"http:\/\/nakanarach.pl\/index.php\/wp-json\/wp\/v2\/media?parent=6428"}],"wp:term":[{"taxonomy":"category","embeddable":true,"href":"http:\/\/nakanarach.pl\/index.php\/wp-json\/wp\/v2\/categories?post=6428"},{"taxonomy":"post_tag","embeddable":true,"href":"http:\/\/nakanarach.pl\/index.php\/wp-json\/wp\/v2\/tags?post=6428"}],"curies":[{"name":"wp","href":"https:\/\/api.w.org\/{rel}","templated":true}]}}