{"id":7004,"date":"2023-08-10T08:01:00","date_gmt":"2023-08-10T07:01:00","guid":{"rendered":"https:\/\/nakanarach.pl\/?p=7004"},"modified":"2023-08-10T16:59:32","modified_gmt":"2023-08-10T15:59:32","slug":"cirque-du-soleil-na-gran-canarii","status":"publish","type":"post","link":"http:\/\/nakanarach.pl\/index.php\/2023\/08\/10\/cirque-du-soleil-na-gran-canarii\/","title":{"rendered":"CIRQUE DU SOLEIL NA GRAN CANARII"},"content":{"rendered":"\n<p><strong>Najlepszy na \u015bwiecie cyrk Cirque du Soleil zawita w dniach 12-20 sierpnia 2023 roku na Gran Canari\u0119. B\u0119d\u0105 to jedyne wyst\u0119py na Wyspach Kanaryjskich. <\/strong><\/p>\n\n\n\n<p>Jak w ka\u017cdym ze spektakli nie zabraknie wydowiskowych pokaz\u00f3w akrobatycznych i niezwyk\u0142ych kostium\u00f3w. <\/p>\n\n\n\n<p>Podczas trasy w Europie pokazywany jest spektakl pt. OVO. <\/p>\n\n\n\n<p>Pokaz zanurza widz\u00f3w w ukrytym wszech\u015bwiecie \u017cyj\u0105cym u naszych st\u00f3p; ekosystemie t\u0119tni\u0105cym \u017cyciem i niewidzialnymi istotami &#8211; owadami, kt\u00f3re pracuj\u0105, jedz\u0105, pe\u0142zaj\u0105, trzepocz\u0105, ucztuj\u0105, walcz\u0105 i s\u0105dz\u0105 si\u0119 mi\u0119dzy sob\u0105 w ci\u0105g\u0142ej eksplozji energii i ruchu.<\/p>\n\n\n\n<p>Tym razem b\u0119dzie pokazana historia wspania\u0142ej biedronki, kt\u00f3ra przyci\u0105ga wzrok niezgrabnego, niezwyk\u0142ego owada, kt\u00f3ry w\u0142a\u015bnie wprowadzi\u0142 si\u0119 do tej t\u0119tni\u0105cej \u017cyciem dzielnicy i oboje natychmiast si\u0119 w sobie zakochuj\u0105.<\/p>\n\n\n\n<p>OVO to 100-minutowy wyst\u0119p, w tym 25-minutowa przerwa.<\/p>\n\n\n\n<p>Foto: cirquedusoleil.com<\/p>\n","protected":false},"excerpt":{"rendered":"<p>Najlepszy na \u015bwiecie cyrk Cirque du Soleil zawita w dniach 12-20 sierpnia 2023 roku na Gran Canari\u0119. B\u0119d\u0105 to jedyne wyst\u0119py na Wyspach Kanaryjskich. Jak w ka\u017cdym ze spektakli nie zabraknie wydowiskowych pokaz\u00f3w akrobatycznych i niezwyk\u0142ych kostium\u00f3w. Podczas trasy w Europie pokazywany jest spektakl pt. OVO. Pokaz zanurza widz\u00f3w w ukrytym wszech\u015bwiecie \u017cyj\u0105cym u naszych [&hellip;]<\/p>\n","protected":false},"author":4,"featured_media":0,"comment_status":"closed","ping_status":"open","sticky":false,"template":"","format":"standard","meta":{"om_disable_all_campaigns":false,"_monsterinsights_skip_tracking":false,"_monsterinsights_sitenote_active":false,"_monsterinsights_sitenote_note":"","_monsterinsights_sitenote_category":0,"footnotes":""},"categories":[12,54],"tags":[],"class_list":["post-7004","post","type-post","status-publish","format-standard","hentry","category-aktualnosci","category-imprezy"],"aioseo_notices":[],"blog_post_layout_featured_media_urls":{"thumbnail":"","full":""},"categories_names":{"12":{"name":"Aktualno\u015bci","link":"http:\/\/nakanarach.pl\/index.php\/category\/aktualnosci\/"},"54":{"name":"Imprezy","link":"http:\/\/nakanarach.pl\/index.php\/category\/imprezy\/"}},"tags_names":[],"comments_number":"0","wpmagazine_modules_lite_featured_media_urls":{"thumbnail":"","cvmm-medium":"","cvmm-medium-plus":"","cvmm-portrait":"","cvmm-medium-square":"","cvmm-large":"","cvmm-small":"","full":""},"_links":{"self":[{"href":"http:\/\/nakanarach.pl\/index.php\/wp-json\/wp\/v2\/posts\/7004","targetHints":{"allow":["GET"]}}],"collection":[{"href":"http:\/\/nakanarach.pl\/index.php\/wp-json\/wp\/v2\/posts"}],"about":[{"href":"http:\/\/nakanarach.pl\/index.php\/wp-json\/wp\/v2\/types\/post"}],"author":[{"embeddable":true,"href":"http:\/\/nakanarach.pl\/index.php\/wp-json\/wp\/v2\/users\/4"}],"replies":[{"embeddable":true,"href":"http:\/\/nakanarach.pl\/index.php\/wp-json\/wp\/v2\/comments?post=7004"}],"version-history":[{"count":2,"href":"http:\/\/nakanarach.pl\/index.php\/wp-json\/wp\/v2\/posts\/7004\/revisions"}],"predecessor-version":[{"id":7011,"href":"http:\/\/nakanarach.pl\/index.php\/wp-json\/wp\/v2\/posts\/7004\/revisions\/7011"}],"wp:attachment":[{"href":"http:\/\/nakanarach.pl\/index.php\/wp-json\/wp\/v2\/media?parent=7004"}],"wp:term":[{"taxonomy":"category","embeddable":true,"href":"http:\/\/nakanarach.pl\/index.php\/wp-json\/wp\/v2\/categories?post=7004"},{"taxonomy":"post_tag","embeddable":true,"href":"http:\/\/nakanarach.pl\/index.php\/wp-json\/wp\/v2\/tags?post=7004"}],"curies":[{"name":"wp","href":"https:\/\/api.w.org\/{rel}","templated":true}]}}