{"id":7115,"date":"2025-08-26T07:18:00","date_gmt":"2025-08-26T06:18:00","guid":{"rendered":"https:\/\/nakanarach.pl\/?p=7115"},"modified":"2025-08-27T12:02:21","modified_gmt":"2025-08-27T11:02:21","slug":"niezwykly-festyn-serc","status":"publish","type":"post","link":"http:\/\/nakanarach.pl\/index.php\/2025\/08\/26\/niezwykly-festyn-serc\/","title":{"rendered":"NIEZWYK\u0141Y FESTYN SERC"},"content":{"rendered":"\n<p><strong>TENERYFA: Do ko\u0144ca sierpnia potrwaj\u0105 spektakularne wydarzenia zwi\u0105zane z festiwalem serc na najwi\u0119kszej kanaryjskiej wyspie. To jednak nie jest jedyne miejsce na najwi\u0119kszej wyspie archipelagu, kt\u00f3re zwi\u0105zane jest z symbolem serca. <\/strong><\/p>\n\n\n\n<p>Na Teneryfie jest kilka miejsc oznaczanych sercem. Boca Cangrejoto to urokliwa i licznie odwiedzana przez turyst\u00f3w wioska ze wzgl\u0119du na dziesi\u0105tki serc namalowanych na \u015bcianach, chodnikach i \u0142awkach przez miejscowego artyst\u0119 Rafaela.&nbsp;<\/p>\n\n\n\n<figure class=\"wp-block-image size-large\"><img fetchpriority=\"high\" decoding=\"async\" width=\"1024\" height=\"473\" src=\"http:\/\/nakanarach.pl\/wp-content\/uploads\/2024\/09\/Serce2-1024x473.jpg\" alt=\"\" class=\"wp-image-8554\" srcset=\"http:\/\/nakanarach.pl\/wp-content\/uploads\/2024\/09\/Serce2-1024x473.jpg 1024w, http:\/\/nakanarach.pl\/wp-content\/uploads\/2024\/09\/Serce2-300x139.jpg 300w, http:\/\/nakanarach.pl\/wp-content\/uploads\/2024\/09\/Serce2-768x355.jpg 768w, http:\/\/nakanarach.pl\/wp-content\/uploads\/2024\/09\/Serce2-1536x709.jpg 1536w, http:\/\/nakanarach.pl\/wp-content\/uploads\/2024\/09\/Serce2-2048x946.jpg 2048w\" sizes=\"(max-width: 1024px) 100vw, 1024px\" \/><figcaption class=\"wp-element-caption\"><em><strong>Foto: Facebook\/Terramare Medioambiente&nbsp;<\/strong><\/em><\/figcaption><\/figure>\n\n\n\n<p>Uwa\u017ca si\u0119 te\u017c, \u017ce stolica Teneryfy Santa Cruz de Tenerife jest &#8222;t\u0119tni\u0105cym sercem wyspy&#8221; i to w\u0142a\u015bnie tu odbywa si\u0119 najwi\u0119kszy karnawa\u0142 w Europie i zarazem drugi co do wielko\u015bci &#8211; po Brazylii &#8211; na \u015bwiecie. Centrum miasta Plaza de Espa\u00f1a (t\u0142um. Plac Hiszpa\u0144skie) jest &#8222;sercem&#8221; stolicy, gdzie odbywaj\u0105 si\u0119 najwa\u017cniejsze wydarzenia spo\u0142eczne, kulturalne i muzyczne. Natomiast co roku pod koniec sierpnia w Tejinie wznosi si\u0119 monumentalne, dekorowane serca z ga\u0142\u0119zi buku. <\/p>\n\n\n\n<p>To wieloletnia tradycja miejscowo\u015bci Tejina, w gminie Santa Cruz &#8211; La Laguna.&nbsp;To jeden z najbardziej oryginalnych festyn\u00f3w ludowych na tej wyspie, kt\u00f3ry co roku przyci\u0105ga tysi\u0105ce turyst\u00f3w i mieszka\u0144c\u00f3w.<\/p>\n\n\n\n<figure class=\"wp-block-image size-full\"><img decoding=\"async\" width=\"960\" height=\"595\" src=\"https:\/\/nakanarach.pl\/wp-content\/uploads\/2023\/08\/Serca-Tejina.jpg\" alt=\"\" class=\"wp-image-11272\" srcset=\"http:\/\/nakanarach.pl\/wp-content\/uploads\/2023\/08\/Serca-Tejina.jpg 960w, http:\/\/nakanarach.pl\/wp-content\/uploads\/2023\/08\/Serca-Tejina-300x186.jpg 300w, http:\/\/nakanarach.pl\/wp-content\/uploads\/2023\/08\/Serca-Tejina-768x476.jpg 768w\" sizes=\"(max-width: 960px) 100vw, 960px\" \/><figcaption class=\"wp-element-caption\"><em><strong>Foto: Facebook\/Corazones de Tejina&nbsp;<\/strong><\/em><\/figcaption><\/figure>\n\n\n\n<p>Festyn znany jako Serca z Tejina (Corazones de Tejina), odbywa si\u0119 ku czci \u015bw. Bart\u0142omieja. Jego niezwyk\u0142a nazwa wywodzi si\u0119 od tradycji przygotowywania z ga\u0142\u0119zi buku trzech olbrzymich serc o wysoko\u015bci 12 metr\u00f3w, ozdobionych kwiatami, owocami i wieloma innymi elementami dekoracyjnymi.<\/p>\n\n\n\n<p>Z tej okazji w miasteczku trwa rywalizacja mi\u0119dzy s\u0105siadami z ulic Calle de Arriba, Calle de Abajo i El Pico, kt\u00f3rzy prze\u015bcigaj\u0105 si\u0119 w przygotowaniu najpi\u0119kniejszego z&nbsp;serc.&nbsp;<\/p>\n\n\n\n<p>Opr\u00f3cz s\u0142ynnego podniesienia serc, festyn znany jest z wielu innych niepowtarzalnych, tradycyjnych wydarze\u0144 takich jak np. Quema del harag\u00e1n &#8211; czyli widowiskowy akt palenia kuk\u0142y, kt\u00f3ry ko\u0144czy \u015bwi\u0119to.<\/p>\n\n\n\n<figure class=\"wp-block-image size-large\"><img decoding=\"async\" width=\"724\" height=\"1024\" src=\"https:\/\/nakanarach.pl\/wp-content\/uploads\/2023\/08\/Corazones-2025-724x1024.jpg\" alt=\"\" class=\"wp-image-11273\" srcset=\"http:\/\/nakanarach.pl\/wp-content\/uploads\/2023\/08\/Corazones-2025-724x1024.jpg 724w, http:\/\/nakanarach.pl\/wp-content\/uploads\/2023\/08\/Corazones-2025-212x300.jpg 212w, http:\/\/nakanarach.pl\/wp-content\/uploads\/2023\/08\/Corazones-2025-768x1086.jpg 768w, http:\/\/nakanarach.pl\/wp-content\/uploads\/2023\/08\/Corazones-2025.jpg 1080w\" sizes=\"(max-width: 724px) 100vw, 724px\" \/><\/figure>\n\n\n\n<p>W 2025 roku uczestnicy mog\u0105 te\u017c wzi\u0105\u0107 udzia\u0142 w konkursie fotograficznym.<\/p>\n\n\n\n<p><strong>ZOBACZ NASZ ARTYKU\u0141<\/strong> na najwi\u0119kszym polskim portalu Wirtualna Polska: <\/p>\n\n\n\n<p><a href=\"https:\/\/turystyka.wp.pl\/s\/nakanarach-pl\/nietypowy-festiwal-tysiace-turystow-w-malym-miasteczku-na-teneryfie-7193382682323712a\">https:\/\/turystyka.wp.pl\/s\/nakanarach-pl\/nietypowy-festiwal-tysiace-turystow-w-malym-miasteczku-na-teneryfie-7193382682323712a<\/a><\/p>\n\n\n\n<p>Foto: Facebook\/Ayuntamiento La Laguna, Facebook\/Corazones de Tejina, Facebook\/Terramare Medioambiente&nbsp;<\/p>\n","protected":false},"excerpt":{"rendered":"<p>TENERYFA: Do ko\u0144ca sierpnia potrwaj\u0105 spektakularne wydarzenia zwi\u0105zane z festiwalem serc na najwi\u0119kszej kanaryjskiej wyspie. To jednak nie jest jedyne miejsce na najwi\u0119kszej wyspie archipelagu, kt\u00f3re zwi\u0105zane jest z symbolem serca. Na Teneryfie jest kilka miejsc oznaczanych sercem. Boca Cangrejoto to urokliwa i licznie odwiedzana przez turyst\u00f3w wioska ze wzgl\u0119du na dziesi\u0105tki serc namalowanych na [&hellip;]<\/p>\n","protected":false},"author":4,"featured_media":7117,"comment_status":"closed","ping_status":"open","sticky":false,"template":"","format":"standard","meta":{"om_disable_all_campaigns":false,"_monsterinsights_skip_tracking":false,"_monsterinsights_sitenote_active":false,"_monsterinsights_sitenote_note":"","_monsterinsights_sitenote_category":0,"footnotes":""},"categories":[12,22],"tags":[],"class_list":["post-7115","post","type-post","status-publish","format-standard","has-post-thumbnail","hentry","category-aktualnosci","category-obyczaje"],"aioseo_notices":[],"blog_post_layout_featured_media_urls":{"thumbnail":["http:\/\/nakanarach.pl\/wp-content\/uploads\/2023\/08\/Corazones-de-Tejina-Ayuntamento-La-Laguna-150x150.jpg",150,150,true],"full":["http:\/\/nakanarach.pl\/wp-content\/uploads\/2023\/08\/Corazones-de-Tejina-Ayuntamento-La-Laguna.jpg",1500,998,false]},"categories_names":{"12":{"name":"Aktualno\u015bci","link":"http:\/\/nakanarach.pl\/index.php\/category\/aktualnosci\/"},"22":{"name":"Obyczaje","link":"http:\/\/nakanarach.pl\/index.php\/category\/obyczaje\/"}},"tags_names":[],"comments_number":"0","wpmagazine_modules_lite_featured_media_urls":{"thumbnail":["http:\/\/nakanarach.pl\/wp-content\/uploads\/2023\/08\/Corazones-de-Tejina-Ayuntamento-La-Laguna-150x150.jpg",150,150,true],"cvmm-medium":["http:\/\/nakanarach.pl\/wp-content\/uploads\/2023\/08\/Corazones-de-Tejina-Ayuntamento-La-Laguna-300x300.jpg",300,300,true],"cvmm-medium-plus":["http:\/\/nakanarach.pl\/wp-content\/uploads\/2023\/08\/Corazones-de-Tejina-Ayuntamento-La-Laguna-305x207.jpg",305,207,true],"cvmm-portrait":["http:\/\/nakanarach.pl\/wp-content\/uploads\/2023\/08\/Corazones-de-Tejina-Ayuntamento-La-Laguna-400x600.jpg",400,600,true],"cvmm-medium-square":["http:\/\/nakanarach.pl\/wp-content\/uploads\/2023\/08\/Corazones-de-Tejina-Ayuntamento-La-Laguna-600x600.jpg",600,600,true],"cvmm-large":["http:\/\/nakanarach.pl\/wp-content\/uploads\/2023\/08\/Corazones-de-Tejina-Ayuntamento-La-Laguna-1024x998.jpg",1024,998,true],"cvmm-small":["http:\/\/nakanarach.pl\/wp-content\/uploads\/2023\/08\/Corazones-de-Tejina-Ayuntamento-La-Laguna-130x95.jpg",130,95,true],"full":["http:\/\/nakanarach.pl\/wp-content\/uploads\/2023\/08\/Corazones-de-Tejina-Ayuntamento-La-Laguna.jpg",1500,998,false]},"_links":{"self":[{"href":"http:\/\/nakanarach.pl\/index.php\/wp-json\/wp\/v2\/posts\/7115","targetHints":{"allow":["GET"]}}],"collection":[{"href":"http:\/\/nakanarach.pl\/index.php\/wp-json\/wp\/v2\/posts"}],"about":[{"href":"http:\/\/nakanarach.pl\/index.php\/wp-json\/wp\/v2\/types\/post"}],"author":[{"embeddable":true,"href":"http:\/\/nakanarach.pl\/index.php\/wp-json\/wp\/v2\/users\/4"}],"replies":[{"embeddable":true,"href":"http:\/\/nakanarach.pl\/index.php\/wp-json\/wp\/v2\/comments?post=7115"}],"version-history":[{"count":9,"href":"http:\/\/nakanarach.pl\/index.php\/wp-json\/wp\/v2\/posts\/7115\/revisions"}],"predecessor-version":[{"id":11310,"href":"http:\/\/nakanarach.pl\/index.php\/wp-json\/wp\/v2\/posts\/7115\/revisions\/11310"}],"wp:featuredmedia":[{"embeddable":true,"href":"http:\/\/nakanarach.pl\/index.php\/wp-json\/wp\/v2\/media\/7117"}],"wp:attachment":[{"href":"http:\/\/nakanarach.pl\/index.php\/wp-json\/wp\/v2\/media?parent=7115"}],"wp:term":[{"taxonomy":"category","embeddable":true,"href":"http:\/\/nakanarach.pl\/index.php\/wp-json\/wp\/v2\/categories?post=7115"},{"taxonomy":"post_tag","embeddable":true,"href":"http:\/\/nakanarach.pl\/index.php\/wp-json\/wp\/v2\/tags?post=7115"}],"curies":[{"name":"wp","href":"https:\/\/api.w.org\/{rel}","templated":true}]}}