{"id":7467,"date":"2023-11-08T10:01:00","date_gmt":"2023-11-08T10:01:00","guid":{"rendered":"https:\/\/nakanarach.pl\/?p=7467"},"modified":"2023-11-21T14:43:02","modified_gmt":"2023-11-21T14:43:02","slug":"pasazerowie-opoznili-lot","status":"publish","type":"post","link":"http:\/\/nakanarach.pl\/index.php\/2023\/11\/08\/pasazerowie-opoznili-lot\/","title":{"rendered":"PASA\u017bEROWIE OP\u00d3\u0179NILI LOT"},"content":{"rendered":"\n<p><strong>Tej jesieni z winy pasa\u017cer\u00f3w op\u00f3\u017anione by\u0142y loty z Teneryfy do Londynu, a tak\u017ce z Berlina na Gran Canari\u0119. W tym ostatnim przypadku incydent dotyczy\u0142 pary Polak\u00f3w.\u00a0\u00a0<\/strong><\/p>\n\n\n\n<p>Jesieni\u0105 tego roku pasa\u017cerowie utkn\u0119li&nbsp; na Teneryfie, gdy kapitan samolotu linii EasyJet podj\u0105\u0142 ostatecznie decyzj\u0119 o odwo\u0142aniu op\u00f3\u017anionego lotu do Londynu Gatwick po tym, jak pasa\u017cer wypr\u00f3\u017cni\u0142 si\u0119 na pod\u0142og\u0119.<\/p>\n\n\n\n<p>Na filmach kr\u0105\u017c\u0105cych w internecie wida\u0107 kawa\u0142ki papieru toaletowego rozrzucone na pod\u0142odze samolotu.<\/p>\n\n\n\n<p>Wideo zaczyna si\u0119 od tego, \u017ce pilot przekaza\u0142 niezadowolonym pasa\u017cerom, m\u00f3wi\u0105c:<\/p>\n\n\n\n<p><em>&#8211; Wypr\u00f3\u017cnianie si\u0119 w przedniej toalecie jest do\u015b\u0107 zabawne, wi\u0119c zostajemy tu na noc. Zamierzamy zabra\u0107 wszystkich i zorganizowa\u0107 hotele, a nast\u0119pnie wr\u00f3cimy jutro rano.<\/em><\/p>\n\n\n\n<p>Jak informuje portal Canarian Weekly lotnisko Tenerife South jest na trzecim miejscu w ca\u0142ej Hiszpanii (po Palma de Mallorca ze 137 skargami i Alicante-Elche Miguel Hern\u00e1ndez ze 153 skargami) pod wzgl\u0119dem liczby skarg na niesfornych pasa\u017cer\u00f3w w 2023 roku. Wed\u0142ug raportu Gwardii Cywilnej najwi\u0119cej problem\u00f3w sprawiaj\u0105 podr\u00f3\u017cni z Wielkiej Brytanii, w przypadku kt\u00f3rych zanotowano 365 skarg za niesforne zachowanie, nast\u0119pne miejsca zajmuj\u0105 Hiszpanie ze 177 skargami i Niemcy z 83 skargami. Inne lotniska na archipelagu r\u00f3wnie\u017c zg\u0142osi\u0142y skargi od stycznia do sierpnia: Gran Canaria &#8211; 42, Fuerteventura &#8211; 24, Lanzarote &#8211; 19 i Tenerife North &#8211; 6.  <\/p>\n\n\n\n<p>Do innego incydentu z udzia\u0142em polskich pasa\u017cer\u00f3w dosz\u0142o jesieni\u0105 2023 roku na lotnisku Berlin Brandenburg. Wed\u0142ug relacji \u015bwiadk\u00f3w, zanim maszyna wystartowa\u0142a na Gran Canari\u0119, Polka posz\u0142a do toalety, aby\u2026 zapali\u0107 papierosa, co jest surowo zabronione i karalne. Polka najpewniej zapomnia\u0142a, \u017ce s\u0105 tam zamontowane czujniki dymu. Wezwano policj\u0119, kt\u00f3ra parze naszych rodak\u00f3w planuj\u0105cej wyjazd na wymarzone wakacje, nakaza\u0142a natychmiast opu\u015bci\u0107 pok\u0142ad samolotu. Z luku baga\u017cowego wy\u0142adowano wi\u0119kszo\u015b\u0107 toreb, aby znale\u017a\u0107 te nale\u017c\u0105ce do Polak\u00f3w. Z tego powodu samolot wylecia\u0142 z ponad godzinnym op\u00f3\u017anieniem.<\/p>\n\n\n\n<p>Foto: Czytelnik &#8211; zdj\u0119cie ilustracyjne<\/p>\n","protected":false},"excerpt":{"rendered":"<p>Tej jesieni z winy pasa\u017cer\u00f3w op\u00f3\u017anione by\u0142y loty z Teneryfy do Londynu, a tak\u017ce z Berlina na Gran Canari\u0119. W tym ostatnim przypadku incydent dotyczy\u0142 pary Polak\u00f3w.\u00a0\u00a0 Jesieni\u0105 tego roku pasa\u017cerowie utkn\u0119li&nbsp; na Teneryfie, gdy kapitan samolotu linii EasyJet podj\u0105\u0142 ostatecznie decyzj\u0119 o odwo\u0142aniu op\u00f3\u017anionego lotu do Londynu Gatwick po tym, jak pasa\u017cer wypr\u00f3\u017cni\u0142 si\u0119 [&hellip;]<\/p>\n","protected":false},"author":4,"featured_media":6875,"comment_status":"closed","ping_status":"open","sticky":false,"template":"","format":"standard","meta":{"om_disable_all_campaigns":false,"_monsterinsights_skip_tracking":false,"_monsterinsights_sitenote_active":false,"_monsterinsights_sitenote_note":"","_monsterinsights_sitenote_category":0,"footnotes":""},"categories":[77,17],"tags":[],"class_list":["post-7467","post","type-post","status-publish","format-standard","has-post-thumbnail","hentry","category-samoloty","category-turystyka"],"aioseo_notices":[],"blog_post_layout_featured_media_urls":{"thumbnail":["http:\/\/nakanarach.pl\/wp-content\/uploads\/2023\/07\/Samolot-Easyjet-Lotnisko-Gran-Canaria-150x150.jpg",150,150,true],"full":["http:\/\/nakanarach.pl\/wp-content\/uploads\/2023\/07\/Samolot-Easyjet-Lotnisko-Gran-Canaria.jpg",1777,1939,false]},"categories_names":{"77":{"name":"Samoloty","link":"http:\/\/nakanarach.pl\/index.php\/category\/samoloty\/"},"17":{"name":"Turystyka","link":"http:\/\/nakanarach.pl\/index.php\/category\/turystyka\/"}},"tags_names":[],"comments_number":"0","wpmagazine_modules_lite_featured_media_urls":{"thumbnail":["http:\/\/nakanarach.pl\/wp-content\/uploads\/2023\/07\/Samolot-Easyjet-Lotnisko-Gran-Canaria-150x150.jpg",150,150,true],"cvmm-medium":["http:\/\/nakanarach.pl\/wp-content\/uploads\/2023\/07\/Samolot-Easyjet-Lotnisko-Gran-Canaria-300x300.jpg",300,300,true],"cvmm-medium-plus":["http:\/\/nakanarach.pl\/wp-content\/uploads\/2023\/07\/Samolot-Easyjet-Lotnisko-Gran-Canaria-305x207.jpg",305,207,true],"cvmm-portrait":["http:\/\/nakanarach.pl\/wp-content\/uploads\/2023\/07\/Samolot-Easyjet-Lotnisko-Gran-Canaria-400x600.jpg",400,600,true],"cvmm-medium-square":["http:\/\/nakanarach.pl\/wp-content\/uploads\/2023\/07\/Samolot-Easyjet-Lotnisko-Gran-Canaria-600x600.jpg",600,600,true],"cvmm-large":["http:\/\/nakanarach.pl\/wp-content\/uploads\/2023\/07\/Samolot-Easyjet-Lotnisko-Gran-Canaria-1024x1024.jpg",1024,1024,true],"cvmm-small":["http:\/\/nakanarach.pl\/wp-content\/uploads\/2023\/07\/Samolot-Easyjet-Lotnisko-Gran-Canaria-130x95.jpg",130,95,true],"full":["http:\/\/nakanarach.pl\/wp-content\/uploads\/2023\/07\/Samolot-Easyjet-Lotnisko-Gran-Canaria.jpg",1777,1939,false]},"_links":{"self":[{"href":"http:\/\/nakanarach.pl\/index.php\/wp-json\/wp\/v2\/posts\/7467","targetHints":{"allow":["GET"]}}],"collection":[{"href":"http:\/\/nakanarach.pl\/index.php\/wp-json\/wp\/v2\/posts"}],"about":[{"href":"http:\/\/nakanarach.pl\/index.php\/wp-json\/wp\/v2\/types\/post"}],"author":[{"embeddable":true,"href":"http:\/\/nakanarach.pl\/index.php\/wp-json\/wp\/v2\/users\/4"}],"replies":[{"embeddable":true,"href":"http:\/\/nakanarach.pl\/index.php\/wp-json\/wp\/v2\/comments?post=7467"}],"version-history":[{"count":4,"href":"http:\/\/nakanarach.pl\/index.php\/wp-json\/wp\/v2\/posts\/7467\/revisions"}],"predecessor-version":[{"id":7569,"href":"http:\/\/nakanarach.pl\/index.php\/wp-json\/wp\/v2\/posts\/7467\/revisions\/7569"}],"wp:featuredmedia":[{"embeddable":true,"href":"http:\/\/nakanarach.pl\/index.php\/wp-json\/wp\/v2\/media\/6875"}],"wp:attachment":[{"href":"http:\/\/nakanarach.pl\/index.php\/wp-json\/wp\/v2\/media?parent=7467"}],"wp:term":[{"taxonomy":"category","embeddable":true,"href":"http:\/\/nakanarach.pl\/index.php\/wp-json\/wp\/v2\/categories?post=7467"},{"taxonomy":"post_tag","embeddable":true,"href":"http:\/\/nakanarach.pl\/index.php\/wp-json\/wp\/v2\/tags?post=7467"}],"curies":[{"name":"wp","href":"https:\/\/api.w.org\/{rel}","templated":true}]}}