{"id":7970,"date":"2024-03-14T06:24:00","date_gmt":"2024-03-14T06:24:00","guid":{"rendered":"https:\/\/nakanarach.pl\/?p=7970"},"modified":"2024-03-21T06:50:31","modified_gmt":"2024-03-21T06:50:31","slug":"wiecej-lotow-na-kanary","status":"publish","type":"post","link":"http:\/\/nakanarach.pl\/index.php\/2024\/03\/14\/wiecej-lotow-na-kanary\/","title":{"rendered":"WI\u0118CEJ LOT\u00d3W NA KANARY"},"content":{"rendered":"\n<p><strong>Jak og\u0142osi\u0142 rz\u0105d regionalny przepustowo\u015b\u0107 lotnicza Wysp Kanaryjskich wzro\u015bnie o 10% w nadchodz\u0105cym sezonie letnim, osi\u0105gaj\u0105c \u0142\u0105cznie 12,1 mln miejsc.\u00a0Oznacza to znaczny wzrost w por\u00f3wnaniu z 11 milionami miejsc dost\u0119pnych w sezonie letnim 2023 w zesz\u0142ym roku.<\/strong> <strong>Wed\u0142ug za\u0142o\u017ce\u0144 ma by\u0107 te\u017c wi\u0119cej lot\u00f3w z niemieckich lotnisk, tak\u017ce z Berlina, co ucieszy wielu Polak\u00f3w, kt\u00f3rzy ch\u0119tnie wybieraj\u0105 loty w\u0142a\u015bnie st\u0105d na rajski archipelag.  <\/strong><\/p>\n\n\n\n<p>Rz\u0105d podkre\u015bli\u0142 rozw\u00f3j po\u0142\u0105cze\u0144, szczeg\u00f3lnie z Niemcami, w ramach ci\u0105g\u0142ych wysi\u0142k\u00f3w na rzecz poprawy perspektyw turystycznych w miesi\u0105cach letnich. Z opcji wylotu bezpo\u015bredniego na Wyspy Kanaryjskie, g\u0142\u00f3wnie z lotniska Berlin Brandenburg korzysta te\u017c wielu Polak\u00f3w, ze wzgl\u0119du na ni\u017csze ceny bilet\u00f3w oraz wi\u0119kszy wyb\u00f3r linii lotniczych ni\u017c w Polsce np. Rynair, Easyjet, Vueling, Eurowings. Przy odrobinie szcz\u0119\u015bcia czasem mo\u017cna znale\u017a\u0107 loty bezpo\u015brednie ze stolicy Niemiec na Kanary mo\u017cna znale\u017a\u0107 ju\u017c za niespe\u0142na 40 euro (ok. 170 z\u0142). <\/p>\n\n\n\n<p>Minister turystyki Wysp Kanaryjskich Jessica de Le\u00f3n zauwa\u017cy\u0142a, \u017ce \u200b\u200bpo\u0142\u0105czenia z Niemcami stale si\u0119 poprawiaj\u0105 i wynosz\u0105 zaledwie 0,9% w por\u00f3wnaniu z 2019 r., przy dost\u0119pno\u015bci 1,3 mln miejsc.<\/p>\n\n\n\n<p>Przyzna\u0142a, \u017ce \u200b\u200bwyzwania, jakie stwarza pandemia, konflikt na Ukrainie i konkurencja ze strony Chin, maj\u0105 wp\u0142yw na niemieck\u0105 gospodark\u0119.\u00a0Mimo to podkre\u015bli\u0142a wyj\u0105tkow\u0105 zalet\u0119 Wysp Kanaryjskich, twierdz\u0105c, \u017ce kierunek gwarantuje, \u017ce tutaj pogoda jest ca\u0142y rok.<\/p>\n\n\n\n<p>W przeciwie\u0144stwie do konkurencji, Wyspy Kanaryjskie le\u017c\u0105ce niespe\u0142na 200 km od Afryki  odwiedza \u015brednio 54% turyst\u00f3w latem i 46% zim\u0105, co zapewnia bardziej zr\u00f3wnowa\u017con\u0105 dystrybucj\u0119 i bez t\u0142um\u00f3w ludzi na ulicach, czy pla\u017cach w por\u00f3wnaniu ze \u015bredni\u0105 hiszpa\u0144sk\u0105 wynosz\u0105c\u0105 72% latem i 28% zim\u0105.<\/p>\n\n\n\n<p>Aby jeszcze bardziej pobudzi\u0107 o\u017cywienie na rynku, De Le\u00f3n i Jos\u00e9 Juan Lorenzo, dyrektor zarz\u0105dzaj\u0105cy ds. turystyki na Wyspach Kanaryjskich przygotowuj\u0105 wsp\u00f3ln\u0105 strategi\u0119 skupion\u0105 na przyci\u0105ganiu niemieckich turyst\u00f3w.\u00a0Niemcy (po obywatelach Wielkiej Brytanii i Francji) zajmuj\u0105 trzecie miejsce pod wzgl\u0119dem znaczenia dla wysp, stanowi\u0105c 15,7% og\u00f3\u0142u odwiedzaj\u0105cych archipelag. Polacy odwiedzaj\u0105cy Hiszpani\u0119, najch\u0119tniej wybieraj\u0105 Wyspy Kanaryjskie, kt\u00f3re w 2023 roku odwiedzi\u0142o ponad 800 tys. naszych rodak\u00f3w. <\/p>\n\n\n\n<p>Tury\u015bci odwiedzaj\u0105 Wyspy Kanaryjskie przez ca\u0142y rok, szczeg\u00f3lnie zim\u0105, wykorzystuj\u0105c korzystny i niezbyt gor\u0105cy klimat archipelagu, w por\u00f3wnaniu z innymi krajami znajduj\u0105cymi si\u0119 w tropikach. Na archipelagu jest 300 s\u0142onecznych dni w roku, najcieplejsza woda w Oceanie Atlantyckim w pobli\u017cu Kanar\u00f3w jest od sierpnia do pa\u017adziernika (23-24 stopnie Celsjusza),  w lipcu &#8211; 22, w czerwcu oraz w listopadzie i grudniu ok. 21, a od stycznia do maja 19-20 stopni. \u00a0Dla por\u00f3wnania \u015brednia temperatura wody w polskim Ba\u0142tyku wynosi latem zaledwie 18 stopni.<\/p>\n\n\n\n<p>Foto: NaKanarach.pl<\/p>\n","protected":false},"excerpt":{"rendered":"<p>Jak og\u0142osi\u0142 rz\u0105d regionalny przepustowo\u015b\u0107 lotnicza Wysp Kanaryjskich wzro\u015bnie o 10% w nadchodz\u0105cym sezonie letnim, osi\u0105gaj\u0105c \u0142\u0105cznie 12,1 mln miejsc.\u00a0Oznacza to znaczny wzrost w por\u00f3wnaniu z 11 milionami miejsc dost\u0119pnych w sezonie letnim 2023 w zesz\u0142ym roku. Wed\u0142ug za\u0142o\u017ce\u0144 ma by\u0107 te\u017c wi\u0119cej lot\u00f3w z niemieckich lotnisk, tak\u017ce z Berlina, co ucieszy wielu Polak\u00f3w, kt\u00f3rzy [&hellip;]<\/p>\n","protected":false},"author":4,"featured_media":6682,"comment_status":"closed","ping_status":"open","sticky":false,"template":"","format":"standard","meta":{"om_disable_all_campaigns":false,"_monsterinsights_skip_tracking":false,"_monsterinsights_sitenote_active":false,"_monsterinsights_sitenote_note":"","_monsterinsights_sitenote_category":0,"footnotes":""},"categories":[77,17],"tags":[],"class_list":["post-7970","post","type-post","status-publish","format-standard","has-post-thumbnail","hentry","category-samoloty","category-turystyka"],"aioseo_notices":[],"blog_post_layout_featured_media_urls":{"thumbnail":["http:\/\/nakanarach.pl\/wp-content\/uploads\/2023\/05\/Lotnisko-Gran-Canaria-z-gory-150x150.jpg",150,150,true],"full":["http:\/\/nakanarach.pl\/wp-content\/uploads\/2023\/05\/Lotnisko-Gran-Canaria-z-gory-scaled.jpg",1440,2560,false]},"categories_names":{"77":{"name":"Samoloty","link":"http:\/\/nakanarach.pl\/index.php\/category\/samoloty\/"},"17":{"name":"Turystyka","link":"http:\/\/nakanarach.pl\/index.php\/category\/turystyka\/"}},"tags_names":[],"comments_number":"0","wpmagazine_modules_lite_featured_media_urls":{"thumbnail":["http:\/\/nakanarach.pl\/wp-content\/uploads\/2023\/05\/Lotnisko-Gran-Canaria-z-gory-150x150.jpg",150,150,true],"cvmm-medium":["http:\/\/nakanarach.pl\/wp-content\/uploads\/2023\/05\/Lotnisko-Gran-Canaria-z-gory-300x300.jpg",300,300,true],"cvmm-medium-plus":["http:\/\/nakanarach.pl\/wp-content\/uploads\/2023\/05\/Lotnisko-Gran-Canaria-z-gory-305x207.jpg",305,207,true],"cvmm-portrait":["http:\/\/nakanarach.pl\/wp-content\/uploads\/2023\/05\/Lotnisko-Gran-Canaria-z-gory-400x600.jpg",400,600,true],"cvmm-medium-square":["http:\/\/nakanarach.pl\/wp-content\/uploads\/2023\/05\/Lotnisko-Gran-Canaria-z-gory-600x600.jpg",600,600,true],"cvmm-large":["http:\/\/nakanarach.pl\/wp-content\/uploads\/2023\/05\/Lotnisko-Gran-Canaria-z-gory-1024x1024.jpg",1024,1024,true],"cvmm-small":["http:\/\/nakanarach.pl\/wp-content\/uploads\/2023\/05\/Lotnisko-Gran-Canaria-z-gory-130x95.jpg",130,95,true],"full":["http:\/\/nakanarach.pl\/wp-content\/uploads\/2023\/05\/Lotnisko-Gran-Canaria-z-gory-scaled.jpg",1440,2560,false]},"_links":{"self":[{"href":"http:\/\/nakanarach.pl\/index.php\/wp-json\/wp\/v2\/posts\/7970","targetHints":{"allow":["GET"]}}],"collection":[{"href":"http:\/\/nakanarach.pl\/index.php\/wp-json\/wp\/v2\/posts"}],"about":[{"href":"http:\/\/nakanarach.pl\/index.php\/wp-json\/wp\/v2\/types\/post"}],"author":[{"embeddable":true,"href":"http:\/\/nakanarach.pl\/index.php\/wp-json\/wp\/v2\/users\/4"}],"replies":[{"embeddable":true,"href":"http:\/\/nakanarach.pl\/index.php\/wp-json\/wp\/v2\/comments?post=7970"}],"version-history":[{"count":5,"href":"http:\/\/nakanarach.pl\/index.php\/wp-json\/wp\/v2\/posts\/7970\/revisions"}],"predecessor-version":[{"id":7991,"href":"http:\/\/nakanarach.pl\/index.php\/wp-json\/wp\/v2\/posts\/7970\/revisions\/7991"}],"wp:featuredmedia":[{"embeddable":true,"href":"http:\/\/nakanarach.pl\/index.php\/wp-json\/wp\/v2\/media\/6682"}],"wp:attachment":[{"href":"http:\/\/nakanarach.pl\/index.php\/wp-json\/wp\/v2\/media?parent=7970"}],"wp:term":[{"taxonomy":"category","embeddable":true,"href":"http:\/\/nakanarach.pl\/index.php\/wp-json\/wp\/v2\/categories?post=7970"},{"taxonomy":"post_tag","embeddable":true,"href":"http:\/\/nakanarach.pl\/index.php\/wp-json\/wp\/v2\/tags?post=7970"}],"curies":[{"name":"wp","href":"https:\/\/api.w.org\/{rel}","templated":true}]}}