{"id":8005,"date":"2024-03-18T06:03:00","date_gmt":"2024-03-18T06:03:00","guid":{"rendered":"https:\/\/nakanarach.pl\/?p=8005"},"modified":"2024-03-18T07:54:44","modified_gmt":"2024-03-18T07:54:44","slug":"lato-w-przedwiosniu-na-kanarach","status":"publish","type":"post","link":"http:\/\/nakanarach.pl\/index.php\/2024\/03\/18\/lato-w-przedwiosniu-na-kanarach\/","title":{"rendered":"LATO W PRZEDWIO\u015aNIU NA KANARACH"},"content":{"rendered":"\n<p><strong>Temperatury na Wyspach Kanaryjskich s\u0105 dalekie od popularnego okre\u015blenia &#8222;wyspy wiecznej wiosny&#8221;. W miniony weekend s\u0142upek rt\u0119ci na termometrach na archipelagu przekroczy\u0142 30 stopni Celsjusza, co jest warto\u015bci\u0105 bardziej dla sezonu letniego. Tymczasem kolejne miasto na Teneryfie wprowadzi\u0142o drastyczne ograniczenia w u\u017cywaniu wody z powodu wyj\u0105tkowo ciep\u0142ej zimy i post\u0119puj\u0105cej suszy.    <\/strong><\/p>\n\n\n\n<p>Od kilku miesi\u0119cy te rajskie wyspy zmagaj\u0105 si\u0119 z susz\u0105 i wysokimi temperaturami, kt\u00f3rch nie spotykano tu w sezonie zimowym od 1961 roku. W po\u0142owie marca 2024 roku kolejne miasto na Teneryfie Icod de los Vinos na p\u00f3\u0142nocy wyspy wprowadzi\u0142o ograniczenia zu\u017cycia wody. Burmistrz miasta, Javier Sierra poinformowa\u0142 ograniczenia te maj\u0105 na celu gwarantowanie dostaw wody do mieszka\u0144 i zak\u0142ad\u00f3w. Zakazy obj\u0119\u0142y podlewanie ogrod\u00f3w, sad\u00f3w, drzew, teren\u00f3w zielonych i sportowych o prywatnym charakterze. Zabronione jest te\u017c nape\u0142nianie basen\u00f3w i fontann bez dzia\u0142aj\u0105cego systemu odzysku lub zamkni\u0119tego obiegu wody. Nieprzestrzeganie tego zakazu mo\u017ce doprowadzi\u0107 do przerw w dostawie wody do mieszka\u0144c\u00f3w. <\/p>\n\n\n\n<p>Pa\u0144stwowa Agencja Meteorologiczna (Aemet) informowa\u0142a w miniony weekend o zamgleniu spowodowanym kalim\u0105 (drobny py\u0142 znad afryka\u0144skiej Sahary i ciep\u0142e masy powietrza) na wschodnich wyspach\u00a0i temperaturach przekraczaj\u0105cych 30 stopni na Lanzarote i Fuerteventurze, kt\u00f3re szczeg\u00f3lnie &#8211; obok Teneryfy &#8211; licznie odwiedzaj\u0105 Polacy. <\/p>\n\n\n\n<p>Rz\u0105d Wysp Kanaryjskich og\u0142osi\u0142 stan przedalarmowy w zwi\u0105zku mg\u0142\u0105, kt\u00f3ra w ci\u0105gu najbli\u017cszych kilku dni mo\u017ce mie\u0107 wp\u0142yw na zdrowie ludzi, zw\u0142aszcza tych cierpi\u0105cych na choroby przewlek\u0142e lub choroby uk\u0142adu oddechowego, W\u0142adze zaapelowa\u0142y dla mieszka\u0144c\u00f3w, aby z tego powodu zamyka\u0107 drzwi i okna, unika\u0107 wychodzenia na zewn\u0105trz oraz uprawiania sportu na \u015bwie\u017cym powietrzu. <\/p>\n\n\n\n<p>Zawiesina py\u0142u przyczynia si\u0119 do wysuszenia dr\u00f3g oddechowych i w wielu przypadkach mo\u017ce powodowa\u0107&nbsp;zaostrzenie stan\u00f3w lub objaw\u00f3w zwi\u0105zanych z chorobami uk\u0142adu oddechowego np. astma, osoby z przewlek\u0142\u0105 chorob\u0105 obturacyjn\u0105 (POChP), co mo\u017ce zwi\u0119kszy\u0107 w niekt\u00f3rych przypadkach liczb\u0119 wizyt na pogotowiu i hospitalizacji.<\/p>\n\n\n\n<p>Nara\u017cenie na to zanieczyszczenie mo\u017ce powodowa\u0107 dyskomfort w klatce piersiowej, kaszel, ko\u0142atanie serca, zm\u0119czenie lub zwi\u0119kszon\u0105 podatno\u015b\u0107 na infekcje dr\u00f3g oddechowych oraz podra\u017cnienie oczu.<\/p>\n\n\n\n<p>Od 18 marca 2024 roku synoptycy progonozuj\u0105 na Wyspach Kanaryjskich prawdopodobie\u0144stwo wyst\u0105pienia lokalnie bardzo silnych podmuch\u00f3w wiatru na po\u0142udniowo-wschodnich i zachodnich zboczach wysp g\u00f3rskich oraz wyst\u0119powania okres\u00f3w zachmurzenia na p\u00f3\u0142nocy wysp, a tak\u017ce na p\u00f3\u0142nocy i zachodzie Lanzarote i Fuerteventury. Dodatkowo nadal mo\u017ce by\u0107 zamglenie spowodowane kalim\u0105 i spadek temperatur nie przekraczaj\u0105cych 23 stopnie Celsjusza w cieniu. W s\u0142o\u0144cu mo\u017ce by\u0107 o kilka stopni wi\u0119cej. <\/p>\n\n\n\n<p>Foto: Nakanarach.pl<\/p>\n","protected":false},"excerpt":{"rendered":"<p>Temperatury na Wyspach Kanaryjskich s\u0105 dalekie od popularnego okre\u015blenia &#8222;wyspy wiecznej wiosny&#8221;. W miniony weekend s\u0142upek rt\u0119ci na termometrach na archipelagu przekroczy\u0142 30 stopni Celsjusza, co jest warto\u015bci\u0105 bardziej dla sezonu letniego. Tymczasem kolejne miasto na Teneryfie wprowadzi\u0142o drastyczne ograniczenia w u\u017cywaniu wody z powodu wyj\u0105tkowo ciep\u0142ej zimy i post\u0119puj\u0105cej suszy. Od kilku miesi\u0119cy te [&hellip;]<\/p>\n","protected":false},"author":4,"featured_media":8006,"comment_status":"closed","ping_status":"open","sticky":false,"template":"","format":"standard","meta":{"om_disable_all_campaigns":false,"_monsterinsights_skip_tracking":false,"_monsterinsights_sitenote_active":false,"_monsterinsights_sitenote_note":"","_monsterinsights_sitenote_category":0,"footnotes":""},"categories":[12],"tags":[],"class_list":["post-8005","post","type-post","status-publish","format-standard","has-post-thumbnail","hentry","category-aktualnosci"],"aioseo_notices":[],"blog_post_layout_featured_media_urls":{"thumbnail":["http:\/\/nakanarach.pl\/wp-content\/uploads\/2024\/03\/Kalima-Droga-Palmy-150x150.jpg",150,150,true],"full":["http:\/\/nakanarach.pl\/wp-content\/uploads\/2024\/03\/Kalima-Droga-Palmy-scaled.jpg",2560,1440,false]},"categories_names":{"12":{"name":"Aktualno\u015bci","link":"http:\/\/nakanarach.pl\/index.php\/category\/aktualnosci\/"}},"tags_names":[],"comments_number":"0","wpmagazine_modules_lite_featured_media_urls":{"thumbnail":["http:\/\/nakanarach.pl\/wp-content\/uploads\/2024\/03\/Kalima-Droga-Palmy-150x150.jpg",150,150,true],"cvmm-medium":["http:\/\/nakanarach.pl\/wp-content\/uploads\/2024\/03\/Kalima-Droga-Palmy-300x300.jpg",300,300,true],"cvmm-medium-plus":["http:\/\/nakanarach.pl\/wp-content\/uploads\/2024\/03\/Kalima-Droga-Palmy-305x207.jpg",305,207,true],"cvmm-portrait":["http:\/\/nakanarach.pl\/wp-content\/uploads\/2024\/03\/Kalima-Droga-Palmy-400x600.jpg",400,600,true],"cvmm-medium-square":["http:\/\/nakanarach.pl\/wp-content\/uploads\/2024\/03\/Kalima-Droga-Palmy-600x600.jpg",600,600,true],"cvmm-large":["http:\/\/nakanarach.pl\/wp-content\/uploads\/2024\/03\/Kalima-Droga-Palmy-1024x1024.jpg",1024,1024,true],"cvmm-small":["http:\/\/nakanarach.pl\/wp-content\/uploads\/2024\/03\/Kalima-Droga-Palmy-130x95.jpg",130,95,true],"full":["http:\/\/nakanarach.pl\/wp-content\/uploads\/2024\/03\/Kalima-Droga-Palmy-scaled.jpg",2560,1440,false]},"_links":{"self":[{"href":"http:\/\/nakanarach.pl\/index.php\/wp-json\/wp\/v2\/posts\/8005","targetHints":{"allow":["GET"]}}],"collection":[{"href":"http:\/\/nakanarach.pl\/index.php\/wp-json\/wp\/v2\/posts"}],"about":[{"href":"http:\/\/nakanarach.pl\/index.php\/wp-json\/wp\/v2\/types\/post"}],"author":[{"embeddable":true,"href":"http:\/\/nakanarach.pl\/index.php\/wp-json\/wp\/v2\/users\/4"}],"replies":[{"embeddable":true,"href":"http:\/\/nakanarach.pl\/index.php\/wp-json\/wp\/v2\/comments?post=8005"}],"version-history":[{"count":6,"href":"http:\/\/nakanarach.pl\/index.php\/wp-json\/wp\/v2\/posts\/8005\/revisions"}],"predecessor-version":[{"id":8022,"href":"http:\/\/nakanarach.pl\/index.php\/wp-json\/wp\/v2\/posts\/8005\/revisions\/8022"}],"wp:featuredmedia":[{"embeddable":true,"href":"http:\/\/nakanarach.pl\/index.php\/wp-json\/wp\/v2\/media\/8006"}],"wp:attachment":[{"href":"http:\/\/nakanarach.pl\/index.php\/wp-json\/wp\/v2\/media?parent=8005"}],"wp:term":[{"taxonomy":"category","embeddable":true,"href":"http:\/\/nakanarach.pl\/index.php\/wp-json\/wp\/v2\/categories?post=8005"},{"taxonomy":"post_tag","embeddable":true,"href":"http:\/\/nakanarach.pl\/index.php\/wp-json\/wp\/v2\/tags?post=8005"}],"curies":[{"name":"wp","href":"https:\/\/api.w.org\/{rel}","templated":true}]}}