{"id":8689,"date":"2024-10-08T08:30:48","date_gmt":"2024-10-08T07:30:48","guid":{"rendered":"https:\/\/nakanarach.pl\/?p=8689"},"modified":"2024-10-08T08:31:22","modified_gmt":"2024-10-08T07:31:22","slug":"okradl-stewardesse-podczas-lotu","status":"publish","type":"post","link":"http:\/\/nakanarach.pl\/index.php\/2024\/10\/08\/okradl-stewardesse-podczas-lotu\/","title":{"rendered":"OKRAD\u0141 STEWARDESS\u0118 PODCZAS LOTU"},"content":{"rendered":"\n<h2 class=\"wp-block-heading\">TENERYFA: Gwardia Cywilna na Wyspach Kanaryjskich zatrzyma\u0142a 47-letniego m\u0119\u017cczyzn\u0119 podejrzanego o kradzie\u017c telefonu kom\u00f3rkowego stewardesie podczas lotu. <\/h2>\n\n\n\n<p>O tej nietypowej kradzie\u017cy poinformowa\u0142a Telewizja Canaria. Do zdarzenia dosz\u0142o niedawno podczas lotu na Wyspy Kanaryjskie. Po wyl\u0105dowaniu na lotnisku Teneryfa P\u00f3\u0142nocna stewardessa zg\u0142osi\u0142a, \u017ce zagin\u0105\u0142 jej telefon. Gwardia\u00a0Cywilna po przeprowadzeniu \u015bledztwa ustali\u0142a, \u017ce rzekomym sprawc\u0105 kradzie\u017cy mo\u017ce by\u0107 47-letni pasa\u017cer samolotu, kt\u00f3ry zosta\u0142 zatrzymany kr\u00f3tko po kradzie\u017cy\u00a0telefonu kom\u00f3rkowego stewardessy\u00a0podczas lotu.<\/p>\n\n\n\n<p>Stewardessa ju\u017c podczas lotu zorientowa\u0142a si\u0119, \u017ce brakuje\u00a0jej wysokiej klasy\u00a0telefonu kom\u00f3rkowego, kt\u00f3ry trzyma\u0142a w swojej torbie osobistej.<\/p>\n\n\n\n<p>Po wyl\u0105dowaniu samolotu poszkodowana zg\u0142osi\u0142a kradzie\u017c i przekaza\u0142a informacje dotycz\u0105ce mo\u017cliwej lokalizacji.<\/p>\n\n\n\n<p>Agenci Gwardii Cywilnej wszcz\u0119li \u015bledztwo, dzi\u0119ki kt\u00f3remu uda\u0142o im si\u0119 ustali\u0107, \u017ce telefon kom\u00f3rkowy znaleziono na terenie\u00a0gminy Candelaria na Teneryfie, czyli ponad 20 kilometr\u00f3w od lotniska.<\/p>\n\n\n\n<p>Po przeprowadzeniu odpowiednich kontroli agenci Gwardii Cywilnej zlokalizowali, zidentyfikowali i zatrzymali domniemanego sprawc\u0119 powa\u017cnego przest\u0119pstwa, natomiast skradziony telefon kom\u00f3rkowy odnale\u017ali porzucony w w\u0105wozie na terenie tej gminy.<\/p>\n\n\n\n<p>Zatrzymany zosta\u0142 przekazany do dyspozycji\u00a0S\u0105du \u015aledczego w G\u00fc\u00edmar.\u00a0<\/p>\n\n\n\n<p>Foto: X\/Guardia Civil<\/p>\n","protected":false},"excerpt":{"rendered":"<p>TENERYFA: Gwardia Cywilna na Wyspach Kanaryjskich zatrzyma\u0142a 47-letniego m\u0119\u017cczyzn\u0119 podejrzanego o kradzie\u017c telefonu kom\u00f3rkowego stewardesie podczas lotu. O tej nietypowej kradzie\u017cy poinformowa\u0142a Telewizja Canaria. Do zdarzenia dosz\u0142o niedawno podczas lotu na Wyspy Kanaryjskie. Po wyl\u0105dowaniu na lotnisku Teneryfa P\u00f3\u0142nocna stewardessa zg\u0142osi\u0142a, \u017ce zagin\u0105\u0142 jej telefon. Gwardia\u00a0Cywilna po przeprowadzeniu \u015bledztwa ustali\u0142a, \u017ce rzekomym sprawc\u0105 kradzie\u017cy mo\u017ce [&hellip;]<\/p>\n","protected":false},"author":4,"featured_media":2336,"comment_status":"closed","ping_status":"open","sticky":false,"template":"","format":"standard","meta":{"om_disable_all_campaigns":false,"_monsterinsights_skip_tracking":false,"_monsterinsights_sitenote_active":false,"_monsterinsights_sitenote_note":"","_monsterinsights_sitenote_category":0,"footnotes":""},"categories":[12],"tags":[],"class_list":["post-8689","post","type-post","status-publish","format-standard","has-post-thumbnail","hentry","category-aktualnosci"],"aioseo_notices":[],"blog_post_layout_featured_media_urls":{"thumbnail":["http:\/\/nakanarach.pl\/wp-content\/uploads\/2021\/08\/Guardia-Civil-Twitter-150x150.png",150,150,true],"full":["http:\/\/nakanarach.pl\/wp-content\/uploads\/2021\/08\/Guardia-Civil-Twitter.png",602,632,false]},"categories_names":{"12":{"name":"Aktualno\u015bci","link":"http:\/\/nakanarach.pl\/index.php\/category\/aktualnosci\/"}},"tags_names":[],"comments_number":"0","wpmagazine_modules_lite_featured_media_urls":{"thumbnail":["http:\/\/nakanarach.pl\/wp-content\/uploads\/2021\/08\/Guardia-Civil-Twitter-150x150.png",150,150,true],"cvmm-medium":["http:\/\/nakanarach.pl\/wp-content\/uploads\/2021\/08\/Guardia-Civil-Twitter-300x300.png",300,300,true],"cvmm-medium-plus":["http:\/\/nakanarach.pl\/wp-content\/uploads\/2021\/08\/Guardia-Civil-Twitter-305x207.png",305,207,true],"cvmm-portrait":["http:\/\/nakanarach.pl\/wp-content\/uploads\/2021\/08\/Guardia-Civil-Twitter-400x600.png",400,600,true],"cvmm-medium-square":["http:\/\/nakanarach.pl\/wp-content\/uploads\/2021\/08\/Guardia-Civil-Twitter-600x600.png",600,600,true],"cvmm-large":["http:\/\/nakanarach.pl\/wp-content\/uploads\/2021\/08\/Guardia-Civil-Twitter.png",602,632,false],"cvmm-small":["http:\/\/nakanarach.pl\/wp-content\/uploads\/2021\/08\/Guardia-Civil-Twitter-130x95.png",130,95,true],"full":["http:\/\/nakanarach.pl\/wp-content\/uploads\/2021\/08\/Guardia-Civil-Twitter.png",602,632,false]},"_links":{"self":[{"href":"http:\/\/nakanarach.pl\/index.php\/wp-json\/wp\/v2\/posts\/8689","targetHints":{"allow":["GET"]}}],"collection":[{"href":"http:\/\/nakanarach.pl\/index.php\/wp-json\/wp\/v2\/posts"}],"about":[{"href":"http:\/\/nakanarach.pl\/index.php\/wp-json\/wp\/v2\/types\/post"}],"author":[{"embeddable":true,"href":"http:\/\/nakanarach.pl\/index.php\/wp-json\/wp\/v2\/users\/4"}],"replies":[{"embeddable":true,"href":"http:\/\/nakanarach.pl\/index.php\/wp-json\/wp\/v2\/comments?post=8689"}],"version-history":[{"count":1,"href":"http:\/\/nakanarach.pl\/index.php\/wp-json\/wp\/v2\/posts\/8689\/revisions"}],"predecessor-version":[{"id":8690,"href":"http:\/\/nakanarach.pl\/index.php\/wp-json\/wp\/v2\/posts\/8689\/revisions\/8690"}],"wp:featuredmedia":[{"embeddable":true,"href":"http:\/\/nakanarach.pl\/index.php\/wp-json\/wp\/v2\/media\/2336"}],"wp:attachment":[{"href":"http:\/\/nakanarach.pl\/index.php\/wp-json\/wp\/v2\/media?parent=8689"}],"wp:term":[{"taxonomy":"category","embeddable":true,"href":"http:\/\/nakanarach.pl\/index.php\/wp-json\/wp\/v2\/categories?post=8689"},{"taxonomy":"post_tag","embeddable":true,"href":"http:\/\/nakanarach.pl\/index.php\/wp-json\/wp\/v2\/tags?post=8689"}],"curies":[{"name":"wp","href":"https:\/\/api.w.org\/{rel}","templated":true}]}}