{"id":9744,"date":"2025-03-14T10:00:26","date_gmt":"2025-03-14T10:00:26","guid":{"rendered":"https:\/\/nakanarach.pl\/?p=9744"},"modified":"2025-03-14T10:06:43","modified_gmt":"2025-03-14T10:06:43","slug":"podpalili-samochody-z-wypozyczalni","status":"publish","type":"post","link":"http:\/\/nakanarach.pl\/index.php\/2025\/03\/14\/podpalili-samochody-z-wypozyczalni\/","title":{"rendered":"PODPALILI SAMOCHODY Z WYPO\u017bYCZALNI"},"content":{"rendered":"\n<p><strong>TENERYFA: Antyturystyczne nastroje na Wyspach Kanaryjskich wymykaj\u0105 si\u0119 spod kontroli i przybieraj\u0105 na sile. <strong>Obra\u017aliwe napisy pojawi\u0142y si\u0119 na murach Loro Parque odwiedzanym przez miliony wczasowicz\u00f3w<\/strong>. A nieznani sprawcy podpalili te\u017c koparki firmy budowalnej oraz auta nale\u017c\u0105ce do jednej z najwi\u0119kszych wypo\u017cyczalni na archipelagu. <\/strong><\/p>\n\n\n\n<p>O bulwersuj\u0105cej dewastacji ok. 20 samochod\u00f3w nale\u017c\u0105cych do du\u017cej i znanej wypo\u017cyczalni aut dla turyst\u00f3w na Kanarach poinformowa\u0142 brytyjski portal Canarian Weekly, bo to w\u0142a\u015bnie mieszka\u0144cy Anglii s\u0105 najwi\u0119ksz\u0105 grup\u0105 obcokrajowc\u00f3w (4,5 mln os\u00f3b rocznie), kt\u00f3ra odwiedza ten rajski archipelag. <\/p>\n\n\n\n<p><strong>ZOBACZ VIDEO:<\/strong><\/p>\n\n\n\n<p><a href=\"https:\/\/www.canarianweekly.com\/posts\/VIDEO-Anti-tourism-activists-carry-out-three-violent-acts-in-Tenerife\">https:\/\/www.canarianweekly.com\/posts\/VIDEO-Anti-tourism-activists-carry-out-three-violent-acts-in-Tenerife<\/a><\/p>\n\n\n\n<p>Do zdarzenia dosz\u0142o w marcu na parkingu u\u017cywanym przez wiele wypo\u017cyczalni samochod\u00f3w w turystycznym kurorcie Costa Adeje na po\u0142udniu Teneryfy. Aktywi\u015bci uzasadnili swoje dzia\u0142ania stwierdzeniem: \u201eNie mamy gdzie zaparkowa\u0107, nie mamy gdzie \u017cy\u0107 w spokoju\u201d.<\/p>\n\n\n\n<p>\u201ePokojowe \u015brodki zosta\u0142y wyczerpane\u201d &#8211; powiedzia\u0142 portalowi Canarian Weekly aktywista Roberto Mesa, kt\u00f3ry udost\u0119pni\u0142 nagranie w mediach spo\u0142eczno\u015bciowych. Jednocze\u015bnie zastrzega on, \u017ce nie ma bezpo\u015bredniej wiedzy na temat sprawc\u00f3w, ale podkre\u015bla, \u017ce lokalna ludno\u015b\u0107 jest sfrustrowana ignorowaniem i lekcewa\u017ceniem pokojowych protest\u00f3w przeciwko nadmiarowi turyst\u00f3w w Hiszpanii. Podkre\u015bli\u0142, \u017ce jest to jedynie jego osobista opinia.<\/p>\n\n\n\n<p>Mesa zwr\u00f3ci\u0142 uwag\u0119 na du\u017ce zag\u0119szczenie pojazd\u00f3w w regionie, stwierdzaj\u0105c: \u201eNie potrzebujemy wi\u0119cej dr\u00f3g, potrzebujemy mniej wypo\u017cyczonych samochod\u00f3w. Gdyby Wyspy Kanaryjskie by\u0142y krajem, zaj\u0119\u0142yby si\u00f3dme miejsce na \u015bwiecie pod wzgl\u0119dem liczby samochod\u00f3w w stosunku do liczby mieszka\u0144c\u00f3w\u201d. Zako\u0144czy\u0142 ostrze\u017ceniem: \u201eNiestety uwa\u017cam, \u017ce je\u015bli nie zostan\u0105 wprowadzone \u017cadne zmiany, sytuacja b\u0119dzie si\u0119 tylko pogarsza\u0107\u201d.<\/p>\n\n\n\n<p>\u017badna grupa nie przyzna\u0142a si\u0119 do zniszczenia samochod\u00f3w, jednak na r\u00f3\u017cnych kontach w mediach spo\u0142eczno\u015bciowych na Teneryfie prowadzonych przez aktywist\u00f3w ekologicznych i antyturystycznych zosta\u0142o udost\u0119pnione to wideo. Towarzysz\u0105cy nagraniu tekst stwierdza: \u201eOtrzymali\u015bmy to wideo od aktywist\u00f3w z Wysp Kanaryjskich, wyczerpanych masow\u0105 turystyk\u0105, przeludnieniem w ich dzielnicach i ca\u0142kowitym brakiem redystrybucji tak zwanego bogactwa generowanego przez turystyk\u0119\u201d.<\/p>\n\n\n\n<p>Wed\u0142ug doniesie\u0144 lokalnych medi\u00f3w, sprawa jest obecnie badana przez policj\u0119 krajow\u0105, kt\u00f3ra sprawdza, czy zesz\u0142otygodniowe uszkodzenie dwudziestu samochod\u00f3w do wynaj\u0119cia by\u0142o faktycznie dzie\u0142em aktywist\u00f3w.<\/p>\n\n\n\n<p>Do dewastacji, podpale\u0144 i namalowania kolejnych napis\u00f3w na Teneryfie tym razem dosz\u0142o na murach Loro Parque (z hiszp. Park Papug), aby zwr\u00f3ci\u0107 uwag\u0119 turyst\u00f3w i zniech\u0119ci\u0107 ich do odwiedzania ogrodu zoologicznego. Graffiti wymierzone jest w jego w\u0142a\u015bciciela, Wolfganga Kiesslinga. Na napisach oskar\u017cano go o bycie \u201emorderc\u0105\u201d i pojawi\u0142y si\u0119 bezpo\u015brednie gro\u017aby, takie jak \u201eIdziemy po ciebie\u201d.<\/p>\n\n\n\n<p>Loro Parque to jedna z g\u0142\u00f3wnych atrakcji najwi\u0119kszej kanaryjskiej wyspy.  Od momentu otwarcia w 1972 r. ten obiekt odwiedzi\u0142o\u00a0ponad 40 milion\u00f3w turyst\u00f3w\u00a0z ca\u0142ego \u015bwiata, a w tym czasie park powi\u0119kszy\u0142 swoj\u0105 powierzchni\u0119 10-krotnie. Do najwi\u0119kszych atrakcji parku nale\u017c\u0105 pokazy delfin\u00f3w, orek, papug i lw\u00f3w morskich.<\/p>\n\n\n\n<p>W ostatnim czasie dosz\u0142o do trzech incydent\u00f3w, kt\u00f3re Mesa okre\u015bla jako \u201ebezprecedensowe na Wyspach Kanaryjskich\u201d. Obejmuj\u0105 one graffiti na zewn\u0105trz Loro Parque, kt\u00f3re aktywi\u015bci nazwali \u201ewi\u0119zieniem Loro\u201d, a tak\u017ce spalenie sprz\u0119tu budowlanego zaanga\u017cowanego w kontrowersyjne inwestycje w Puertito de Adeje. Pod koniec lutego Konfederacja Przedsi\u0119biorc\u00f3w Teneryfy (CEOE) pot\u0119pi\u0142a podpalenie maszyn budowlanych na kontrowersyjnym osiedlu Cuna del Alma na po\u0142udniu Teneryfy &#8211; kompleksu sk\u0142adaj\u0105cego si\u0119 z 420 luksusowych willi, przeznaczonych tak\u017ce dla obcokrajowc\u00f3w, 1800 miejsc noclegowych i mo\u017cliwo\u015bci stworzenia 750 miejsc pracy. Zdj\u0119cia udost\u0119pnione przez stowarzyszenie przedsi\u0119biorc\u00f3w pokazuj\u0105 kilka koparek uszkodzonych przez ogie\u0144.<\/p>\n\n\n\n<p><a href=\"https:\/\/www.eldia.es\/tenerife\/2025\/02\/25\/ataque-cuna-alma-denuncian-quema-114670258.html\">https:\/\/www.eldia.es\/tenerife\/2025\/02\/25\/ataque-cuna-alma-denuncian-quema-114670258.html<\/a><\/p>\n\n\n\n<p>To jednak nie koniec antyturystycznych protest\u00f3w w ca\u0142ej Hiszpanii. Te, na jeszcze wi\u0119ksz\u0105 skal\u0119 ni\u017c dotychczas, zapowiedziano na 5 kwietnia 2025 roku w wielu miastach na P\u00f3\u0142wyspie Iberyjskim m.in. w Barcelonie. Wed\u0142ug zapowiedzi organizator\u00f3w maj\u0105 w nim wzi\u0105\u0107 udzia\u0142 tysi\u0105ce Hiszpan\u00f3w rozw\u015bcieczonych opiesza\u0142o\u015bci\u0105 socjalistycznego rz\u0105du i rosn\u0105cymi cenami wynajmu i zakupu nieruchomo\u015bci. <\/p>\n\n\n\n<p>Z kolei Zwi\u0105zek zawodowy Pracownik\u00f3w Us\u0142ug CCOO (Federaci\u00f3n de Servicios de CCOO) potwierdzi\u0142, \u017ce strajk generalny w sektorze hotelarskim na Wyspach Kanaryjskich odb\u0119dzie si\u0119 w dniach 17 i 18 kwietnia, czyli w okresie \u015bwi\u0105t wielkanocnych, bo w Hiszpanii celebrowany jest wielki czwartek oraz pi\u0105tek (kt\u00f3ry jest dniem wolnym zamiast &#8211; jak jest w Polsce &#8211; poniedzia\u0142ku). Jednocze\u015bnie zwi\u0105zkowcy wezwali do udzia\u0142u w prote\u015bcie a\u017c 170 tys. os\u00f3b zatrudnionych w turystyce na tym archipelagu.\u00a0<\/p>\n\n\n\n<p>Foto: Zdj\u0119cie ilustracyjne &#8211; Archiwum NaKanarach.pl<\/p>\n","protected":false},"excerpt":{"rendered":"<p>TENERYFA: Antyturystyczne nastroje na Wyspach Kanaryjskich wymykaj\u0105 si\u0119 spod kontroli i przybieraj\u0105 na sile. Obra\u017aliwe napisy pojawi\u0142y si\u0119 na murach Loro Parque odwiedzanym przez miliony wczasowicz\u00f3w. A nieznani sprawcy podpalili te\u017c koparki firmy budowalnej oraz auta nale\u017c\u0105ce do jednej z najwi\u0119kszych wypo\u017cyczalni na archipelagu. O bulwersuj\u0105cej dewastacji ok. 20 samochod\u00f3w nale\u017c\u0105cych do du\u017cej i znanej [&hellip;]<\/p>\n","protected":false},"author":4,"featured_media":9538,"comment_status":"closed","ping_status":"open","sticky":false,"template":"","format":"standard","meta":{"om_disable_all_campaigns":false,"_monsterinsights_skip_tracking":false,"_monsterinsights_sitenote_active":false,"_monsterinsights_sitenote_note":"","_monsterinsights_sitenote_category":0,"footnotes":""},"categories":[12,78],"tags":[],"class_list":["post-9744","post","type-post","status-publish","format-standard","has-post-thumbnail","hentry","category-aktualnosci","category-interwencje"],"aioseo_notices":[],"blog_post_layout_featured_media_urls":{"thumbnail":["http:\/\/nakanarach.pl\/wp-content\/uploads\/2025\/02\/Samochod-GC-2-150x150.jpg",150,150,true],"full":["http:\/\/nakanarach.pl\/wp-content\/uploads\/2025\/02\/Samochod-GC-2-scaled.jpg",2560,1441,false]},"categories_names":{"12":{"name":"Aktualno\u015bci","link":"http:\/\/nakanarach.pl\/index.php\/category\/aktualnosci\/"},"78":{"name":"Interwencje","link":"http:\/\/nakanarach.pl\/index.php\/category\/interwencje\/"}},"tags_names":[],"comments_number":"0","wpmagazine_modules_lite_featured_media_urls":{"thumbnail":["http:\/\/nakanarach.pl\/wp-content\/uploads\/2025\/02\/Samochod-GC-2-150x150.jpg",150,150,true],"cvmm-medium":["http:\/\/nakanarach.pl\/wp-content\/uploads\/2025\/02\/Samochod-GC-2-300x300.jpg",300,300,true],"cvmm-medium-plus":["http:\/\/nakanarach.pl\/wp-content\/uploads\/2025\/02\/Samochod-GC-2-305x207.jpg",305,207,true],"cvmm-portrait":["http:\/\/nakanarach.pl\/wp-content\/uploads\/2025\/02\/Samochod-GC-2-400x600.jpg",400,600,true],"cvmm-medium-square":["http:\/\/nakanarach.pl\/wp-content\/uploads\/2025\/02\/Samochod-GC-2-600x600.jpg",600,600,true],"cvmm-large":["http:\/\/nakanarach.pl\/wp-content\/uploads\/2025\/02\/Samochod-GC-2-1024x1024.jpg",1024,1024,true],"cvmm-small":["http:\/\/nakanarach.pl\/wp-content\/uploads\/2025\/02\/Samochod-GC-2-130x95.jpg",130,95,true],"full":["http:\/\/nakanarach.pl\/wp-content\/uploads\/2025\/02\/Samochod-GC-2-scaled.jpg",2560,1441,false]},"_links":{"self":[{"href":"http:\/\/nakanarach.pl\/index.php\/wp-json\/wp\/v2\/posts\/9744","targetHints":{"allow":["GET"]}}],"collection":[{"href":"http:\/\/nakanarach.pl\/index.php\/wp-json\/wp\/v2\/posts"}],"about":[{"href":"http:\/\/nakanarach.pl\/index.php\/wp-json\/wp\/v2\/types\/post"}],"author":[{"embeddable":true,"href":"http:\/\/nakanarach.pl\/index.php\/wp-json\/wp\/v2\/users\/4"}],"replies":[{"embeddable":true,"href":"http:\/\/nakanarach.pl\/index.php\/wp-json\/wp\/v2\/comments?post=9744"}],"version-history":[{"count":1,"href":"http:\/\/nakanarach.pl\/index.php\/wp-json\/wp\/v2\/posts\/9744\/revisions"}],"predecessor-version":[{"id":9745,"href":"http:\/\/nakanarach.pl\/index.php\/wp-json\/wp\/v2\/posts\/9744\/revisions\/9745"}],"wp:featuredmedia":[{"embeddable":true,"href":"http:\/\/nakanarach.pl\/index.php\/wp-json\/wp\/v2\/media\/9538"}],"wp:attachment":[{"href":"http:\/\/nakanarach.pl\/index.php\/wp-json\/wp\/v2\/media?parent=9744"}],"wp:term":[{"taxonomy":"category","embeddable":true,"href":"http:\/\/nakanarach.pl\/index.php\/wp-json\/wp\/v2\/categories?post=9744"},{"taxonomy":"post_tag","embeddable":true,"href":"http:\/\/nakanarach.pl\/index.php\/wp-json\/wp\/v2\/tags?post=9744"}],"curies":[{"name":"wp","href":"https:\/\/api.w.org\/{rel}","templated":true}]}}