{"id":10037,"date":"2025-04-22T10:33:15","date_gmt":"2025-04-22T09:33:15","guid":{"rendered":"https:\/\/nakanarach.pl\/?p=10037"},"modified":"2025-04-22T10:42:59","modified_gmt":"2025-04-22T09:42:59","slug":"tragiczny-bilans-swiat-na-kanarach","status":"publish","type":"post","link":"https:\/\/nakanarach.pl\/index.php\/2025\/04\/22\/tragiczny-bilans-swiat-na-kanarach\/","title":{"rendered":"TRAGICZNY BILANS \u015aWI\u0104T NA KANARACH"},"content":{"rendered":"\n<p><strong>WYSPY KANARYJSKIE: \u015awi\u0105teczny tydzie\u0144 wielkanocny okaza\u0142 si\u0119 rekordowy pod wzgl\u0119dem liczby turyst\u00f3w, ale te\u017c lot\u00f3w nad rajskim archipelagiem. Na wielu pla\u017cach by\u0142o t\u0142oczno. Ale w ci\u0105gu kilku dni uton\u0119\u0142y a\u017c 4 osoby. <\/strong><\/p>\n\n\n\n<p>Podczas jednego z najbardziej obleganych okres\u00f3w w ci\u0105gu roku &#8211; w tygodniu wielkanocnym 2025 r. na Wyspach Kanaryjskich uton\u0119\u0142y 4 osoby.<\/p>\n\n\n\n<p>14 kwietnia na Teneryfie z wody zosta\u0142 wyci\u0105gni\u0119ty 47-letni po zatrzymaniu kr\u0105\u017cenia i oddechu na pla\u017cy Playa del Puertito w popularnym turystycznym kurorcie Adeje. Nie uda\u0142o si\u0119 go uratowa\u0107. <\/p>\n\n\n\n<p>15 kwietnia 34-letni turysta uton\u0105\u0142 w okolicy naturalnego basenu Charco de La Ara\u00f1a na Teneryfie. Jest to naturalny zbiornik, kt\u00f3ry pojawia si\u0119 przy przyp\u0142ywie i znika po odp\u0142ywie, czyli \u015brednio co 6 godzin w ci\u0105gu doby. <\/p>\n\n\n\n<p>19 kwietnia w turystycznej miejscowo\u015bci Taurito, w gminie Mog\u00e1n na po\u0142udniu Gran Canarii 2-letnia dziewczynka zosta\u0142a znaleziona nieprzytomna w wodzie basenu parku wodnego. Dziecko by\u0142o pod opiek\u0105 babci, kt\u00f3ra w pewnym momencie straci\u0142a dziewczynk\u0119 z oczu. Pomimo podj\u0119tej natychmiastowej reanimacji nie uda\u0142o si\u0119 jej uratowa\u0107. <\/p>\n\n\n\n<p><br>Czwarta osoba uton\u0119\u0142a 20 kwietnia, na wybrze\u017cu gminy La Oliva na Fuerteventurze. Rybak wpad\u0142 do oceanu na stromym, trudno dost\u0119pnym obszarze. <\/p>\n\n\n\n<p><br>Ta seria tragicznych wydarze\u0144 z okresu \u015bwi\u0105t Wielkanocnych 2025 to przypomnienie o potrzebie zachowania szczeg\u00f3lnej ostro\u017cno\u015bci podczas przebywania zar\u00f3wno w naturalnych zbiornikach wodnych, jak i w basenach. W\u0142adze Wysp Kanaryjskich apeluj\u0105 do mieszka\u0144c\u00f3w i turyst\u00f3w o respektowanie zasad bezpiecze\u0144stwa nad wod\u0105, zw\u0142aszcza w miejscach niestrze\u017conych lub o trudnym dost\u0119pie, a tak\u017ce podczas k\u0105pieli w Oceanie Atlantyckim, kt\u00f3ry jest wyj\u0105tkowo niebezpieczny z powodu silnych pr\u0105d\u00f3w morskich i fal wstecznych, kt\u00f3re potrafi\u0105 wci\u0105gn\u0105\u0107 do wody doros\u0142ego cz\u0142owieka, tak\u017ce tu\u017c przy brzegu. <\/p>\n\n\n\n<p>Te \u015bwi\u0119ta by\u0142y wyj\u0105tkowe pod wzgl\u0119dem turyst\u00f3w. Na Kanarach wypoczywa\u0142o ponad 150 tys. os\u00f3b. Cze\u015b\u0107 przyby\u0142a promami, a kolejni samolotami. Spowodowa\u0142o to, \u017ce niebo w tym rejonie by\u0142o mocno zat\u0142oczone. <\/p>\n\n\n\n<p>Przestrze\u0144 powietrzna Wysp Kanaryjskich to obszar prawie 1,5 miliona kilometr\u00f3w kwadratowych &#8211;  z czego wi\u0119kszo\u015b\u0107 to Ocean Atlantycki  i obejmuje cz\u0119\u015b\u0107 Maroka oraz Sahary Zachodniej. W normalny dzie\u0144 przelatuje przez ni\u0105 \u015brednio oko\u0142o 1100 samolot\u00f3w dziennie &#8211; informuje Jos\u00e9 Luis Feli\u00fa, rzecznik Zwi\u0105zku Kontroler\u00f3w Ruchu Lotniczego (USCA). <\/p>\n\n\n\n<p>Sp\u00f3\u0142ka zarz\u0105dzaj\u0105ca wszystkimi lotniskami w Hiszpanii &#8211; Aena poinformowa\u0142a, \u017ce nad kanaryjskim niebem w okresie wielkanocnym pojawi\u0142o si\u0119 a\u017c 1488 lot\u00f3w pomi\u0119dzy o\u015bmioma lotniskami nad archipelagiem, z czego do 728 by\u0142o lotami mi\u0119dzynarodowymi. W Wielkanoc odby\u0142y si\u0119 kolejne 1373 loty (577 mi\u0119dzynarodowych). Oznacza, to \u017ce niebo jest mocno przeci\u0105\u017cone, ze wzgl\u0119du tak\u017ce na loty tranzytowe, gdy\u017c nie wszystkie samoloty startuj\u0105 lub l\u0105duj\u0105 na kt\u00f3rymkolwiek z lotnisk na Kanarach, ale niekt\u00f3re tylko przelatuj\u0105 przez przestrze\u0144 powietrzn\u0105 wyspy, na trasach \u0142\u0105cz\u0105cych r\u00f3\u017cne miasta europejskie z krajami Ameryki Po\u0142udniowej, a tak\u017ce w Afryce. <\/p>\n\n\n\n<p>Jak informuje IVAO (Mi\u0119dzynarodowa Organizacja Lotnictwa Wirtualnego) kontrolerzy komunikuj\u0105 si\u0119 z pilotami, ale nie mog\u0105 obserwowa\u0107 ani \u015bledzi\u0107 trajektorii samolotu w czasie rzeczywistym, gdy\u017c nie ma radar\u00f3w o tak du\u017cym zasi\u0119gu.<\/p>\n\n\n\n<p>Foto: Archiwum NaKanarach.pl<\/p>\n","protected":false},"excerpt":{"rendered":"<p>WYSPY KANARYJSKIE: \u015awi\u0105teczny tydzie\u0144 wielkanocny okaza\u0142 si\u0119 rekordowy pod wzgl\u0119dem liczby turyst\u00f3w, ale te\u017c lot\u00f3w nad rajskim archipelagiem. Na wielu pla\u017cach by\u0142o t\u0142oczno. Ale w ci\u0105gu kilku dni uton\u0119\u0142y a\u017c 4 osoby. Podczas jednego z najbardziej obleganych okres\u00f3w w ci\u0105gu roku &#8211; w tygodniu wielkanocnym 2025 r. na Wyspach Kanaryjskich uton\u0119\u0142y 4 osoby. 14 kwietnia [&hellip;]<\/p>\n","protected":false},"author":4,"featured_media":6679,"comment_status":"closed","ping_status":"open","sticky":false,"template":"","format":"standard","meta":{"om_disable_all_campaigns":false,"_monsterinsights_skip_tracking":false,"_monsterinsights_sitenote_active":false,"_monsterinsights_sitenote_note":"","_monsterinsights_sitenote_category":0,"footnotes":""},"categories":[12],"tags":[],"class_list":["post-10037","post","type-post","status-publish","format-standard","has-post-thumbnail","hentry","category-aktualnosci"],"aioseo_notices":[],"blog_post_layout_featured_media_urls":{"thumbnail":["https:\/\/nakanarach.pl\/wp-content\/uploads\/2023\/05\/Gran-Canaria-plaza-Faro-z-gory-150x150.jpeg",150,150,true],"full":["https:\/\/nakanarach.pl\/wp-content\/uploads\/2023\/05\/Gran-Canaria-plaza-Faro-z-gory.jpeg",2000,1500,false]},"categories_names":{"12":{"name":"Aktualno\u015bci","link":"https:\/\/nakanarach.pl\/index.php\/category\/aktualnosci\/"}},"tags_names":[],"comments_number":"0","wpmagazine_modules_lite_featured_media_urls":{"thumbnail":["https:\/\/nakanarach.pl\/wp-content\/uploads\/2023\/05\/Gran-Canaria-plaza-Faro-z-gory-150x150.jpeg",150,150,true],"cvmm-medium":["https:\/\/nakanarach.pl\/wp-content\/uploads\/2023\/05\/Gran-Canaria-plaza-Faro-z-gory-300x300.jpeg",300,300,true],"cvmm-medium-plus":["https:\/\/nakanarach.pl\/wp-content\/uploads\/2023\/05\/Gran-Canaria-plaza-Faro-z-gory-305x207.jpeg",305,207,true],"cvmm-portrait":["https:\/\/nakanarach.pl\/wp-content\/uploads\/2023\/05\/Gran-Canaria-plaza-Faro-z-gory-400x600.jpeg",400,600,true],"cvmm-medium-square":["https:\/\/nakanarach.pl\/wp-content\/uploads\/2023\/05\/Gran-Canaria-plaza-Faro-z-gory-600x600.jpeg",600,600,true],"cvmm-large":["https:\/\/nakanarach.pl\/wp-content\/uploads\/2023\/05\/Gran-Canaria-plaza-Faro-z-gory-1024x1024.jpeg",1024,1024,true],"cvmm-small":["https:\/\/nakanarach.pl\/wp-content\/uploads\/2023\/05\/Gran-Canaria-plaza-Faro-z-gory-130x95.jpeg",130,95,true],"full":["https:\/\/nakanarach.pl\/wp-content\/uploads\/2023\/05\/Gran-Canaria-plaza-Faro-z-gory.jpeg",2000,1500,false]},"_links":{"self":[{"href":"https:\/\/nakanarach.pl\/index.php\/wp-json\/wp\/v2\/posts\/10037","targetHints":{"allow":["GET"]}}],"collection":[{"href":"https:\/\/nakanarach.pl\/index.php\/wp-json\/wp\/v2\/posts"}],"about":[{"href":"https:\/\/nakanarach.pl\/index.php\/wp-json\/wp\/v2\/types\/post"}],"author":[{"embeddable":true,"href":"https:\/\/nakanarach.pl\/index.php\/wp-json\/wp\/v2\/users\/4"}],"replies":[{"embeddable":true,"href":"https:\/\/nakanarach.pl\/index.php\/wp-json\/wp\/v2\/comments?post=10037"}],"version-history":[{"count":1,"href":"https:\/\/nakanarach.pl\/index.php\/wp-json\/wp\/v2\/posts\/10037\/revisions"}],"predecessor-version":[{"id":10039,"href":"https:\/\/nakanarach.pl\/index.php\/wp-json\/wp\/v2\/posts\/10037\/revisions\/10039"}],"wp:featuredmedia":[{"embeddable":true,"href":"https:\/\/nakanarach.pl\/index.php\/wp-json\/wp\/v2\/media\/6679"}],"wp:attachment":[{"href":"https:\/\/nakanarach.pl\/index.php\/wp-json\/wp\/v2\/media?parent=10037"}],"wp:term":[{"taxonomy":"category","embeddable":true,"href":"https:\/\/nakanarach.pl\/index.php\/wp-json\/wp\/v2\/categories?post=10037"},{"taxonomy":"post_tag","embeddable":true,"href":"https:\/\/nakanarach.pl\/index.php\/wp-json\/wp\/v2\/tags?post=10037"}],"curies":[{"name":"wp","href":"https:\/\/api.w.org\/{rel}","templated":true}]}}