{"id":10068,"date":"2025-04-29T07:35:25","date_gmt":"2025-04-29T06:35:25","guid":{"rendered":"https:\/\/nakanarach.pl\/?p=10068"},"modified":"2025-04-30T10:05:45","modified_gmt":"2025-04-30T09:05:45","slug":"popularne-plaze-otoczone-sciekami-video","status":"publish","type":"post","link":"https:\/\/nakanarach.pl\/index.php\/2025\/04\/29\/popularne-plaze-otoczone-sciekami-video\/","title":{"rendered":"POPULARNE PLA\u017bE OTOCZONE \u015aCIEKAMI (VIDEO)"},"content":{"rendered":"\n<p><strong>TENERYFA:<\/strong> <strong>Na wybrze\u017cu Teneryfy mapa zrzut\u00f3w \u015bciek\u00f3w do Oceanu Atlantyckiego ujawnia, \u017ce \u200b\u200bwiele popularnych w\u015br\u00f3d turyst\u00f3w pla\u017c na najwi\u0119kszej wyspie archipelagu znajduje si\u0119 w pobli\u017cu odp\u0142yw\u00f3w \u015bciek\u00f3w, z kt\u00f3rych wi\u0119kszo\u015b\u0107 jest nielegalna.<\/strong> <strong>O sprawie zaalarmowa\u0142 te\u017c znany dzia\u0142acz ekologiczny pokazuj\u0105c video i skal\u0119 powa\u017cnego problemu. Mieszka\u0144cy zapowiadaj\u0105 18 maja protest.<\/strong><\/p>\n\n\n\n<p>Felipe Ravina, znany producent film\u00f3w dokumentalnych i absolwent nauk o morzu, opublikowa\u0142 pod koniec kwietnia 2025 r. w mediach spo\u0142eczno\u015bciowych materia\u0142 pokazuj\u0105cy niepokoj\u0105ce zjawisko w w\u0105wozie Troya, na granicy najpopularniejszych turystycznych gmin Adeje i Arona. Na nagraniu wida\u0107 strumie\u0144 br\u0105zowej wody wp\u0142ywaj\u0105cy do Oceanu Atlantyckiego. Ravina wyrazi\u0142 zaniepokojenie faktem, \u017ce pla\u017ce w g\u0142\u00f3wnych, turystycznych kurortach s\u0105 nadal otwarte, pomimo potencjalnego zagro\u017cenia. <\/p>\n\n\n\n<p><strong>ZOBACZ VIDEO: <\/strong><\/p>\n\n\n\n<p><a href=\"https:\/\/www.instagram.com\/reel\/DI4h-OYuTpZ\/?igsh=YmJ5N3ZkN21veW9v\">https:\/\/www.instagram.com\/reel\/DI4h-OYuTpZ\/?igsh=YmJ5N3ZkN21veW9v<\/a><\/p>\n\n\n\n<p>W\u0142adze lokalne zaprzeczaj\u0105 tym informacjom, wzywaj\u0105c do zachowania rozwagi przy zg\u0142aszaniu tego typu incydent\u00f3w, kt\u00f3re mog\u0105 negatywnie wp\u0142ywa\u0107 na wizerunek wyspy.<\/p>\n\n\n\n<p>W niekt\u00f3rych rejonach Teneryfy zamykanie pla\u017c z powodu ska\u017cenia bakteryjnego lub zanieczyszczenia \u015bciekami sta\u0142o si\u0119 coraz powszechniejsze, co pokazuje skal\u0119 problemu.<\/p>\n\n\n\n<p>&nbsp;Najpopularniejsza pla\u017ca na p\u00f3\u0142nocy Teneryfy &#8211; Playa Jard\u00edn jest zamkni\u0119ta od ponad o\u015bmiu miesi\u0119cy z powodu zanieczyszczenia \u015bciekami i wykryciu bakterii ka\u0142owych. Z tego powodu protestuj\u0105 mieszka\u0144cy. <\/p>\n\n\n\n<figure class=\"wp-block-image size-large\"><img fetchpriority=\"high\" decoding=\"async\" width=\"768\" height=\"1024\" src=\"http:\/\/nakanarach.pl\/wp-content\/uploads\/2024\/08\/Zanieczyszczona-plaza-FB-Punta-Brava-Stop-Vertidos-Al-Mar-768x1024.jpg\" alt=\"\" class=\"wp-image-8435\" srcset=\"https:\/\/nakanarach.pl\/wp-content\/uploads\/2024\/08\/Zanieczyszczona-plaza-FB-Punta-Brava-Stop-Vertidos-Al-Mar-768x1024.jpg 768w, https:\/\/nakanarach.pl\/wp-content\/uploads\/2024\/08\/Zanieczyszczona-plaza-FB-Punta-Brava-Stop-Vertidos-Al-Mar-225x300.jpg 225w, https:\/\/nakanarach.pl\/wp-content\/uploads\/2024\/08\/Zanieczyszczona-plaza-FB-Punta-Brava-Stop-Vertidos-Al-Mar-1152x1536.jpg 1152w, https:\/\/nakanarach.pl\/wp-content\/uploads\/2024\/08\/Zanieczyszczona-plaza-FB-Punta-Brava-Stop-Vertidos-Al-Mar.jpg 1536w\" sizes=\"(max-width: 768px) 100vw, 768px\" \/><figcaption class=\"wp-element-caption\">Foto: Archiwum Facebook\/Punta-Brava-Stop-Vertidos-Al-Mar<\/figcaption><\/figure>\n\n\n\n<p>Wed\u0142ug danych zebranych przez Grafcan (Cartographic and Territorial Information of the Canary Islands), Teneryfa jest na tym archipelagu wysp\u0105 z najwi\u0119ksz\u0105 liczb\u0105 nielegalnych punkt\u00f3w zrzutu \u015bciek\u00f3w do oceanu, z kt\u00f3rych wiele znajduje si\u0119 blisko popularnych obszar\u00f3w turystycznych.<\/p>\n\n\n\n<p>W\u0142adze szacuj\u0105, \u017ce na Wyspach Kanaryjskich ka\u017cdego dnia do oceanu trafia ponad 100 milion\u00f3w litr\u00f3w nieoczyszczonych lub niewystarczaj\u0105co oczyszczonych \u015bciek\u00f3w, z czego wi\u0119kszo\u015b\u0107 przypada na Teneryf\u0119.<\/p>\n\n\n\n<p>Zidentyfikowano ponad 300 punkt\u00f3w zrzutu, co przyczynia si\u0119 do d\u0142ugotrwa\u0142ego problemu, kt\u00f3ry ju\u017c doprowadzi\u0142 do na\u0142o\u017cenia przez Uni\u0119 Europejsk\u0105 kar pieni\u0119\u017cnych w wysoko\u015bci wielu milion\u00f3w euro i wszcz\u0119cia post\u0119powa\u0144 prawnych, kt\u00f3re wci\u0105\u017c czekaj\u0105 na rozstrzygni\u0119cie.<\/p>\n\n\n\n<p>Te punkty zrzutu nie zawsze znajduj\u0105 si\u0119 daleko od brzegu. W wielu przypadkach znajduj\u0105 si\u0119 niebezpiecznie blisko pla\u017c, zatoczek i nadmorskich promenad, co stwarza zar\u00f3wno zagro\u017cenia dla \u015brodowiska, jak i zdrowia publicznego.<\/p>\n\n\n\n<p>W turystycznym regionie Puerto Santiago w Santiago del Teide zidentyfikowano dziewi\u0119\u0107 punkt\u00f3w zrzutu, z kt\u00f3rych \u017caden nie jest legalny, co sprawia, \u017ce \u200b\u200bjest to jeden z najbardziej zanieczyszczonych pod tym wzgl\u0119dem obszar\u00f3w na wyspie. Jedno z najbardziej kultowych miejsc turystycznych na Teneryfie, Puerto de la Cruz, ma 12 zarejestrowanych punkt\u00f3w zrzutu. Tylko trzy s\u0105 legalne. <\/p>\n\n\n\n<p>Ulubione przez mieszka\u0144c\u00f3w wybrze\u017ce Radazul jest domem dla pla\u017c takich jak La Nea, Radazul i Tabaiba, posiada 10 punkt\u00f3w zrzutu, g\u0142\u00f3wnie skupionych wok\u00f3\u0142 portu. Tylko trzy z nich s\u0105 oficjalnie autoryzowane. <\/p>\n\n\n\n<p>Podobna sytuacja ma miejsce w innych nadmorskich miejscowo\u015bciach, takich jak Punta de Hidalgo, Bajamar, Candelaria, Los Silos, Garachico i port G\u00fc\u00edmar, gdzie po\u0142\u0105czenie g\u0119stej zabudowy miejskiej i przestarza\u0142ej lub niedozwolonej infrastruktury doprowadzi\u0142o do powszechnego ryzyka ska\u017cenia.<\/p>\n\n\n\n<p>Ekolodzy i spo\u0142eczno\u015bci lokalne w dalszym ci\u0105gu domagaj\u0105 si\u0119 pilnych dzia\u0142a\u0144, w tym modernizacji infrastruktury \u015bciekowej, egzekwowania obowi\u0105zuj\u0105cych przepis\u00f3w dotycz\u0105cych ochrony \u015brodowiska.<\/p>\n\n\n\n<p>Ich zdaniem problem nie polega wy\u0142\u0105cznie na zamykaniu pla\u017c, ale jest szerszym zagadnieniem degradacji \u015brodowiska i zdrowia publicznego, kt\u00f3re wymaga natychmiastowej i skoordynowanej reakcji politycznej.<\/p>\n\n\n\n<p>Zobacz tak\u017ce artyku\u0142 na najwi\u0119kszym polskim portalu Wirtualna Polska: <\/p>\n\n\n\n<p><a href=\"https:\/\/turystyka.wp.pl\/s\/nakanarach-pl\/ogromny-problem-na-europejskiej-wyspie-kapiemy-sie-w-kupie-7151268175227648a\">https:\/\/turystyka.wp.pl\/s\/nakanarach-pl\/ogromny-problem-na-europejskiej-wyspie-kapiemy-sie-w-kupie-7151268175227648a<\/a><\/p>\n\n\n\n<p>Foto: Zdj\u0119cie ilustracyjne NaKanarach.pl<\/p>\n","protected":false},"excerpt":{"rendered":"<p>TENERYFA: Na wybrze\u017cu Teneryfy mapa zrzut\u00f3w \u015bciek\u00f3w do Oceanu Atlantyckiego ujawnia, \u017ce \u200b\u200bwiele popularnych w\u015br\u00f3d turyst\u00f3w pla\u017c na najwi\u0119kszej wyspie archipelagu znajduje si\u0119 w pobli\u017cu odp\u0142yw\u00f3w \u015bciek\u00f3w, z kt\u00f3rych wi\u0119kszo\u015b\u0107 jest nielegalna. O sprawie zaalarmowa\u0142 te\u017c znany dzia\u0142acz ekologiczny pokazuj\u0105c video i skal\u0119 powa\u017cnego problemu. Mieszka\u0144cy zapowiadaj\u0105 18 maja protest. Felipe Ravina, znany producent film\u00f3w [&hellip;]<\/p>\n","protected":false},"author":4,"featured_media":8350,"comment_status":"closed","ping_status":"open","sticky":false,"template":"","format":"standard","meta":{"om_disable_all_campaigns":false,"_monsterinsights_skip_tracking":false,"_monsterinsights_sitenote_active":false,"_monsterinsights_sitenote_note":"","_monsterinsights_sitenote_category":0,"footnotes":""},"categories":[12],"tags":[],"class_list":["post-10068","post","type-post","status-publish","format-standard","has-post-thumbnail","hentry","category-aktualnosci"],"aioseo_notices":[],"blog_post_layout_featured_media_urls":{"thumbnail":["https:\/\/nakanarach.pl\/wp-content\/uploads\/2024\/07\/Czerwona-flaga-150x150.jpg",150,150,true],"full":["https:\/\/nakanarach.pl\/wp-content\/uploads\/2024\/07\/Czerwona-flaga.jpg",382,679,false]},"categories_names":{"12":{"name":"Aktualno\u015bci","link":"https:\/\/nakanarach.pl\/index.php\/category\/aktualnosci\/"}},"tags_names":[],"comments_number":"0","wpmagazine_modules_lite_featured_media_urls":{"thumbnail":["https:\/\/nakanarach.pl\/wp-content\/uploads\/2024\/07\/Czerwona-flaga-150x150.jpg",150,150,true],"cvmm-medium":["https:\/\/nakanarach.pl\/wp-content\/uploads\/2024\/07\/Czerwona-flaga-300x300.jpg",300,300,true],"cvmm-medium-plus":["https:\/\/nakanarach.pl\/wp-content\/uploads\/2024\/07\/Czerwona-flaga-305x207.jpg",305,207,true],"cvmm-portrait":["https:\/\/nakanarach.pl\/wp-content\/uploads\/2024\/07\/Czerwona-flaga-382x600.jpg",382,600,true],"cvmm-medium-square":["https:\/\/nakanarach.pl\/wp-content\/uploads\/2024\/07\/Czerwona-flaga-382x600.jpg",382,600,true],"cvmm-large":["https:\/\/nakanarach.pl\/wp-content\/uploads\/2024\/07\/Czerwona-flaga.jpg",382,679,false],"cvmm-small":["https:\/\/nakanarach.pl\/wp-content\/uploads\/2024\/07\/Czerwona-flaga-130x95.jpg",130,95,true],"full":["https:\/\/nakanarach.pl\/wp-content\/uploads\/2024\/07\/Czerwona-flaga.jpg",382,679,false]},"_links":{"self":[{"href":"https:\/\/nakanarach.pl\/index.php\/wp-json\/wp\/v2\/posts\/10068","targetHints":{"allow":["GET"]}}],"collection":[{"href":"https:\/\/nakanarach.pl\/index.php\/wp-json\/wp\/v2\/posts"}],"about":[{"href":"https:\/\/nakanarach.pl\/index.php\/wp-json\/wp\/v2\/types\/post"}],"author":[{"embeddable":true,"href":"https:\/\/nakanarach.pl\/index.php\/wp-json\/wp\/v2\/users\/4"}],"replies":[{"embeddable":true,"href":"https:\/\/nakanarach.pl\/index.php\/wp-json\/wp\/v2\/comments?post=10068"}],"version-history":[{"count":5,"href":"https:\/\/nakanarach.pl\/index.php\/wp-json\/wp\/v2\/posts\/10068\/revisions"}],"predecessor-version":[{"id":10165,"href":"https:\/\/nakanarach.pl\/index.php\/wp-json\/wp\/v2\/posts\/10068\/revisions\/10165"}],"wp:featuredmedia":[{"embeddable":true,"href":"https:\/\/nakanarach.pl\/index.php\/wp-json\/wp\/v2\/media\/8350"}],"wp:attachment":[{"href":"https:\/\/nakanarach.pl\/index.php\/wp-json\/wp\/v2\/media?parent=10068"}],"wp:term":[{"taxonomy":"category","embeddable":true,"href":"https:\/\/nakanarach.pl\/index.php\/wp-json\/wp\/v2\/categories?post=10068"},{"taxonomy":"post_tag","embeddable":true,"href":"https:\/\/nakanarach.pl\/index.php\/wp-json\/wp\/v2\/tags?post=10068"}],"curies":[{"name":"wp","href":"https:\/\/api.w.org\/{rel}","templated":true}]}}