{"id":10170,"date":"2025-05-05T07:20:00","date_gmt":"2025-05-05T06:20:00","guid":{"rendered":"https:\/\/nakanarach.pl\/?p=10170"},"modified":"2025-05-06T11:42:48","modified_gmt":"2025-05-06T10:42:48","slug":"zatrzymani-za-okradanie-wczasowiczow","status":"publish","type":"post","link":"https:\/\/nakanarach.pl\/index.php\/2025\/05\/05\/zatrzymani-za-okradanie-wczasowiczow\/","title":{"rendered":"ZATRZYMANI ZA OKRADANIE WCZASOWICZ\u00d3W"},"content":{"rendered":"\n<p><strong>LANZAROTE\/FUERTEVENTURA: Policja aresztowa\u0142a m\u0119\u017cczyzn\u0119 i kobiet\u0119 na Lanzarote po tym, jak powi\u0105za\u0142a ich z 17 kradzie\u017cami i w\u0142amaniami w popularnym kurorcie turystycznym Playa Blanca. \u015aledczy podejrzewaj\u0105, \u017ce tak\u017ce mog\u0105 oni mie\u0107 zwi\u0105zek z kilkudziesi\u0119cioma innymi przest\u0119pstwami na s\u0105siedniej wyspie Fuerteventura.<\/strong> <strong>Okre\u015blano ich jako jedna z \u201enajbardziej aktywnych\u201d par przest\u0119pczych dzia\u0142aj\u0105cych na Wyspach Kanaryjskich.<\/strong><\/p>\n\n\n\n<p>Gwardia Cywilna poinformowa\u0142a na pocz\u0105tku maja 2025 roku, \u017ce para dzia\u0142a\u0142a g\u0142\u00f3wnie w hotelach w znanych miejscowo\u015bciach turystycznych na Kanarach. Przest\u0119pcy w\u0142amywali si\u0119 do pokoi, gdy go\u015bcie byli nieobecni i kradli warto\u015bciowe przedmioty, w tym telefony kom\u00f3rkowe, pieni\u0105dze, markowe ubrania i drogie kosmetyki.<\/p>\n\n\n\n<p>Policja twierdzi, \u017ce aresztowania nast\u0105pi\u0142y po du\u017cym wzro\u015bcie liczby zg\u0142oszonych przypadk\u00f3w kradzie\u017cy w Playa Blanca w kwietniu br. Po przejrzeniu nagra\u0144 z monitoringu i nasileniu patroli funkcjonariusze zidentyfikowali podejrzanych. Kobiet\u0119 namierzono w pobli\u017cu miejsca niedawnej kradzie\u017cy, dzi\u0119ki dronowi wys\u0142anemu przez lokaln\u0105 jednostk\u0119 policji UdronYaiza. M\u0119\u017cczyzna pocz\u0105tkowo uciek\u0142, ale p\u00f3\u017aniej zosta\u0142 z\u0142apany przez b\u0119d\u0105cego na urlopie policjanta z Yaiza, kt\u00f3ry go rozpozna\u0142 i wezwa\u0142 wsparcie, aby dokona\u0107 aresztowania.<\/p>\n\n\n\n<figure class=\"wp-block-image size-large\"><img fetchpriority=\"high\" decoding=\"async\" width=\"1024\" height=\"512\" src=\"https:\/\/nakanarach.pl\/wp-content\/uploads\/2025\/05\/Gwardia-Cywilna-1024x512.jpg\" alt=\"\" class=\"wp-image-10172\" srcset=\"https:\/\/nakanarach.pl\/wp-content\/uploads\/2025\/05\/Gwardia-Cywilna-1024x512.jpg 1024w, https:\/\/nakanarach.pl\/wp-content\/uploads\/2025\/05\/Gwardia-Cywilna-300x150.jpg 300w, https:\/\/nakanarach.pl\/wp-content\/uploads\/2025\/05\/Gwardia-Cywilna-768x384.jpg 768w, https:\/\/nakanarach.pl\/wp-content\/uploads\/2025\/05\/Gwardia-Cywilna.jpg 1067w\" sizes=\"(max-width: 1024px) 100vw, 1024px\" \/><\/figure>\n\n\n\n<p>Funkcjonariusze odkryli r\u00f3wnie\u017c dowody na to, \u017ce para u\u017cy\u0142a skradzionych kart bankowych do dokonania zakup\u00f3w w Playa Blanca i Puerto del Carmen, co dodatkowo uwik\u0142a\u0142o ich w seri\u0119 kradzie\u017cy o du\u017cej warto\u015bci. Wi\u0119kszo\u015b\u0107 skradzionych przedmiot\u00f3w zosta\u0142a ju\u017c odzyskana, wed\u0142ug policji.<\/p>\n\n\n\n<p>Po przeanalizowaniu nagra\u0144 z monitoringu i zapis\u00f3w bankowych policja potwierdzi\u0142a, \u017ce \u200b\u200bpodejrzani byli wcze\u015bniej powi\u0105zani z ponad 20 innymi w\u0142amaniami na s\u0105siedniej Fuerteventurze. <\/p>\n\n\n\n<figure class=\"wp-block-image size-full\"><img decoding=\"async\" width=\"711\" height=\"355\" src=\"https:\/\/nakanarach.pl\/wp-content\/uploads\/2025\/05\/Gwardia-Cywilna-Telefon.jpg\" alt=\"\" class=\"wp-image-10173\" srcset=\"https:\/\/nakanarach.pl\/wp-content\/uploads\/2025\/05\/Gwardia-Cywilna-Telefon.jpg 711w, https:\/\/nakanarach.pl\/wp-content\/uploads\/2025\/05\/Gwardia-Cywilna-Telefon-300x150.jpg 300w\" sizes=\"(max-width: 711px) 100vw, 711px\" \/><\/figure>\n\n\n\n<p>Sprawa zosta\u0142a przekazana do s\u0105du w Arrecife, a \u015bledztwo jest w toku. Trwa te\u017c szacowanie strat. <\/p>\n\n\n\n<p>Nasz artyku\u0142 tak\u017ce na najwi\u0119kszym polskim portalu Wirtualna Polska: <\/p>\n\n\n\n<p><a href=\"https:\/\/turystyka.wp.pl\/s\/nakanarach-pl\/okradali-turystow-w-koncu-policja-namierzyla-zuchwala-pare-7153742190603040a\">https:\/\/turystyka.wp.pl\/s\/nakanarach-pl\/okradali-turystow-w-koncu-policja-namierzyla-zuchwala-pare-7153742190603040a<\/a><\/p>\n\n\n\n<p>Foto Zdj\u0119cie ilustracyjne Gwardia Cywilna<\/p>\n","protected":false},"excerpt":{"rendered":"<p>LANZAROTE\/FUERTEVENTURA: Policja aresztowa\u0142a m\u0119\u017cczyzn\u0119 i kobiet\u0119 na Lanzarote po tym, jak powi\u0105za\u0142a ich z 17 kradzie\u017cami i w\u0142amaniami w popularnym kurorcie turystycznym Playa Blanca. \u015aledczy podejrzewaj\u0105, \u017ce tak\u017ce mog\u0105 oni mie\u0107 zwi\u0105zek z kilkudziesi\u0119cioma innymi przest\u0119pstwami na s\u0105siedniej wyspie Fuerteventura. Okre\u015blano ich jako jedna z \u201enajbardziej aktywnych\u201d par przest\u0119pczych dzia\u0142aj\u0105cych na Wyspach Kanaryjskich. Gwardia Cywilna [&hellip;]<\/p>\n","protected":false},"author":4,"featured_media":10171,"comment_status":"closed","ping_status":"open","sticky":false,"template":"","format":"standard","meta":{"om_disable_all_campaigns":false,"_monsterinsights_skip_tracking":false,"_monsterinsights_sitenote_active":false,"_monsterinsights_sitenote_note":"","_monsterinsights_sitenote_category":0,"footnotes":""},"categories":[12,78],"tags":[],"class_list":["post-10170","post","type-post","status-publish","format-standard","has-post-thumbnail","hentry","category-aktualnosci","category-interwencje"],"aioseo_notices":[],"blog_post_layout_featured_media_urls":{"thumbnail":["https:\/\/nakanarach.pl\/wp-content\/uploads\/2025\/05\/Gwardia-Cywilna-kajdanki-150x150.jpg",150,150,true],"full":["https:\/\/nakanarach.pl\/wp-content\/uploads\/2025\/05\/Gwardia-Cywilna-kajdanki.jpg",681,341,false]},"categories_names":{"12":{"name":"Aktualno\u015bci","link":"https:\/\/nakanarach.pl\/index.php\/category\/aktualnosci\/"},"78":{"name":"Interwencje","link":"https:\/\/nakanarach.pl\/index.php\/category\/interwencje\/"}},"tags_names":[],"comments_number":"0","wpmagazine_modules_lite_featured_media_urls":{"thumbnail":["https:\/\/nakanarach.pl\/wp-content\/uploads\/2025\/05\/Gwardia-Cywilna-kajdanki-150x150.jpg",150,150,true],"cvmm-medium":["https:\/\/nakanarach.pl\/wp-content\/uploads\/2025\/05\/Gwardia-Cywilna-kajdanki-300x300.jpg",300,300,true],"cvmm-medium-plus":["https:\/\/nakanarach.pl\/wp-content\/uploads\/2025\/05\/Gwardia-Cywilna-kajdanki-305x207.jpg",305,207,true],"cvmm-portrait":["https:\/\/nakanarach.pl\/wp-content\/uploads\/2025\/05\/Gwardia-Cywilna-kajdanki-400x341.jpg",400,341,true],"cvmm-medium-square":["https:\/\/nakanarach.pl\/wp-content\/uploads\/2025\/05\/Gwardia-Cywilna-kajdanki-600x341.jpg",600,341,true],"cvmm-large":["https:\/\/nakanarach.pl\/wp-content\/uploads\/2025\/05\/Gwardia-Cywilna-kajdanki.jpg",681,341,false],"cvmm-small":["https:\/\/nakanarach.pl\/wp-content\/uploads\/2025\/05\/Gwardia-Cywilna-kajdanki-130x95.jpg",130,95,true],"full":["https:\/\/nakanarach.pl\/wp-content\/uploads\/2025\/05\/Gwardia-Cywilna-kajdanki.jpg",681,341,false]},"_links":{"self":[{"href":"https:\/\/nakanarach.pl\/index.php\/wp-json\/wp\/v2\/posts\/10170","targetHints":{"allow":["GET"]}}],"collection":[{"href":"https:\/\/nakanarach.pl\/index.php\/wp-json\/wp\/v2\/posts"}],"about":[{"href":"https:\/\/nakanarach.pl\/index.php\/wp-json\/wp\/v2\/types\/post"}],"author":[{"embeddable":true,"href":"https:\/\/nakanarach.pl\/index.php\/wp-json\/wp\/v2\/users\/4"}],"replies":[{"embeddable":true,"href":"https:\/\/nakanarach.pl\/index.php\/wp-json\/wp\/v2\/comments?post=10170"}],"version-history":[{"count":3,"href":"https:\/\/nakanarach.pl\/index.php\/wp-json\/wp\/v2\/posts\/10170\/revisions"}],"predecessor-version":[{"id":10218,"href":"https:\/\/nakanarach.pl\/index.php\/wp-json\/wp\/v2\/posts\/10170\/revisions\/10218"}],"wp:featuredmedia":[{"embeddable":true,"href":"https:\/\/nakanarach.pl\/index.php\/wp-json\/wp\/v2\/media\/10171"}],"wp:attachment":[{"href":"https:\/\/nakanarach.pl\/index.php\/wp-json\/wp\/v2\/media?parent=10170"}],"wp:term":[{"taxonomy":"category","embeddable":true,"href":"https:\/\/nakanarach.pl\/index.php\/wp-json\/wp\/v2\/categories?post=10170"},{"taxonomy":"post_tag","embeddable":true,"href":"https:\/\/nakanarach.pl\/index.php\/wp-json\/wp\/v2\/tags?post=10170"}],"curies":[{"name":"wp","href":"https:\/\/api.w.org\/{rel}","templated":true}]}}