{"id":10265,"date":"2025-05-12T06:47:49","date_gmt":"2025-05-12T05:47:49","guid":{"rendered":"https:\/\/nakanarach.pl\/?p=10265"},"modified":"2025-05-12T07:08:59","modified_gmt":"2025-05-12T06:08:59","slug":"banany-towarem-dla-bogaczy","status":"publish","type":"post","link":"https:\/\/nakanarach.pl\/index.php\/2025\/05\/12\/banany-towarem-dla-bogaczy\/","title":{"rendered":"BANANY TOWAREM DLA BOGACZY"},"content":{"rendered":"\n<p><strong>WYSPY KANARYJSKIE: Banany, z kt\u00f3rych s\u0142yn\u0105 Wyspy Kanaryjskie sta\u0142y si\u0119 niemal towarem luksusowym. W ostatnich kilku tygodniach ceny poszybowa\u0142y mocno w g\u00f3r\u0119. <\/strong><\/p>\n\n\n\n<p>Wyspy Kanaryjskie s\u0105 g\u0142\u00f3wnym o\u015brodkiem produkcji banan\u00f3w w Hiszpanii. Na tym rajskim archipelagu w wielu miejscach mo\u017cna spotka\u0107 olbrzymie plantacje drzew bananowych, kt\u00f3re przyci\u0105gaj\u0105 te\u017c wiele wycieczek i s\u0105 atrakcj\u0105 turystyczn\u0105. <\/p>\n\n\n\n<figure class=\"wp-block-image size-large\"><img fetchpriority=\"high\" decoding=\"async\" width=\"1024\" height=\"576\" src=\"http:\/\/nakanarach.pl\/wp-content\/uploads\/2024\/08\/Plantacja-bananow-GC-1024x576.jpg\" alt=\"\" class=\"wp-image-8498\" srcset=\"https:\/\/nakanarach.pl\/wp-content\/uploads\/2024\/08\/Plantacja-bananow-GC-1024x576.jpg 1024w, https:\/\/nakanarach.pl\/wp-content\/uploads\/2024\/08\/Plantacja-bananow-GC-300x169.jpg 300w, https:\/\/nakanarach.pl\/wp-content\/uploads\/2024\/08\/Plantacja-bananow-GC-768x432.jpg 768w, https:\/\/nakanarach.pl\/wp-content\/uploads\/2024\/08\/Plantacja-bananow-GC-1536x864.jpg 1536w, https:\/\/nakanarach.pl\/wp-content\/uploads\/2024\/08\/Plantacja-bananow-GC-2048x1152.jpg 2048w\" sizes=\"(max-width: 1024px) 100vw, 1024px\" \/><\/figure>\n\n\n\n<p>Te owoce uprawiane na Wyspach Kanaryjskich maj\u0105 specyficzny wygl\u0105d i smak. S\u0105 mniejsze ni\u017c tradycyjne banany, ale te\u017c i s\u0142odsze. Niekt\u00f3rzy okre\u015blaj\u0105 ten smak jako \u201ebardziej bananowe\u201d.<\/p>\n\n\n\n<p>Tak\u017ce na Kanarach produkuje si\u0119 jedyne na \u015bwiecie wino z banan\u00f3w o nazwie Plate Blanco Afrutado de Platano Banana. Ten nap\u00f3j charakteryzuje subtelna s\u0142odycz banan\u00f3w w zapachu, ale r\u00f3wnie przyjemny, delikatny smak. Sch\u0142odzone wino z banan\u00f3w jest bardzo orze\u017awiaj\u0105ce i nie zawiera sztucznych barwnik\u00f3w ani smak\u00f3w. &nbsp;&nbsp;&nbsp;&nbsp;&nbsp;<\/p>\n\n\n\n<figure class=\"wp-block-image size-large\"><img decoding=\"async\" width=\"576\" height=\"1024\" src=\"http:\/\/nakanarach.pl\/wp-content\/uploads\/2024\/08\/Wino-bananowe2-576x1024.jpg\" alt=\"\" class=\"wp-image-8497\" srcset=\"https:\/\/nakanarach.pl\/wp-content\/uploads\/2024\/08\/Wino-bananowe2-576x1024.jpg 576w, https:\/\/nakanarach.pl\/wp-content\/uploads\/2024\/08\/Wino-bananowe2-169x300.jpg 169w, https:\/\/nakanarach.pl\/wp-content\/uploads\/2024\/08\/Wino-bananowe2-768x1365.jpg 768w, https:\/\/nakanarach.pl\/wp-content\/uploads\/2024\/08\/Wino-bananowe2-864x1536.jpg 864w, https:\/\/nakanarach.pl\/wp-content\/uploads\/2024\/08\/Wino-bananowe2-1152x2048.jpg 1152w, https:\/\/nakanarach.pl\/wp-content\/uploads\/2024\/08\/Wino-bananowe2-scaled.jpg 1440w\" sizes=\"(max-width: 576px) 100vw, 576px\" \/><\/figure>\n\n\n\n<p>Dotychczas ceny banan\u00f3w w niekt\u00f3rych sklepach by\u0142y w granicach 0,70 &#8211; 1,90 euro (niespe\u0142na 3 z\u0142 &#8211; 8 z\u0142) za kilogram. Teraz ceny poszybowa\u0142y powy\u017cej 3 euro (ok. 13 z\u0142). Dla por\u00f3wnania ceny banan\u00f3w w Polsce w promocjach waha\u0142y si\u0119&nbsp;w tym roku \u015brednio ju\u017c od 2,99 do 6,99 z\u0142 za kilogram. <\/p>\n\n\n\n<p>Rynek banan\u00f3w uprawianych na Wyspach Kanaryjskich w ostatnich latach notowa\u0142 du\u017ce wahania cenowe. Rok 2021, w kt\u00f3rym dosz\u0142o do wybuchu wulkanu na La Palmie, kt\u00f3ra s\u0142ynie tak\u017ce z olbrzymich plantacji tych owoc\u00f3w przyni\u00f3s\u0142 niskie ceny ceny dla lokalnych plantator\u00f3w.<\/p>\n\n\n\n<p>Najwy\u017csze ceny na rynku docelowym s\u0105 w latach, gdy dostawy s\u0105 ograniczone poni\u017cej 420 milion\u00f3w kilogram\u00f3w rocznie. Obecny wzrost cen wzrost cen jest spowodowany g\u0142\u00f3wnie niedoborem owoc\u00f3w kanaryjskich (zbiory poni\u017cej 7 milion\u00f3w kilogram\u00f3w tygodniowo) oraz ograniczon\u0105 konkurencj\u0105 ze strony banan\u00f3w importowanych z Ameryki \u015arodkowej i Afryki Zachodniej.<\/p>\n\n\n\n<p>Banany z Ameryki \u015arodkowej i Po\u0142udniowej s\u0105 nie tylko wi\u0119ksze, ale i ta\u0144sze. Na Wyspach Kanaryjskich uprawiany jest banan kar\u0142owaty, ma cie\u0144sz\u0105 sk\u00f3rk\u0119, co znacznie utrudnia transport i zwi\u0119ksza jego koszty. I co gorsze banany kanaryjskie, wed\u0142ug wymog\u00f3w Unii Europejskiej nie s\u0105 bananami, bo&nbsp;nie osi\u0105gaj\u0105 minimalnego rozmiaru ustalonego jako standard dla tego owocu.<\/p>\n\n\n\n<p>W ostatnich tygodniach ceny dla plantator\u00f3w wynosi\u0142y ju\u017c 1,54 euro za kilogram. Najwy\u017cszej jako\u015bci banany kanaryjskie s\u0105 sprzedawane hurtowo po cenach zbli\u017caj\u0105cych si\u0119 do 2 euro za kilogram, co przek\u0142ada si\u0119 na ceny detaliczne przekraczaj\u0105ce 3 lub nawet 4 euro za kilogram w supermarketach w kontynentalnej Hiszpanii, oddalonej od Wysp Kanaryjskich o ok. 1500 km.<\/p>\n\n\n\n<p>R\u00f3wnolegle trwaj\u0105 r\u00f3wnie\u017c prace nad nowym dekretem terytorialnym dotycz\u0105cym systemu dystrybucji bezpo\u015bredniej pomocy dla producent\u00f3w banan\u00f3w w ramach programu Posei, z rocznym bud\u017cetem 141,1 mln euro z UE. Projekt jest popierany przez Parlament Wysp Kanaryjskich i g\u0142\u00f3wne organizacje rolnicze, ale spotyka si\u0119 z r\u00f3\u017cnym przyj\u0119ciem w\u015br\u00f3d organizacji producent\u00f3w banan\u00f3w.<\/p>\n\n\n\n<p>Foto: Czytelnik NaKanarach.pl<\/p>\n","protected":false},"excerpt":{"rendered":"<p>WYSPY KANARYJSKIE: Banany, z kt\u00f3rych s\u0142yn\u0105 Wyspy Kanaryjskie sta\u0142y si\u0119 niemal towarem luksusowym. W ostatnich kilku tygodniach ceny poszybowa\u0142y mocno w g\u00f3r\u0119. Wyspy Kanaryjskie s\u0105 g\u0142\u00f3wnym o\u015brodkiem produkcji banan\u00f3w w Hiszpanii. Na tym rajskim archipelagu w wielu miejscach mo\u017cna spotka\u0107 olbrzymie plantacje drzew bananowych, kt\u00f3re przyci\u0105gaj\u0105 te\u017c wiele wycieczek i s\u0105 atrakcj\u0105 turystyczn\u0105. Te owoce [&hellip;]<\/p>\n","protected":false},"author":4,"featured_media":10267,"comment_status":"closed","ping_status":"open","sticky":false,"template":"","format":"standard","meta":{"om_disable_all_campaigns":false,"_monsterinsights_skip_tracking":false,"_monsterinsights_sitenote_active":false,"_monsterinsights_sitenote_note":"","_monsterinsights_sitenote_category":0,"footnotes":""},"categories":[12],"tags":[],"class_list":["post-10265","post","type-post","status-publish","format-standard","has-post-thumbnail","hentry","category-aktualnosci"],"aioseo_notices":[],"blog_post_layout_featured_media_urls":{"thumbnail":["https:\/\/nakanarach.pl\/wp-content\/uploads\/2025\/05\/Banany-150x150.jpeg",150,150,true],"full":["https:\/\/nakanarach.pl\/wp-content\/uploads\/2025\/05\/Banany.jpeg",1536,2048,false]},"categories_names":{"12":{"name":"Aktualno\u015bci","link":"https:\/\/nakanarach.pl\/index.php\/category\/aktualnosci\/"}},"tags_names":[],"comments_number":"0","wpmagazine_modules_lite_featured_media_urls":{"thumbnail":["https:\/\/nakanarach.pl\/wp-content\/uploads\/2025\/05\/Banany-150x150.jpeg",150,150,true],"cvmm-medium":["https:\/\/nakanarach.pl\/wp-content\/uploads\/2025\/05\/Banany-300x300.jpeg",300,300,true],"cvmm-medium-plus":["https:\/\/nakanarach.pl\/wp-content\/uploads\/2025\/05\/Banany-305x207.jpeg",305,207,true],"cvmm-portrait":["https:\/\/nakanarach.pl\/wp-content\/uploads\/2025\/05\/Banany-400x600.jpeg",400,600,true],"cvmm-medium-square":["https:\/\/nakanarach.pl\/wp-content\/uploads\/2025\/05\/Banany-600x600.jpeg",600,600,true],"cvmm-large":["https:\/\/nakanarach.pl\/wp-content\/uploads\/2025\/05\/Banany-1024x1024.jpeg",1024,1024,true],"cvmm-small":["https:\/\/nakanarach.pl\/wp-content\/uploads\/2025\/05\/Banany-130x95.jpeg",130,95,true],"full":["https:\/\/nakanarach.pl\/wp-content\/uploads\/2025\/05\/Banany.jpeg",1536,2048,false]},"_links":{"self":[{"href":"https:\/\/nakanarach.pl\/index.php\/wp-json\/wp\/v2\/posts\/10265","targetHints":{"allow":["GET"]}}],"collection":[{"href":"https:\/\/nakanarach.pl\/index.php\/wp-json\/wp\/v2\/posts"}],"about":[{"href":"https:\/\/nakanarach.pl\/index.php\/wp-json\/wp\/v2\/types\/post"}],"author":[{"embeddable":true,"href":"https:\/\/nakanarach.pl\/index.php\/wp-json\/wp\/v2\/users\/4"}],"replies":[{"embeddable":true,"href":"https:\/\/nakanarach.pl\/index.php\/wp-json\/wp\/v2\/comments?post=10265"}],"version-history":[{"count":5,"href":"https:\/\/nakanarach.pl\/index.php\/wp-json\/wp\/v2\/posts\/10265\/revisions"}],"predecessor-version":[{"id":10289,"href":"https:\/\/nakanarach.pl\/index.php\/wp-json\/wp\/v2\/posts\/10265\/revisions\/10289"}],"wp:featuredmedia":[{"embeddable":true,"href":"https:\/\/nakanarach.pl\/index.php\/wp-json\/wp\/v2\/media\/10267"}],"wp:attachment":[{"href":"https:\/\/nakanarach.pl\/index.php\/wp-json\/wp\/v2\/media?parent=10265"}],"wp:term":[{"taxonomy":"category","embeddable":true,"href":"https:\/\/nakanarach.pl\/index.php\/wp-json\/wp\/v2\/categories?post=10265"},{"taxonomy":"post_tag","embeddable":true,"href":"https:\/\/nakanarach.pl\/index.php\/wp-json\/wp\/v2\/tags?post=10265"}],"curies":[{"name":"wp","href":"https:\/\/api.w.org\/{rel}","templated":true}]}}