{"id":10296,"date":"2025-05-13T08:35:22","date_gmt":"2025-05-13T07:35:22","guid":{"rendered":"https:\/\/nakanarach.pl\/?p=10296"},"modified":"2025-07-10T06:59:26","modified_gmt":"2025-07-10T05:59:26","slug":"atak-na-polakow-na-kanarach-video","status":"publish","type":"post","link":"https:\/\/nakanarach.pl\/index.php\/2025\/05\/13\/atak-na-polakow-na-kanarach-video\/","title":{"rendered":"ATAK NA POLAK\u00d3W NA KANARACH (VIDEO)"},"content":{"rendered":"\n<p><strong>FUERTEVENTURA: Nie milkn\u0105 echa nagrania, kt\u00f3re od kilku tygodni podbija ogl\u0105dalno\u015b\u0107 i dyskusje na Instagramie. Para Polak\u00f3w, kt\u00f3rzy podr\u00f3\u017cuj\u0105 kamperem zosta\u0142o zaatakowanych przez mieszka\u0144c\u00f3w tej kanaryjskiej wyspy. To mo\u017ce pokazywa\u0107 coraz wi\u0119ksze negatywne nastroje wobec obcokrajowc\u00f3w w Hiszpanii. A mieszka\u0144cy Kanar\u00f3w ju\u017c zaplanowali kolejne, masowe antyturystyczne protesty. <\/strong><\/p>\n\n\n\n<ul class=\"wp-block-list\">\n<li>Ogl\u0105da\u0142am na stories na Instagramie foxesineden, kt\u00f3rzy podr\u00f3\u017cuj\u0105 kamperem po Kanarach, jak zostali zaatakowani na wyspie Fuertaventura przez lokals\u00f3w. Musieli ucieka\u0107 w nocy. Mo\u017ce to ciekawy temat, bo podobno to si\u0119 cz\u0119sto zdarza na ko\u0144cu wyspy &#8211; napisa\u0142a czytelniczka Agata do portalu NaKanarach.pl. <\/li>\n<\/ul>\n\n\n\n<p>Foxes in Eden to\u00a0polski influencer i youtuber, kt\u00f3ry prowadzi kana\u0142 o tej samej nazwie.\u00a0To Jakub Tolak, aktor, kt\u00f3ry gra\u0142 role w znanych produkcjach m.in.: Klan, Ranczo, 39 i p\u00f3\u0142, Wied\u017amin i Hotel 52. Obecnie razem ze swoj\u0105 \u017con\u0105 Zofi\u0105 Samsel i dzieckiem dziel\u0105 si\u0119 swoimi do\u015bwiadczeniami podr\u00f3\u017cniczymi, prowadz\u0105c \u017cycie w zbudowanym przez siebie kamperze.\u00a0Ich kana\u0142 na YouTube i Instagramie &#8222;Foxes in Eden&#8221; (w t\u0142um. &#8222;Lisy w Edenie&#8221;) pokazuje slow life, slow travel i podr\u00f3\u017ce po Europie.\u00a0Celem jednej z nich sta\u0142y si\u0119 niedawno Wyspy Kanaryjskie. Jednak ich spok\u00f3j zak\u0142\u00f3cili mieszka\u0144cy tej rajskiej wyspy.<\/p>\n\n\n\n<ul class=\"wp-block-list\">\n<li>Szykujesz si\u0119 do snu, nagle w Tw\u00f3j dom co\u015b uderza. Co robisz?&nbsp;Dojechali\u015bmy na sam koniec wyspy. Po\u0142udnie Fuerteventury, pi\u0119kne, miejscami dziewicze i\u2026 przera\u017caj\u0105ce. Stali\u015bmy my i jeszcze inne dwa kampery. Nagle ekipa na motorze i w starym seacie zacz\u0119\u0142a przy nas kr\u0119ci\u0107 b\u0105czki, gazowa\u0107, \u015bwieci\u0107 nam w okna. Zd\u0105\u017cy\u0142am powiedzie\u0107 \u201esprawd\u017a o co chodzi\u201d i nagle bum. Walni\u0119cie w zderzak.&nbsp;Nerwowa sytuacja. Przepychanki, pysk\u00f3wki. Kampery zacz\u0119\u0142y odje\u017cd\u017ca\u0107. Weso\u0142a ekipka podjecha\u0142a do jakiego\u015b domu, po czym zn\u00f3w ruszyli w nasz\u0105 stron\u0119.&nbsp; C\u00f3\u017c, nocna ucieczka szutrow\u0105, wyboist\u0105 drog\u0105 przy odm\u0119tach oceanu nie by\u0142a naszym marzeniem. Czy zg\u0142oszenie takiej sytuacji na hiszpa\u0144sk\u0105 policj\u0119 ma w og\u00f3le sens?&nbsp;W nocy nie by\u0142o na to szans, jedyne o czym my\u015bleli\u015bmy, to \u017ceby by\u0107 bezpiecznym, zw\u0142aszcza \u017ce w kamperze spa\u0142a nasza Tosia.&nbsp;Nie polecamy zostawania na noc w okolicach Playa El Puertito, s\u0142yszeli\u015bmy dzi\u015b, \u017ce to nie pierwszy taki przypadek tam, a tury\u015bci kamperami nie s\u0105 mile widziani &#8211; czytamy na instagramowym profilu foxesineden.<\/li>\n<\/ul>\n\n\n\n<blockquote class=\"wp-block-quote is-layout-flow wp-block-quote-is-layout-flow\">\n<p><a href=\"https:\/\/www.instagram.com\/reel\/DI0sWW7uSbp\/?utm_source=ig_embed&amp;utm_campaign=loading\" target=\"_blank\" rel=\"noreferrer noopener\"><\/a><strong>ZOBACZ VIDEO: <\/strong><\/p>\n\n\n\n<p>https:\/\/www.instagram.com\/reel\/DI0sWW7uSbp\/?utm_source=ig_web_copy_link&#038;igsh=MzRlODBiNWFlZA==<\/p>\n\n\n\n<p>Nadal nie wiadomo, jaki by\u0142 pow\u00f3d sprzeczki i ataku na Polak\u00f3w, a z kr\u00f3tkiego nagrania trudno wywnioskowa\u0107, jakie faktyczne zamiary mieli sprawcy. Po bardzo kr\u00f3tkiej przepychance i pysk\u00f3wce mieszka\u0144cy wyspy odjechali. Podobnie uczynili polscy influencerzy, kt\u00f3rzy przemie\u015bcili si\u0119 &#8211; jak m\u00f3wi\u0105 na nagraniu &#8211; oko\u0142o 30 kilometr\u00f3w dalej, aby znale\u017a\u0107 bezpieczne miejsce do noclegu. Tak samo zrobi\u0142 ze strachu kierowca parkuj\u0105cego obok nich kampera. <\/p>\n\n\n\n<ul class=\"wp-block-list\">\n<li>Taka sytuacja po raz pierwszy nas spotka\u0142a od pi\u0119ciu lat &#8211; m\u00f3wi przera\u017cona Zofia Samsel. <\/li>\n<\/ul>\n\n\n\n<p>Jakub Tolak nieco zrezygnowany podsumowuje t\u0119 niebezpieczn\u0105 sytuacj\u0119, kt\u00f3ra zosta\u0142a zg\u0142oszona na policj\u0119: <\/p>\n\n\n\n<ul class=\"wp-block-list\">\n<li>Ta Fuerta to&#8230; Chyba spadamy. Za wietrznie i za weso\u0142o&#8230; spo\u0142ecznie. Niemi\u0142o nas tu przy przywitano raczej, albo po\u017cegnano w tej sytuacji.<\/li>\n<\/ul>\n<\/blockquote>\n\n\n\n<p>Pomimo zdarzaj\u0105cych si\u0119 co jaki\u015b czas incydent\u00f3w z udzia\u0142em turyst\u00f3w, Wyspy Kanaryjskie uchodz\u0105 za stosunkowo bezpieczne miejsce do wypoczynku. Jednak od 2024 roku w Hiszpanii pogorszy\u0142y si\u0119 nastroje wobec obcokrajowc\u00f3w, kt\u00f3rych mieszka\u0144cy przede wszystkim obwiniaj\u0105 o spory wykup nieruchomo\u015bci w celach inwestycyjnych, co z kolei doprowadzi\u0142o do gwa\u0142townego wzrostu cen mieszka\u0144 przeznaczonych do wynajmu d\u0142ugoterminowego. <\/p>\n\n\n\n<p>W ostatnim czasie na Kanarach pojawi\u0142y si\u0119 m.in. napisy na samochodach z wypo\u017cyczalni aut &#8222;Turist go home&#8221; (t\u0142um. Tury\u015bci do domu) czy niepokoj\u0105ce graffiti na jednym z mur\u00f3w na Teneryfie &#8222;Kill a tourist&#8221; (t\u0142um. Zabi\u0107 turyst\u0119). Podczas jednej z poprzednich demonstracji manifestanci otoczyli wypoczywaj\u0105cych na pla\u017cy Troya w popularnym kurorcie Playa de Las Americas na Teneryfie. \u201eTa pla\u017ca jest nasza\u201d, \u201eJeste\u015bmy obcokrajowcami w swoim w\u0142asnym kraju\u201d &#8211; brzmia\u0142y has\u0142a widniej\u0105ce na transparentach. Uczestnicy protestu pokazywali te\u017c \u015brodkowy palec w stron\u0119 obserwuj\u0105cych wydarzenie z hotelowych balkon\u00f3w turyst\u00f3w. Tak\u017ce na Teneryfie zniszczono w 2024 r. ponad 230 pla\u017cowych le\u017cak\u00f3w, na kt\u00f3rych umieszczono antyturystyczne has\u0142o &#8222;Wyspy Kanaryjskie nie s\u0105 na sprzeda\u017c&#8221;. <\/p>\n\n\n\n<figure class=\"wp-block-image size-full\"><img fetchpriority=\"high\" decoding=\"async\" width=\"680\" height=\"383\" src=\"http:\/\/nakanarach.pl\/wp-content\/uploads\/2024\/10\/Daily-mail-Protest-Teneryfa.jpg\" alt=\"\" class=\"wp-image-8781\" srcset=\"https:\/\/nakanarach.pl\/wp-content\/uploads\/2024\/10\/Daily-mail-Protest-Teneryfa.jpg 680w, https:\/\/nakanarach.pl\/wp-content\/uploads\/2024\/10\/Daily-mail-Protest-Teneryfa-300x169.jpg 300w\" sizes=\"(max-width: 680px) 100vw, 680px\" \/><figcaption class=\"wp-element-caption\"><em><strong>Foto: Archiwum Daily Mail<\/strong><\/em><\/figcaption><\/figure>\n\n\n\n<p>18 maja<strong>\u00a0<\/strong>2025 r. grupa Canarias Tiene Un L\u00edmite (Wyspy Kanaryjskie Maj\u0105 Limity) zaapelowa\u0142a o zorganizowanie masowego protestu\u00a0przeciwko rz\u0105dowym agencjom i instytucjom ignoruj\u0105cym pro\u015bby mieszka\u0144c\u00f3w o ograniczenie liczby odwiedzaj\u0105cych ten rajski archipelag, kt\u00f3ry w 2024 roku odwiedzi\u0142o rekordowe 18 mln turyst\u00f3w. Jednak w sezonie letnim 2025 gwa\u0142townie spad\u0142a liczba rezerwacji na Kanarach. <\/p>\n\n\n\n<p>Protesty odb\u0119d\u0105 si\u0119 niemal na wszystkich i zarazem najpopularniejszych w\u015br\u00f3d turyst\u00f3w wyspach archipelagu o godz. 11. Manifestacje zaplanowano na Teneryfie, Gran Canarii, Fuerteventurze, Lanzarote, La Palmie, La Gomerze i El Hierro. <\/p>\n\n\n\n<blockquote class=\"wp-block-quote is-layout-flow wp-block-quote-is-layout-flow\">\n<p>Foto: Screen z video Instagram\/foxesineden<a href=\"https:\/\/www.instagram.com\/reel\/DI0sWW7uSbp\/?utm_source=ig_embed&amp;utm_campaign=loading\" target=\"_blank\" rel=\"noreferrer noopener\"><\/a><a href=\"https:\/\/www.instagram.com\/reel\/DI0sWW7uSbp\/?utm_source=ig_embed&amp;utm_campaign=loading\" target=\"_blank\" rel=\"noreferrer noopener\"><\/a><\/p>\n<\/blockquote>\n","protected":false},"excerpt":{"rendered":"<p>FUERTEVENTURA: Nie milkn\u0105 echa nagrania, kt\u00f3re od kilku tygodni podbija ogl\u0105dalno\u015b\u0107 i dyskusje na Instagramie. Para Polak\u00f3w, kt\u00f3rzy podr\u00f3\u017cuj\u0105 kamperem zosta\u0142o zaatakowanych przez mieszka\u0144c\u00f3w tej kanaryjskiej wyspy. To mo\u017ce pokazywa\u0107 coraz wi\u0119ksze negatywne nastroje wobec obcokrajowc\u00f3w w Hiszpanii. A mieszka\u0144cy Kanar\u00f3w ju\u017c zaplanowali kolejne, masowe antyturystyczne protesty. Foxes in Eden to\u00a0polski influencer i youtuber, kt\u00f3ry [&hellip;]<\/p>\n","protected":false},"author":4,"featured_media":10297,"comment_status":"closed","ping_status":"open","sticky":false,"template":"","format":"standard","meta":{"om_disable_all_campaigns":false,"_monsterinsights_skip_tracking":false,"_monsterinsights_sitenote_active":false,"_monsterinsights_sitenote_note":"","_monsterinsights_sitenote_category":0,"footnotes":""},"categories":[101],"tags":[],"class_list":["post-10296","post","type-post","status-publish","format-standard","has-post-thumbnail","hentry","category-o-polsce"],"aioseo_notices":[],"blog_post_layout_featured_media_urls":{"thumbnail":["https:\/\/nakanarach.pl\/wp-content\/uploads\/2025\/05\/Atak-na-Polakow-150x150.jpg",150,150,true],"full":["https:\/\/nakanarach.pl\/wp-content\/uploads\/2025\/05\/Atak-na-Polakow.jpg",1068,1947,false]},"categories_names":{"101":{"name":"O Polsce","link":"https:\/\/nakanarach.pl\/index.php\/category\/kultura\/o-polsce\/"}},"tags_names":[],"comments_number":"0","wpmagazine_modules_lite_featured_media_urls":{"thumbnail":["https:\/\/nakanarach.pl\/wp-content\/uploads\/2025\/05\/Atak-na-Polakow-150x150.jpg",150,150,true],"cvmm-medium":["https:\/\/nakanarach.pl\/wp-content\/uploads\/2025\/05\/Atak-na-Polakow-300x300.jpg",300,300,true],"cvmm-medium-plus":["https:\/\/nakanarach.pl\/wp-content\/uploads\/2025\/05\/Atak-na-Polakow-305x207.jpg",305,207,true],"cvmm-portrait":["https:\/\/nakanarach.pl\/wp-content\/uploads\/2025\/05\/Atak-na-Polakow-400x600.jpg",400,600,true],"cvmm-medium-square":["https:\/\/nakanarach.pl\/wp-content\/uploads\/2025\/05\/Atak-na-Polakow-600x600.jpg",600,600,true],"cvmm-large":["https:\/\/nakanarach.pl\/wp-content\/uploads\/2025\/05\/Atak-na-Polakow-1024x1024.jpg",1024,1024,true],"cvmm-small":["https:\/\/nakanarach.pl\/wp-content\/uploads\/2025\/05\/Atak-na-Polakow-130x95.jpg",130,95,true],"full":["https:\/\/nakanarach.pl\/wp-content\/uploads\/2025\/05\/Atak-na-Polakow.jpg",1068,1947,false]},"_links":{"self":[{"href":"https:\/\/nakanarach.pl\/index.php\/wp-json\/wp\/v2\/posts\/10296","targetHints":{"allow":["GET"]}}],"collection":[{"href":"https:\/\/nakanarach.pl\/index.php\/wp-json\/wp\/v2\/posts"}],"about":[{"href":"https:\/\/nakanarach.pl\/index.php\/wp-json\/wp\/v2\/types\/post"}],"author":[{"embeddable":true,"href":"https:\/\/nakanarach.pl\/index.php\/wp-json\/wp\/v2\/users\/4"}],"replies":[{"embeddable":true,"href":"https:\/\/nakanarach.pl\/index.php\/wp-json\/wp\/v2\/comments?post=10296"}],"version-history":[{"count":5,"href":"https:\/\/nakanarach.pl\/index.php\/wp-json\/wp\/v2\/posts\/10296\/revisions"}],"predecessor-version":[{"id":10306,"href":"https:\/\/nakanarach.pl\/index.php\/wp-json\/wp\/v2\/posts\/10296\/revisions\/10306"}],"wp:featuredmedia":[{"embeddable":true,"href":"https:\/\/nakanarach.pl\/index.php\/wp-json\/wp\/v2\/media\/10297"}],"wp:attachment":[{"href":"https:\/\/nakanarach.pl\/index.php\/wp-json\/wp\/v2\/media?parent=10296"}],"wp:term":[{"taxonomy":"category","embeddable":true,"href":"https:\/\/nakanarach.pl\/index.php\/wp-json\/wp\/v2\/categories?post=10296"},{"taxonomy":"post_tag","embeddable":true,"href":"https:\/\/nakanarach.pl\/index.php\/wp-json\/wp\/v2\/tags?post=10296"}],"curies":[{"name":"wp","href":"https:\/\/api.w.org\/{rel}","templated":true}]}}