{"id":10377,"date":"2025-05-16T08:36:49","date_gmt":"2025-05-16T07:36:49","guid":{"rendered":"https:\/\/nakanarach.pl\/?p=10377"},"modified":"2025-05-16T08:54:36","modified_gmt":"2025-05-16T07:54:36","slug":"zamkneli-kapielisko-z-powodu-rekina-video","status":"publish","type":"post","link":"https:\/\/nakanarach.pl\/index.php\/2025\/05\/16\/zamkneli-kapielisko-z-powodu-rekina-video\/","title":{"rendered":"ZAMKN\u0118LI K\u0104PIELISKO Z POWODU REKINA (VIDEO)"},"content":{"rendered":"\n<p><strong>GRAN CANARIA: Chwile strachu prze\u017cyli k\u0105pi\u0105cy si\u0119 w jednym z naturalnych basen\u00f3w na tej wyspie. Zamkni\u0119to tam kolejne k\u0105pielisko. Tym razem jednak nie z powodu zanieczyszczenia wody, lecz rekina, kt\u00f3ry niespodziewanie pojawi\u0142 si\u0119 w tym miejscu. <\/strong><\/p>\n\n\n\n<p>U wybrze\u017cy Oceanu Atlantyckiego w pobli\u017cu Wysp Kanaryjskich rekiny spotykane s\u0105 stosunkowo rzadko.  Jednak w ostatnich latach na archipelagu pojawi\u0142o si\u0119 kilka takich okaz\u00f3w, kt\u00f3re wywo\u0142a\u0142y panik\u0119 w\u015br\u00f3d wczasowicz\u00f3w. <\/p>\n\n\n\n<p>Jak informuje Telewizja Canaria tym razem rekin pojawi\u0142 si\u0119 w po\u0142owie maja br. w pobli\u017cu miejscowo\u015bci El Altillo na p\u00f3\u0142nocy Gran Canarii. <\/p>\n\n\n\n<p>Kilku k\u0105pi\u0105cych si\u0119 w naturalnych basenach pospiesznie uciek\u0142o z wody i powiadomi\u0142o Centrum Koordynacji Bezpiecze\u0144stwa i Reagowania Kryzysowego (CECOES) o obecno\u015bci rekina. Na miejscu szybko pojawi\u0142a si\u0119 lokalna policja, kt\u00f3ra zamkn\u0119\u0142a teren. <\/p>\n\n\n\n<figure class=\"wp-block-embed is-type-video is-provider-youtube wp-block-embed-youtube wp-embed-aspect-16-9 wp-has-aspect-ratio\"><div class=\"wp-block-embed__wrapper\">\n<iframe title=\"Detectan un tibur\u00f3n en las piscinas naturales de El Altillo, Moya\" width=\"640\" height=\"360\" src=\"https:\/\/www.youtube.com\/embed\/uqyeXC6P3Mg?start=4&#038;feature=oembed\" frameborder=\"0\" allow=\"accelerometer; autoplay; clipboard-write; encrypted-media; gyroscope; picture-in-picture; web-share\" referrerpolicy=\"strict-origin-when-cross-origin\" allowfullscreen><\/iframe>\n<\/div><\/figure>\n\n\n\n<p>Wst\u0119pne oceny sugeruj\u0105, \u017ce rekin jest \u017cywym i m\u0142odym osobnikiem, prawdopodobnie uwi\u0119zionym w naturalnym basenie po przyp\u0142ywie z poprzedniej nocy. Technicy na miejscu potwierdzili, \u017ce zwierz\u0119 ma oko\u0142o metra d\u0142ugo\u015bci, wydaje si\u0119 spokojne i nie stanowi bezpo\u015bredniego zagro\u017cenia. Tym razem podj\u0119to decyzj\u0119 o przeczekaniu, a\u017c zwierz\u0119 samo odp\u0142ynie, zamiast interweniowa\u0107. Rekin opu\u015bci\u0142 basen po ponad 6 godzinach, wraz z odp\u0142ywem.<\/p>\n\n\n\n<p>Burmistrz gminy Moya, Ra\u00fal Afonso, podkre\u015bla, \u017ce w przesz\u0142o\u015bci w tym samym miejscu zdarza\u0142y si\u0119 podobne incydenty z udzia\u0142em rekin\u00f3w. <\/p>\n\n\n\n<p>Chocia\u017c gatunek nie zosta\u0142 jeszcze ostatecznie zidentyfikowany, to wst\u0119pnie okre\u015blono, \u017ce mo\u017ce to by\u0107&nbsp;<em>caz\u00f3n<\/em>&nbsp;(\u017car\u0142acz), kt\u00f3rych doros\u0142e osobniki osi\u0105gaj\u0105 do 3 metr\u00f3w d\u0142ugo\u015bci i s\u0105 powszechnie spotykane w Oceanie Atlantyckim. <\/p>\n\n\n\n<p>W czerwcu 2024 r. kilka pla\u017c na Gran Canarii, w tym Melenara, Salinetas i San Agust\u00edn, zosta\u0142o tymczasowo zamkni\u0119tych po tym, jak u wybrze\u017cy zauwa\u017cono dwumetrowego rekina m\u0142ota (Sphyrna). <\/p>\n\n\n\n<p>Tak\u017ce w 2024 roku 30-letnia obywatelka Niemiec zgin\u0119\u0142a tragicznie po ataku rekina na Oceanie Atlantyckim, oko\u0142o 514 kilometr\u00f3w od wybrze\u017cy Wysp Kanaryjskich. <\/p>\n\n\n\n<p>W 2024 r. rekin zaatakowa\u0142 te\u017c kajakarza u wybrze\u017cy Tazacorte, na po\u0142udniu kanaryjskiej wyspy La Palma. M\u0119\u017cczy\u017anie uda\u0142o si\u0119 wyj\u015b\u0107 z zaj\u015bcia bez szwanku, bo obroni\u0142 si\u0119 swoim wios\u0142em, a drapie\u017cnik po chwili odp\u0142yn\u0105\u0142. <\/p>\n\n\n\n<p>Kilka lat temu media informowa\u0142y te\u017c o ataku przez 4-metrowego rekina na jedn\u0105 z hiszpa\u0144skich turystek. Kobieta p\u0142ywa\u0142a w pobli\u017cu pla\u017cy Arinaga na wschodnim wybrze\u017cu Gran Canarii.<strong>&nbsp;<\/strong>Zosta\u0142a ona dotkliwie pogryziona w r\u0119k\u0119. <\/p>\n\n\n\n<p>Z kolei w 2025 r. rekin goblin (Mitsukurina owstoni) &#8211; gatunek g\u0142\u0119binowy rzadko widywany przez ludzi zosta\u0142 przypadkowo z\u0142owiony u wybrze\u017cy San Crist\u00f3bal na Gran Canarii podczas rekreacyjnego po\u0142owu ryb g\u0142\u0119binowych. <\/p>\n\n\n\n<p>Charakterystyczn\u0105 cech\u0105 tego gatunku jest nietypowy kszta\u0142t g\u0142owy, z d\u0142ugim i przypominaj\u0105cym kielni\u0119 dziobem. Wyr\u00f3\u017cnia si\u0119 r\u00f3\u017cowym kolorem ca\u0142ego cia\u0142a i wysuwalnymi szcz\u0119kami. Rekin goblin to rzadki gatunek rekina g\u0142\u0119binowego, kt\u00f3ry zwykle osi\u0105ga\u00a0d\u0142ugo\u015b\u0107 od 3 do 4 metr\u00f3w.\u00a0Zdarzaj\u0105 si\u0119 jednak osobniki wi\u0119ksze, nawet do 5,4-6,2 metr\u00f3w, a badania sugeruj\u0105, \u017ce maksymalna d\u0142ugo\u015b\u0107 mo\u017ce wynosi\u0107 nawet do 7 metr\u00f3w.\u00a0<\/p>\n\n\n\n<p>Foto: Screen Telewizja Canaria RTVC<\/p>\n","protected":false},"excerpt":{"rendered":"<p>GRAN CANARIA: Chwile strachu prze\u017cyli k\u0105pi\u0105cy si\u0119 w jednym z naturalnych basen\u00f3w na tej wyspie. Zamkni\u0119to tam kolejne k\u0105pielisko. Tym razem jednak nie z powodu zanieczyszczenia wody, lecz rekina, kt\u00f3ry niespodziewanie pojawi\u0142 si\u0119 w tym miejscu. U wybrze\u017cy Oceanu Atlantyckiego w pobli\u017cu Wysp Kanaryjskich rekiny spotykane s\u0105 stosunkowo rzadko. Jednak w ostatnich latach na archipelagu [&hellip;]<\/p>\n","protected":false},"author":4,"featured_media":0,"comment_status":"closed","ping_status":"open","sticky":false,"template":"","format":"standard","meta":{"om_disable_all_campaigns":false,"_monsterinsights_skip_tracking":false,"_monsterinsights_sitenote_active":false,"_monsterinsights_sitenote_note":"","_monsterinsights_sitenote_category":0,"footnotes":""},"categories":[12],"tags":[],"class_list":["post-10377","post","type-post","status-publish","format-standard","hentry","category-aktualnosci"],"aioseo_notices":[],"blog_post_layout_featured_media_urls":{"thumbnail":"","full":""},"categories_names":{"12":{"name":"Aktualno\u015bci","link":"https:\/\/nakanarach.pl\/index.php\/category\/aktualnosci\/"}},"tags_names":[],"comments_number":"0","wpmagazine_modules_lite_featured_media_urls":{"thumbnail":"","cvmm-medium":"","cvmm-medium-plus":"","cvmm-portrait":"","cvmm-medium-square":"","cvmm-large":"","cvmm-small":"","full":""},"_links":{"self":[{"href":"https:\/\/nakanarach.pl\/index.php\/wp-json\/wp\/v2\/posts\/10377","targetHints":{"allow":["GET"]}}],"collection":[{"href":"https:\/\/nakanarach.pl\/index.php\/wp-json\/wp\/v2\/posts"}],"about":[{"href":"https:\/\/nakanarach.pl\/index.php\/wp-json\/wp\/v2\/types\/post"}],"author":[{"embeddable":true,"href":"https:\/\/nakanarach.pl\/index.php\/wp-json\/wp\/v2\/users\/4"}],"replies":[{"embeddable":true,"href":"https:\/\/nakanarach.pl\/index.php\/wp-json\/wp\/v2\/comments?post=10377"}],"version-history":[{"count":3,"href":"https:\/\/nakanarach.pl\/index.php\/wp-json\/wp\/v2\/posts\/10377\/revisions"}],"predecessor-version":[{"id":10386,"href":"https:\/\/nakanarach.pl\/index.php\/wp-json\/wp\/v2\/posts\/10377\/revisions\/10386"}],"wp:attachment":[{"href":"https:\/\/nakanarach.pl\/index.php\/wp-json\/wp\/v2\/media?parent=10377"}],"wp:term":[{"taxonomy":"category","embeddable":true,"href":"https:\/\/nakanarach.pl\/index.php\/wp-json\/wp\/v2\/categories?post=10377"},{"taxonomy":"post_tag","embeddable":true,"href":"https:\/\/nakanarach.pl\/index.php\/wp-json\/wp\/v2\/tags?post=10377"}],"curies":[{"name":"wp","href":"https:\/\/api.w.org\/{rel}","templated":true}]}}