{"id":10452,"date":"2025-05-21T06:27:00","date_gmt":"2025-05-21T05:27:00","guid":{"rendered":"https:\/\/nakanarach.pl\/?p=10452"},"modified":"2025-06-26T09:26:44","modified_gmt":"2025-06-26T08:26:44","slug":"turysci-bali-sie-wychodzic-z-hoteli","status":"publish","type":"post","link":"https:\/\/nakanarach.pl\/index.php\/2025\/05\/21\/turysci-bali-sie-wychodzic-z-hoteli\/","title":{"rendered":"TURY\u015aCI BALI SI\u0118 WYCHODZI\u0106 Z HOTELI?"},"content":{"rendered":"\n<p><strong>HISZPANIA\/WYSPY KANARYJSKIE: Niemal w ca\u0142ej Europie nie milkn\u0105 echa kolejnych masowych protest\u00f3w antyturystycznych na rajskim archipelagu oraz w kilku innych hiszpa\u0144skich miastach. Brytyjska prasa sensacyjnie przedstawia te manifestacje, \u017ce rzekomo ludzie bali si\u0119 wychodzi\u0107 z hoteli i straszy turyst\u00f3w przed wyborem Wysp Kanaryjskich na wakacje. <\/strong><\/p>\n\n\n\n<p>Wed\u0142ug danych Delegatury Rz\u0105du Wysp Kanaryjskich, w protestach 18 maja wzi\u0119\u0142o udzia\u0142 ponad 23 os\u00f3b, w tym 15 tys. na Teneryfie (cho\u0107 policja zg\u0142osi\u0142a 9 tys.), 5 tys. na Gran Canarii i mniejsze zgromadzenia na Lanzarote (2 tys.), La Palmie (500), Fuerteventurze (500), La Gomerze (100) i El Hierro (90) oraz wed\u0142ug szacunk\u00f3w ok. 300 os\u00f3b \u0142\u0105cznie zgromadzi\u0142o si\u0119 w Madrycie, Barcelonie, Walencji, Bilbao i Berlinie.<\/p>\n\n\n\n<figure class=\"wp-block-gallery has-nested-images columns-default is-cropped wp-block-gallery-1 is-layout-flex wp-block-gallery-is-layout-flex\">\n<figure class=\"wp-block-image size-large\"><img fetchpriority=\"high\" decoding=\"async\" width=\"1024\" height=\"651\" data-id=\"10453\" src=\"https:\/\/nakanarach.pl\/wp-content\/uploads\/2025\/05\/Protest-turystyczny-CCOO-Lanzarote2-1024x651.jpg\" alt=\"\" class=\"wp-image-10453\" srcset=\"https:\/\/nakanarach.pl\/wp-content\/uploads\/2025\/05\/Protest-turystyczny-CCOO-Lanzarote2-1024x651.jpg 1024w, https:\/\/nakanarach.pl\/wp-content\/uploads\/2025\/05\/Protest-turystyczny-CCOO-Lanzarote2-300x191.jpg 300w, https:\/\/nakanarach.pl\/wp-content\/uploads\/2025\/05\/Protest-turystyczny-CCOO-Lanzarote2-768x489.jpg 768w, https:\/\/nakanarach.pl\/wp-content\/uploads\/2025\/05\/Protest-turystyczny-CCOO-Lanzarote2.jpg 1080w\" sizes=\"(max-width: 1024px) 100vw, 1024px\" \/><figcaption class=\"wp-element-caption\"><strong><em>Foto: Facebook\/CCOO Lanzarote<\/em><\/strong><\/figcaption><\/figure>\n<\/figure>\n\n\n\n<p>Na jednym z transparent\u00f3w umieszczono zdj\u0119cia polityk\u00f3w, kt\u00f3rych obwinia si\u0119 za obecn\u0105 sytuacj\u0119. To protest coraz bardziej wymierzony w stron\u0119 obecnego rz\u0105du archipelagu oraz aktualnego ministra rz\u0105du centralnego ds. polityki terytorialnej \u00c1ngela V\u00edctora Torresa, kt\u00f3ry do 2023 r. by\u0142 prezydentem rz\u0105du Wysp Kanaryjskich. <\/p>\n\n\n\n<p><a href=\"https:\/\/www.eldiario.es\/canariasahora\/turismo\/ashotel-critica-anuncios-ecotasas-calmar-callar-manifestantes-18m_1_12310732.html\">https:\/\/www.eldiario.es\/canariasahora\/turismo\/ashotel-critica-anuncios-ecotasas-calmar-callar-manifestantes-18m_1_12310732.html<\/a><\/p>\n\n\n\n<p>Najszersze relacje z protest\u00f3w przedstawi\u0142y brytyjskie media, bo to w\u0142a\u015bnie najwi\u0119cej turyst\u00f3w z tego kraju (4,5 mln os\u00f3b rocznie) wypoczywa na Wyspach Kanaryjskich. <\/p>\n\n\n\n<p>O protestach pisz\u0105 najwi\u0119ksze brytyjskie dzienniki i portale m.in. The Independent, The Mirror, Daily Express, The Sun, Metro i Daily Mail, kt\u00f3re sensacyjnie relacjonowa\u0142y wydarzenia, a niekt\u00f3re podawa\u0142y relacje na \u017cywo.<\/p>\n\n\n\n<ul class=\"wp-block-list\">\n<li>Jednak, jak mo\u017cna by\u0142o si\u0119 spodziewa\u0107, nag\u0142\u00f3wki tabloid\u00f3w skupi\u0142y si\u0119 na bardziej sensacyjnych aspektach, w tym na twierdzeniach, \u017ce miejscowi namawiali turyst\u00f3w do opuszczenia wyspy i doniesieniach, \u017ce niekt\u00f3rzy brytyjscy wczasowicze pozostali zamkni\u0119ci w pokojach hotelowych z obawy przed wci\u0105gni\u0119ciem ich w demonstracje. Te twierdzenia s\u0105 \u015bmieszne, poniewa\u017c pokojowe protesty mia\u0142y miejsce w stolicach wysp, a nie w obszarach turystycznych &#8211; zauwa\u017ca  angielskoj\u0119zyczny portal Canarian Weekly, kt\u00f3ry od 1997 r. dzia\u0142a na archipelagu. <\/li>\n<\/ul>\n\n\n\n<p><\/p>\n\n\n\n<figure class=\"wp-block-image size-full\"><img decoding=\"async\" src=\"https:\/\/nakanarach.pl\/wp-content\/uploads\/2025\/05\/33b9cdeb0c03174d-800.webp\" alt=\"\" class=\"wp-image-10457\"\/><figcaption class=\"wp-element-caption\"><em><strong>Foto: Screen Canarian Weekly<\/strong><\/em><\/figcaption><\/figure>\n\n\n\n<p>Z kolei w Niemczech pisano nieco w innym tonie. M.in. gazety Die Zeit, Tagesschau i Stern, zwr\u00f3ci\u0142y uwag\u0119 na transparenty widoczne na protestach, na kt\u00f3rych widnia\u0142y takie has\u0142a jak \u201eCanarias no se vende\u201d (\u201eWyspy Kanaryjskie nie s\u0105 na sprzeda\u017c\u201d) i \u201eCanarias ya no es un para\u00edso\u201d (\u201eWyspy Kanaryjskie nie s\u0105 ju\u017c rajem\u201d).<\/p>\n\n\n\n<p>Francuskie media, takie jak TV5 Monde i 20 Minutes, opisuj\u0105 wyspy jako \u201ena skraju uduszenia\u201d z powodu niezr\u00f3wnowa\u017conego poziomu turystyki, przeciwko czemu protestuj\u0105 ludzie, kt\u00f3rzy nawet nie dostaj\u0105 prawie nic w zamian od w\u0142adz. <\/p>\n\n\n\n<p>Obecna polityka rz\u0105du Wysp Kanaryjskich bardziej s\u0142u\u017cy interesom lobby turystycznego ni\u017c mieszka\u0144com. Przy prawie dwukrotnym wzro\u015bcie liczby turyst\u00f3w od 2000 roku, liczba bezrobotnych wzros\u0142a z 84 tys. do 139 400. <\/p>\n\n\n\n<p>Tymczasem relacje holenderskiego \u201ede telegraaf\u201d i belgijskiego \u201ehln\u201d podkre\u015bli\u0142y nier\u00f3wnowag\u0119 mi\u0119dzy liczb\u0105 mieszka\u0144c\u00f3w (2,2 mln os\u00f3b na ca\u0142ym archipelagu) i turyst\u00f3w (18 mln os\u00f3b w 2024 r.) , wskazuj\u0105c na rosn\u0105ce obci\u0105\u017cenie lokalnej infrastruktury i jako\u015bci \u017cycia, co r\u00f3wnie\u017c jest jednym z g\u0142\u00f3wnych punkt\u00f3w manifestacji. <\/p>\n\n\n\n<p>Faktem jest, \u017ce &#8211; jak pisze portal NaKanarach.pl &#8211; jest coraz wi\u0119ksza niech\u0119\u0107 do turyst\u00f3w na archipelagu. W ostatnich miesi\u0105cach farb\u0105 w sprayu namalowano po angielsku napis w t\u0142um. &#8222;Tury\u015bci do domu&#8221; na samochodzie nale\u017c\u0105cym do jednej z najwi\u0119kszych wypo\u017cyczalni. Na jednym z mur\u00f3w na Teneryfie pojawi\u0142 si\u0119 po angielsku napis w t\u0142um. &#8222;Zabi\u0107 turyst\u0119&#8221;. Podczas jednej z ostatnich demonstracji tury\u015bci zak\u0142\u00f3cali spok\u00f3j wypoczywaj\u0105cym turystom na pla\u017cy Troya na Teneryfie, wykrzykuj\u0105c has\u0142a &#8222;Ta pla\u017ca jest nasza&#8221;, &#8222;Jeste\u015bmy obcokrajowcami we w\u0142asnym kraju&#8221; oraz pokazywali \u015brodkowy palec w stron\u0119 obserwuj\u0105cych demonstracj\u0119 turyst\u00f3w. <\/p>\n\n\n\n<p>Pablo Gonz\u00e1lez, dyrektor Ashotel, stowarzyszenia pracodawc\u00f3w bran\u017cy turystycznej w prowincji Santa Cruz de Tenerife, skrytykowa\u0142 dzia\u0142ania cz\u0119\u015bci klasy politycznej, kt\u00f3ra na kilka tygodni przed demonstracjami zacz\u0119\u0142a m\u00f3wi\u0107 o \u201eeko-podatkach\u201d w celu uspokojenia potencjalnych protestuj\u0105cych.&nbsp;Doda\u0142 on, \u017ce s\u0105 to de facto podatki od nocleg\u00f3w, a pr\u00f3ba rozwi\u0105zywania problem\u00f3w wy\u0142\u0105cznie pieni\u0119dzmi jest niew\u0142a\u015bciwa. W\u015br\u00f3d g\u0142\u00f3wnych problem\u00f3w wymieni\u0142 on op\u00f3\u017anienia w rozwoju infrastruktury, zrzucanie nieoczyszczonych \u015bciek\u00f3w od wielu lat do Oceanu Atlantyckiego (co spowodowa\u0142o zamkni\u0119cie kilku pla\u017c na Teneryfie) oraz trudno\u015bci z dost\u0119pem do mieszka\u0144, kt\u00f3rych wynajem w ostatnich kilku latach mocno podro\u017ca\u0142 do 700-1000 euro miesi\u0119cznie, przy \u015brednich zarobkach 1200-1500 euro na r\u0119k\u0119.<\/p>\n\n\n\n<p>Foto: Screen Canarian Weekly, Facebook\/CCOO Lanzarote<\/p>\n","protected":false},"excerpt":{"rendered":"<p>HISZPANIA\/WYSPY KANARYJSKIE: Niemal w ca\u0142ej Europie nie milkn\u0105 echa kolejnych masowych protest\u00f3w antyturystycznych na rajskim archipelagu oraz w kilku innych hiszpa\u0144skich miastach. Brytyjska prasa sensacyjnie przedstawia te manifestacje, \u017ce rzekomo ludzie bali si\u0119 wychodzi\u0107 z hoteli i straszy turyst\u00f3w przed wyborem Wysp Kanaryjskich na wakacje. Wed\u0142ug danych Delegatury Rz\u0105du Wysp Kanaryjskich, w protestach 18 maja [&hellip;]<\/p>\n","protected":false},"author":4,"featured_media":10454,"comment_status":"closed","ping_status":"open","sticky":false,"template":"","format":"standard","meta":{"om_disable_all_campaigns":false,"_monsterinsights_skip_tracking":false,"_monsterinsights_sitenote_active":false,"_monsterinsights_sitenote_note":"","_monsterinsights_sitenote_category":0,"footnotes":""},"categories":[12],"tags":[],"class_list":["post-10452","post","type-post","status-publish","format-standard","has-post-thumbnail","hentry","category-aktualnosci"],"aioseo_notices":[],"blog_post_layout_featured_media_urls":{"thumbnail":["https:\/\/nakanarach.pl\/wp-content\/uploads\/2025\/05\/Protest-turystyczny-CCOO-Lanzarote3-150x150.jpg",150,150,true],"full":["https:\/\/nakanarach.pl\/wp-content\/uploads\/2025\/05\/Protest-turystyczny-CCOO-Lanzarote3.jpg",1080,687,false]},"categories_names":{"12":{"name":"Aktualno\u015bci","link":"https:\/\/nakanarach.pl\/index.php\/category\/aktualnosci\/"}},"tags_names":[],"comments_number":"0","wpmagazine_modules_lite_featured_media_urls":{"thumbnail":["https:\/\/nakanarach.pl\/wp-content\/uploads\/2025\/05\/Protest-turystyczny-CCOO-Lanzarote3-150x150.jpg",150,150,true],"cvmm-medium":["https:\/\/nakanarach.pl\/wp-content\/uploads\/2025\/05\/Protest-turystyczny-CCOO-Lanzarote3-300x300.jpg",300,300,true],"cvmm-medium-plus":["https:\/\/nakanarach.pl\/wp-content\/uploads\/2025\/05\/Protest-turystyczny-CCOO-Lanzarote3-305x207.jpg",305,207,true],"cvmm-portrait":["https:\/\/nakanarach.pl\/wp-content\/uploads\/2025\/05\/Protest-turystyczny-CCOO-Lanzarote3-400x600.jpg",400,600,true],"cvmm-medium-square":["https:\/\/nakanarach.pl\/wp-content\/uploads\/2025\/05\/Protest-turystyczny-CCOO-Lanzarote3-600x600.jpg",600,600,true],"cvmm-large":["https:\/\/nakanarach.pl\/wp-content\/uploads\/2025\/05\/Protest-turystyczny-CCOO-Lanzarote3-1024x687.jpg",1024,687,true],"cvmm-small":["https:\/\/nakanarach.pl\/wp-content\/uploads\/2025\/05\/Protest-turystyczny-CCOO-Lanzarote3-130x95.jpg",130,95,true],"full":["https:\/\/nakanarach.pl\/wp-content\/uploads\/2025\/05\/Protest-turystyczny-CCOO-Lanzarote3.jpg",1080,687,false]},"_links":{"self":[{"href":"https:\/\/nakanarach.pl\/index.php\/wp-json\/wp\/v2\/posts\/10452","targetHints":{"allow":["GET"]}}],"collection":[{"href":"https:\/\/nakanarach.pl\/index.php\/wp-json\/wp\/v2\/posts"}],"about":[{"href":"https:\/\/nakanarach.pl\/index.php\/wp-json\/wp\/v2\/types\/post"}],"author":[{"embeddable":true,"href":"https:\/\/nakanarach.pl\/index.php\/wp-json\/wp\/v2\/users\/4"}],"replies":[{"embeddable":true,"href":"https:\/\/nakanarach.pl\/index.php\/wp-json\/wp\/v2\/comments?post=10452"}],"version-history":[{"count":9,"href":"https:\/\/nakanarach.pl\/index.php\/wp-json\/wp\/v2\/posts\/10452\/revisions"}],"predecessor-version":[{"id":10780,"href":"https:\/\/nakanarach.pl\/index.php\/wp-json\/wp\/v2\/posts\/10452\/revisions\/10780"}],"wp:featuredmedia":[{"embeddable":true,"href":"https:\/\/nakanarach.pl\/index.php\/wp-json\/wp\/v2\/media\/10454"}],"wp:attachment":[{"href":"https:\/\/nakanarach.pl\/index.php\/wp-json\/wp\/v2\/media?parent=10452"}],"wp:term":[{"taxonomy":"category","embeddable":true,"href":"https:\/\/nakanarach.pl\/index.php\/wp-json\/wp\/v2\/categories?post=10452"},{"taxonomy":"post_tag","embeddable":true,"href":"https:\/\/nakanarach.pl\/index.php\/wp-json\/wp\/v2\/tags?post=10452"}],"curies":[{"name":"wp","href":"https:\/\/api.w.org\/{rel}","templated":true}]}}