{"id":10534,"date":"2025-05-27T07:25:58","date_gmt":"2025-05-27T06:25:58","guid":{"rendered":"https:\/\/nakanarach.pl\/?p=10534"},"modified":"2025-05-27T11:25:05","modified_gmt":"2025-05-27T10:25:05","slug":"bojka-na-plazy-video","status":"publish","type":"post","link":"https:\/\/nakanarach.pl\/index.php\/2025\/05\/27\/bojka-na-plazy-video\/","title":{"rendered":"B\u00d3JKA NA PLA\u017bY (VIDEO)"},"content":{"rendered":"\n<p><strong>TENERYFA: W internecie pojawi\u0142o si\u0119 nagranie pokazuj\u0105ce b\u00f3jk\u0119 na jednej z najpopularniejszych pla\u017c Teneryfy na po\u0142udniu tej najwi\u0119kszej wyspy<\/strong> <strong>na archipelagu. W tle s\u0142ycha\u0107 polskie wulgaryzmy. <\/strong><\/p>\n\n\n\n<p>B\u00f3jka wybuch\u0142a w bia\u0142y dzie\u0144 na oczach wielu pla\u017cowicz\u00f3w. Wideo opublikowano na Instagramie i przedstawia chaotyczn\u0105 scen\u0119 na pla\u017cy Playa del Duque w licznie odwiedzanym przez turyst\u00f3w kurorcie Adeje.<\/p>\n\n\n\n<p>Na 40-sekundowym nagraniu wida\u0107, jak grupa ludzi brutalnie wymienia ciosy, uderza si\u0119 pla\u017cowymi paletkami, kopniakami i pi\u0119\u015bciami, podczas gdy wczasowicze w po\u015bpiechu pr\u00f3buj\u0105 zej\u015b\u0107 im z drogi.<\/p>\n\n\n\n<p>W tle s\u0142ycha\u0107 polskie wulgaryzmy m.in. k&#8230;a jeb&#8230;a. Na razie nie wiadomo jednak, czy Polacy uczestniczyli bezpo\u015brednio w tej b\u00f3jce, czy tylko z boku obserwowali i komentowali ca\u0142\u0105 sytuacj\u0119. <\/p>\n\n\n\n<p><strong>ZOBACZ VIDEO: <\/strong><\/p>\n\n\n\n<p><a href=\"https:\/\/www.instagram.com\/reel\/DKFNH0btliM\/?utm_source=ig_web_copy_link&amp;igsh=MzRlODBiNWFlZA==\">https:\/\/www.instagram.com\/reel\/DKFNH0btliM\/?utm_source=ig_web_copy_link&amp;igsh=MzRlODBiNWFlZA==<\/a><\/p>\n\n\n\n<p>Podobne sytuacje staj\u0105 si\u0119 coraz bardziej powszechne na po\u0142udniu tej wyspy. Pomimo rosn\u0105cych obaw w\u015br\u00f3d turyst\u00f3w, lokalne w\u0142adze i policja maj\u0105 trudno\u015bci z opanowaniem sytuacji. Incydenty przemocy ulicznej, szczeg\u00f3lnie w popularnych obszarach \u017cycia nocnego, s\u0105 zg\u0142aszane z niepokoj\u0105c\u0105 cz\u0119stotliwo\u015bci\u0105.<\/p>\n\n\n\n<p>Niedawno masowa b\u00f3jka mia\u0142a miejsce 30 marca 2025 r. w znanym kurorcie Playa de las Americas. Incydent ten doprowadzi\u0142 do tymczasowego zwi\u0119kszenia liczby patroli policyjnych.<\/p>\n\n\n\n<p>Z kolei w lutym 2025 r. lokalna policja w&nbsp;popularnym turystycznym, s\u0105siednim kurorcie w gminie Arona potwierdzi\u0142a szokuj\u0105cy i&nbsp;brutalny napad na turyst\u0119 w&nbsp;pobli\u017cu pla\u017cy Playa Las Burras w&nbsp;Las Galletas. Francuski podr\u00f3\u017cnik zosta\u0142 zaatakowany w&nbsp;nocy przez grup\u0119 bandyt\u00f3w i&nbsp;pozostawiony prawie nagi. Wczasowiczowi uda\u0142o si\u0119 wyrwa\u0107 z&nbsp;r\u0105k napastnik\u00f3w, ale straci\u0142 wi\u0119kszo\u015b\u0107 swoich rzeczy i&nbsp;zosta\u0142 tylko z&nbsp;portfelem i&nbsp;dokumentami osobistymi, b\u0119d\u0105c prawie pozbawionym ca\u0142ej odzie\u017cy. <\/p>\n\n\n\n<p>Przy okazji pojawia si\u0119 pytanie, czy na Wyspach Kanaryjskich jest bezpiecznie, tak\u017ce w\u00a0obliczu kilku masowych protest\u00f3w antyturystycznych w\u00a02024 i 2025 r. Jak komentuj\u0105 w\u00a0mediach spo\u0142eczno\u015bciowych internauci,\u00a0pomimo ostatnich incydent\u00f3w, archipelag uchodzi za jedno z\u00a0bezpieczniejszych miejsc do wypoczynku. Mo\u017cna bez obaw wychodzi\u0107 poza teren hoteli, spacerowa\u0107 samotnie w\u00a0nocy itp. Na ulicach jest du\u017co patroli, zw\u0142aszcza w\u00a0turystycznych kurortach, a\u00a0s\u0105 tu\u00a0a\u017c cztery r\u00f3\u017cne s\u0142u\u017cby porz\u0105dkowe: Policia Nacional, Guardia Civil, Policia Local i\u00a0Policia Canaria.<\/p>\n\n\n\n<p>Zobacz nasz artyku\u0142 tak\u017ce na najwi\u0119kszym polskim portalu Wirtualna Polska: <\/p>\n\n\n\n<p><a href=\"https:\/\/turystyka.wp.pl\/s\/nakanarach-pl\/bojka-plazowiczow-na-kanarach-na-wideo-slychac-polskie-przeklenstwa-7161153647377344a\">https:\/\/turystyka.wp.pl\/s\/nakanarach-pl\/bojka-plazowiczow-na-kanarach-na-wideo-slychac-polskie-przeklenstwa-7161153647377344a<\/a><\/p>\n\n\n\n<p>Foto: Screen z video Instagram @Cosa_famosa<\/p>\n","protected":false},"excerpt":{"rendered":"<p>TENERYFA: W internecie pojawi\u0142o si\u0119 nagranie pokazuj\u0105ce b\u00f3jk\u0119 na jednej z najpopularniejszych pla\u017c Teneryfy na po\u0142udniu tej najwi\u0119kszej wyspy na archipelagu. W tle s\u0142ycha\u0107 polskie wulgaryzmy. B\u00f3jka wybuch\u0142a w bia\u0142y dzie\u0144 na oczach wielu pla\u017cowicz\u00f3w. Wideo opublikowano na Instagramie i przedstawia chaotyczn\u0105 scen\u0119 na pla\u017cy Playa del Duque w licznie odwiedzanym przez turyst\u00f3w kurorcie Adeje. [&hellip;]<\/p>\n","protected":false},"author":4,"featured_media":10538,"comment_status":"closed","ping_status":"open","sticky":false,"template":"","format":"standard","meta":{"om_disable_all_campaigns":false,"_monsterinsights_skip_tracking":false,"_monsterinsights_sitenote_active":false,"_monsterinsights_sitenote_note":"","_monsterinsights_sitenote_category":0,"footnotes":""},"categories":[12,78],"tags":[],"class_list":["post-10534","post","type-post","status-publish","format-standard","has-post-thumbnail","hentry","category-aktualnosci","category-interwencje"],"aioseo_notices":[],"blog_post_layout_featured_media_urls":{"thumbnail":["https:\/\/nakanarach.pl\/wp-content\/uploads\/2025\/05\/Teneryfa-Bojka-150x150.jpg",150,150,true],"full":["https:\/\/nakanarach.pl\/wp-content\/uploads\/2025\/05\/Teneryfa-Bojka.jpg",1074,766,false]},"categories_names":{"12":{"name":"Aktualno\u015bci","link":"https:\/\/nakanarach.pl\/index.php\/category\/aktualnosci\/"},"78":{"name":"Interwencje","link":"https:\/\/nakanarach.pl\/index.php\/category\/interwencje\/"}},"tags_names":[],"comments_number":"0","wpmagazine_modules_lite_featured_media_urls":{"thumbnail":["https:\/\/nakanarach.pl\/wp-content\/uploads\/2025\/05\/Teneryfa-Bojka-150x150.jpg",150,150,true],"cvmm-medium":["https:\/\/nakanarach.pl\/wp-content\/uploads\/2025\/05\/Teneryfa-Bojka-300x300.jpg",300,300,true],"cvmm-medium-plus":["https:\/\/nakanarach.pl\/wp-content\/uploads\/2025\/05\/Teneryfa-Bojka-305x207.jpg",305,207,true],"cvmm-portrait":["https:\/\/nakanarach.pl\/wp-content\/uploads\/2025\/05\/Teneryfa-Bojka-400x600.jpg",400,600,true],"cvmm-medium-square":["https:\/\/nakanarach.pl\/wp-content\/uploads\/2025\/05\/Teneryfa-Bojka-600x600.jpg",600,600,true],"cvmm-large":["https:\/\/nakanarach.pl\/wp-content\/uploads\/2025\/05\/Teneryfa-Bojka-1024x766.jpg",1024,766,true],"cvmm-small":["https:\/\/nakanarach.pl\/wp-content\/uploads\/2025\/05\/Teneryfa-Bojka-130x95.jpg",130,95,true],"full":["https:\/\/nakanarach.pl\/wp-content\/uploads\/2025\/05\/Teneryfa-Bojka.jpg",1074,766,false]},"_links":{"self":[{"href":"https:\/\/nakanarach.pl\/index.php\/wp-json\/wp\/v2\/posts\/10534","targetHints":{"allow":["GET"]}}],"collection":[{"href":"https:\/\/nakanarach.pl\/index.php\/wp-json\/wp\/v2\/posts"}],"about":[{"href":"https:\/\/nakanarach.pl\/index.php\/wp-json\/wp\/v2\/types\/post"}],"author":[{"embeddable":true,"href":"https:\/\/nakanarach.pl\/index.php\/wp-json\/wp\/v2\/users\/4"}],"replies":[{"embeddable":true,"href":"https:\/\/nakanarach.pl\/index.php\/wp-json\/wp\/v2\/comments?post=10534"}],"version-history":[{"count":3,"href":"https:\/\/nakanarach.pl\/index.php\/wp-json\/wp\/v2\/posts\/10534\/revisions"}],"predecessor-version":[{"id":10543,"href":"https:\/\/nakanarach.pl\/index.php\/wp-json\/wp\/v2\/posts\/10534\/revisions\/10543"}],"wp:featuredmedia":[{"embeddable":true,"href":"https:\/\/nakanarach.pl\/index.php\/wp-json\/wp\/v2\/media\/10538"}],"wp:attachment":[{"href":"https:\/\/nakanarach.pl\/index.php\/wp-json\/wp\/v2\/media?parent=10534"}],"wp:term":[{"taxonomy":"category","embeddable":true,"href":"https:\/\/nakanarach.pl\/index.php\/wp-json\/wp\/v2\/categories?post=10534"},{"taxonomy":"post_tag","embeddable":true,"href":"https:\/\/nakanarach.pl\/index.php\/wp-json\/wp\/v2\/tags?post=10534"}],"curies":[{"name":"wp","href":"https:\/\/api.w.org\/{rel}","templated":true}]}}