{"id":10552,"date":"2025-05-29T08:50:10","date_gmt":"2025-05-29T07:50:10","guid":{"rendered":"https:\/\/nakanarach.pl\/?p=10552"},"modified":"2025-05-29T10:16:23","modified_gmt":"2025-05-29T09:16:23","slug":"tragiczna-wyprawa-imigrantow-video","status":"publish","type":"post","link":"https:\/\/nakanarach.pl\/index.php\/2025\/05\/29\/tragiczna-wyprawa-imigrantow-video\/","title":{"rendered":"TRAGICZNA WYPRAWA IMIGRANT\u00d3W (VIDEO)"},"content":{"rendered":"\n<p><strong>EL HIERRO: Co najmniej siedem os\u00f3b zgin\u0119\u0142o, a kolejne dziecko zagin\u0119\u0142o po tym, jak 28 maja \u0142\u00f3d\u017a z migrantami wywr\u00f3ci\u0142a si\u0119 tu\u017c przed zacumowaniem w porcie La Restinga na niewielkiej kanaryjskiej wyspie El Hierro<\/strong>. <\/p>\n\n\n\n<p>Wed\u0142ug ustale\u0144 \u0142\u00f3d\u017a podobno przyp\u0142yn\u0119\u0142a z afryka\u0144skiego Senegalu z oko\u0142o 150 osobami na pok\u0142adzie. Wywr\u00f3ci\u0142a si\u0119, gdy kilku pasa\u017cer\u00f3w wsta\u0142o i pr\u00f3bowa\u0142o wyskoczy\u0107, zanim zatrzyma\u0142a si\u0119 i zadokowa\u0142a tu\u017c przy wybrze\u017cu wyspy. <\/p>\n\n\n\n<p>W\u015br\u00f3d os\u00f3b, kt\u00f3re tragicznie zgin\u0119\u0142y, s\u0105 cztery kobiety i trzy dziewczynki w wieku od czterech do szesnastu lat. S\u0142u\u017cby ratunkowe twierdz\u0105, \u017ce wielu pasa\u017cer\u00f3w zosta\u0142o uwi\u0119zionych pod \u0142odzi\u0105, gdy ta si\u0119 wywr\u00f3ci\u0142a.<\/p>\n\n\n\n<p>Dwie inne osoby, m\u0119\u017cczyzna i kobieta, s\u0105 w stanie krytycznym w szpitalu. Helikopter medyczny zosta\u0142 sprowadzony, aby pom\u00f3c w przeniesieniu najci\u0119\u017cej rannych, a m\u0142oda dziewczyna by\u0142a r\u00f3wnie\u017c leczona w doku z powodu powa\u017cnych obra\u017ce\u0144.<\/p>\n\n\n\n<figure class=\"wp-block-image size-full\"><img fetchpriority=\"high\" decoding=\"async\" width=\"563\" height=\"373\" src=\"https:\/\/nakanarach.pl\/wp-content\/uploads\/2025\/05\/Imigranci-El-Hierro-FB-Salvamento-Maritimo.jpg\" alt=\"\" class=\"wp-image-10554\" srcset=\"https:\/\/nakanarach.pl\/wp-content\/uploads\/2025\/05\/Imigranci-El-Hierro-FB-Salvamento-Maritimo.jpg 563w, https:\/\/nakanarach.pl\/wp-content\/uploads\/2025\/05\/Imigranci-El-Hierro-FB-Salvamento-Maritimo-300x199.jpg 300w\" sizes=\"(max-width: 563px) 100vw, 563px\" \/><\/figure>\n\n\n\n<p>Jak potwierdza organizacja zajmuj\u0105ca si\u0119 pomoc\u0105 dla imigrant\u00f3w Caminando Fronteras, \u0142\u00f3d\u017a wyruszy\u0142a z Gwinei 18 maja, pokonuj\u0105c ponad 2 tys.  kilometr\u00f3w do La Restinga na El Hierro. Na pok\u0142adzie znajdowa\u0142o si\u0119 co najmniej 20 dzieci i nastolatk\u00f3w, g\u0142\u00f3wnie obywateli Gwinei, Senegalu i Mauretanii. <\/p>\n\n\n\n<p><strong>ZOBACZ VIDEO: <\/strong><\/p>\n\n\n\n<p><a href=\"https:\/\/rtvc.es\/vuelco-cayuco-salvamento-maritimo-el-hierro-28-mayo-2025\">https:\/\/rtvc.es\/vuelco-cayuco-salvamento-maritimo-el-hierro-28-mayo-2025<\/a><\/p>\n\n\n\n<p>Przewodnicz\u0105cy Rady Wyspy El Hierro, Alpidio Armas, og\u0142osi\u0142 dwa dni oficjalnej \u017ca\u0142oby. Do tragedii odnie\u015bli si\u0119 r\u00f3wnie\u017c czo\u0142owi politycy, w tym premier Hiszpanii Pedro S\u00e1nchez, wyra\u017caj\u0105c solidarno\u015b\u0107 z rodzinami ofiar i s\u0142u\u017cbami ratunkowymi. Minister ds. m\u0142odzie\u017cy i dzieci, Sira Rego, podkre\u015bli\u0142a piln\u0105 potrzeb\u0119 otwarcia przez Europ\u0119 legalnych i bezpiecznych szlak\u00f3w migracyjnych, aby zapobiec podobnym tragediom w przysz\u0142o\u015bci.<\/p>\n\n\n\n<p>Prezydent rz\u0105du Wysp Kanaryjskich, Fernando Clavijo, wyrazi\u0142 szczeg\u00f3lne uznanie dla wszystkich zaanga\u017cowanych w akcj\u0119 ratunkow\u0105 \u2013 zar\u00f3wno profesjonalist\u00f3w, jak i wolontariuszy oraz zwyk\u0142ych obywateli, kt\u00f3rzy zrobili wszystko, co w ich mocy, aby ratowa\u0107 \u017cycie migrant\u00f3w.<\/p>\n\n\n\n<p>Z kolei w 2024 r. nie uda\u0142o si\u0119 odnale\u017a\u0107 50 zaginionych migrant\u00f3w, kt\u00f3rych \u0142\u00f3d\u017a zaton\u0119\u0142a w pobli\u017cu wyspy El Hierro. <\/p>\n\n\n\n<p>W 2024 roku na Wyspy Kanaryjskie przyby\u0142o prawie 48 tys. imigrant\u00f3w, co stanowi rekordow\u0105 liczb\u0119. Wed\u0142ug danych hiszpa\u0144skiego resortu spraw wewn\u0119trznych na archipelag przyp\u0142yn\u0119\u0142o w ubr. prawie 700 \u0142odzi. To o ponad 7 tys. wi\u0119cej ni\u017c w 2023 r. Na jedn\u0105 z najmniejszych wysp kanaryjskich El Hierro, licz\u0105c\u0105 11 tys. mieszka\u0144c\u00f3w, przyby\u0142o w ostatnich kilku latach prawie 4 tys. imigrant\u00f3w.<\/p>\n\n\n\n<p>Foto: Facebook\/Salvamento Mar\u00edtimo<\/p>\n","protected":false},"excerpt":{"rendered":"<p>EL HIERRO: Co najmniej siedem os\u00f3b zgin\u0119\u0142o, a kolejne dziecko zagin\u0119\u0142o po tym, jak 28 maja \u0142\u00f3d\u017a z migrantami wywr\u00f3ci\u0142a si\u0119 tu\u017c przed zacumowaniem w porcie La Restinga na niewielkiej kanaryjskiej wyspie El Hierro. Wed\u0142ug ustale\u0144 \u0142\u00f3d\u017a podobno przyp\u0142yn\u0119\u0142a z afryka\u0144skiego Senegalu z oko\u0142o 150 osobami na pok\u0142adzie. Wywr\u00f3ci\u0142a si\u0119, gdy kilku pasa\u017cer\u00f3w wsta\u0142o i [&hellip;]<\/p>\n","protected":false},"author":4,"featured_media":10553,"comment_status":"closed","ping_status":"open","sticky":false,"template":"","format":"standard","meta":{"om_disable_all_campaigns":false,"_monsterinsights_skip_tracking":false,"_monsterinsights_sitenote_active":false,"_monsterinsights_sitenote_note":"","_monsterinsights_sitenote_category":0,"footnotes":""},"categories":[12,78],"tags":[],"class_list":["post-10552","post","type-post","status-publish","format-standard","has-post-thumbnail","hentry","category-aktualnosci","category-interwencje"],"aioseo_notices":[],"blog_post_layout_featured_media_urls":{"thumbnail":["https:\/\/nakanarach.pl\/wp-content\/uploads\/2025\/05\/Imigranci-El-Hierro-2025-FB-Salvamento-Maritimo-150x150.jpg",150,150,true],"full":["https:\/\/nakanarach.pl\/wp-content\/uploads\/2025\/05\/Imigranci-El-Hierro-2025-FB-Salvamento-Maritimo.jpg",422,384,false]},"categories_names":{"12":{"name":"Aktualno\u015bci","link":"https:\/\/nakanarach.pl\/index.php\/category\/aktualnosci\/"},"78":{"name":"Interwencje","link":"https:\/\/nakanarach.pl\/index.php\/category\/interwencje\/"}},"tags_names":[],"comments_number":"0","wpmagazine_modules_lite_featured_media_urls":{"thumbnail":["https:\/\/nakanarach.pl\/wp-content\/uploads\/2025\/05\/Imigranci-El-Hierro-2025-FB-Salvamento-Maritimo-150x150.jpg",150,150,true],"cvmm-medium":["https:\/\/nakanarach.pl\/wp-content\/uploads\/2025\/05\/Imigranci-El-Hierro-2025-FB-Salvamento-Maritimo-300x300.jpg",300,300,true],"cvmm-medium-plus":["https:\/\/nakanarach.pl\/wp-content\/uploads\/2025\/05\/Imigranci-El-Hierro-2025-FB-Salvamento-Maritimo-305x207.jpg",305,207,true],"cvmm-portrait":["https:\/\/nakanarach.pl\/wp-content\/uploads\/2025\/05\/Imigranci-El-Hierro-2025-FB-Salvamento-Maritimo-400x384.jpg",400,384,true],"cvmm-medium-square":["https:\/\/nakanarach.pl\/wp-content\/uploads\/2025\/05\/Imigranci-El-Hierro-2025-FB-Salvamento-Maritimo.jpg",422,384,false],"cvmm-large":["https:\/\/nakanarach.pl\/wp-content\/uploads\/2025\/05\/Imigranci-El-Hierro-2025-FB-Salvamento-Maritimo.jpg",422,384,false],"cvmm-small":["https:\/\/nakanarach.pl\/wp-content\/uploads\/2025\/05\/Imigranci-El-Hierro-2025-FB-Salvamento-Maritimo-130x95.jpg",130,95,true],"full":["https:\/\/nakanarach.pl\/wp-content\/uploads\/2025\/05\/Imigranci-El-Hierro-2025-FB-Salvamento-Maritimo.jpg",422,384,false]},"_links":{"self":[{"href":"https:\/\/nakanarach.pl\/index.php\/wp-json\/wp\/v2\/posts\/10552","targetHints":{"allow":["GET"]}}],"collection":[{"href":"https:\/\/nakanarach.pl\/index.php\/wp-json\/wp\/v2\/posts"}],"about":[{"href":"https:\/\/nakanarach.pl\/index.php\/wp-json\/wp\/v2\/types\/post"}],"author":[{"embeddable":true,"href":"https:\/\/nakanarach.pl\/index.php\/wp-json\/wp\/v2\/users\/4"}],"replies":[{"embeddable":true,"href":"https:\/\/nakanarach.pl\/index.php\/wp-json\/wp\/v2\/comments?post=10552"}],"version-history":[{"count":3,"href":"https:\/\/nakanarach.pl\/index.php\/wp-json\/wp\/v2\/posts\/10552\/revisions"}],"predecessor-version":[{"id":10562,"href":"https:\/\/nakanarach.pl\/index.php\/wp-json\/wp\/v2\/posts\/10552\/revisions\/10562"}],"wp:featuredmedia":[{"embeddable":true,"href":"https:\/\/nakanarach.pl\/index.php\/wp-json\/wp\/v2\/media\/10553"}],"wp:attachment":[{"href":"https:\/\/nakanarach.pl\/index.php\/wp-json\/wp\/v2\/media?parent=10552"}],"wp:term":[{"taxonomy":"category","embeddable":true,"href":"https:\/\/nakanarach.pl\/index.php\/wp-json\/wp\/v2\/categories?post=10552"},{"taxonomy":"post_tag","embeddable":true,"href":"https:\/\/nakanarach.pl\/index.php\/wp-json\/wp\/v2\/tags?post=10552"}],"curies":[{"name":"wp","href":"https:\/\/api.w.org\/{rel}","templated":true}]}}