{"id":10641,"date":"2025-06-09T11:24:05","date_gmt":"2025-06-09T10:24:05","guid":{"rendered":"https:\/\/nakanarach.pl\/?p=10641"},"modified":"2025-06-09T11:41:30","modified_gmt":"2025-06-09T10:41:30","slug":"kolejne-protesty-na-kanarach","status":"publish","type":"post","link":"https:\/\/nakanarach.pl\/index.php\/2025\/06\/09\/kolejne-protesty-na-kanarach\/","title":{"rendered":"KOLEJNE PROTESTY NA KANARACH"},"content":{"rendered":"\n<p><strong>TENERYFA\/GRAN CANARIA: Kolejne protesty zorganizowano na najwi\u0119kszych wyspach rajskiego archipelagu. Tym razem jeden z nich, dotycz\u0105cy nadmiaru turyst\u00f3w odby\u0142 si\u0119  na terenie licznie odwiedzanego Parku Narodowego Teide na Teneryfie, drugi w stolicy Gran Canarii z powodu militaryzacji archipelagu. <\/strong><\/p>\n\n\n\n<p>Demonstracja w pobli\u017cu najwy\u017cszego szczytu w Hiszpanii &#8211; Teide (3718 m n.p.m., wysoko\u015b\u0107 od dna morza to oko\u0142o 7500 metr\u00f3w) zosta\u0142a op\u00f3\u017aniona &#8211; jak okre\u015blili organizatorzy &#8211; przez &#8222;blokad\u0119 instytucjonaln\u0105&#8221;. <\/p>\n\n\n\n<p>Rada Teneryfy zwr\u00f3ci\u0142a si\u0119 na pocz\u0105tku czerwca do Delegatury Rz\u0105du na Wyspach Kanaryjskich o niedopuszczenie do zgromadzenia mieszka\u0144c\u00f3w zwo\u0142anego na Teide. Protest dotyczy zarz\u0105dzania i przeludnienia Parku Narodowego. <\/p>\n\n\n\n<ul class=\"wp-block-list\">\n<li>Teide nie jest miejscem na demonstracje ani scen\u0105 dla ideologicznych bitew &#8211; o\u015bwiadczy\u0142a przewodnicz\u0105ca Rady Teneryfy (Cabildo de Tenerife) Rosa D\u00e1vila.<\/li>\n<\/ul>\n\n\n\n<p>Protestuj\u0105cy przyznali, \u017ce ich celem by\u0142o &#8222;obej\u015bcie pr\u00f3b blokady&#8221; w\u0142adz wyspy, aby uniemo\u017cliwi\u0107 im podnoszenie \u015bwiadomo\u015bci na temat rosn\u0105cej kwestii przeludnienia w Parku Narodowym Teide. Zgodnie z nowymi regulacjami wprowadzonymi pod koniec 2024 r., ka\u017cdego dnia 300 os\u00f3b mo\u017ce obecnie wej\u015b\u0107 na szczyt w trzech przedzia\u0142ach czasowych w godzinach: od 9 do 16, od 16 do p\u00f3\u0142nocy i od p\u00f3\u0142nocy do godz. 9. Trasa parku narodowego jest obecnie patrolowana 24 godziny na dob\u0119, 365 dni w roku. Tury\u015bci musz\u0105 zarejestrowa\u0107 si\u0119 za po\u015brednictwem aplikacji Tenerife ON. Te zmiany nie zadowoli\u0142y jednak protestuj\u0105cych ekolog\u00f3w. <\/p>\n\n\n\n<ul class=\"wp-block-list\">\n<li>Jeste\u015bmy tutaj na Teide, mimo \u017ce w\u0142adze zakaza\u0142y demonstracji. Przybyli\u015bmy w ma\u0142ych grupach, aby omin\u0105\u0107 pr\u00f3by uciszenia nas przez instytucje, ale jak dot\u0105d osi\u0105gn\u0119\u0142y one odwrotny skutek. Uda\u0142o nam si\u0119 zwr\u00f3ci\u0107 uwag\u0119 na sytuacj\u0119 na Teide, kt\u00f3ra odzwierciedla szerszy kryzys we wszystkich obszarach chronionych Wysp Kanaryjskich &#8211; stwierdzi\u0142a grupa protestuj\u0105cych w komunikacie udost\u0119pnionym mediom.<\/li>\n<\/ul>\n\n\n\n<p>Protestuj\u0105cy skrytykowali dzia\u0142ania przewodnicz\u0105cej Rady Teneryfy, Rosy D\u00e1vili, kt\u00f3ra by\u0142a przeciwna protestowi ze wzgl\u0119du na fakt, \u017ce park jest chronionym obszarem przyrodniczym. <\/p>\n\n\n\n<p>W\u015br\u00f3d postulat\u00f3w protestuj\u0105cych nalaz\u0142y si\u0119 m.in. dzia\u0142alno\u015b\u0107 nielicencjonowanych przewodnik\u00f3w i wycieczek, przejazd \u201etysi\u0119cy quad\u00f3w\u201d, tury\u015bci poruszaj\u0105cy si\u0119 poza wyznaczonymi szlakami, pojazdy zaparkowane na rodzimej florze, nieautoryzowany dost\u0119p do szczytu, brak wystarczaj\u0105cej liczby stra\u017cnik\u00f3w \u015brodowiskowych, nieograniczony wjazd turyst\u00f3w i nielegalne biwaki oraz imprezy sportowe.<\/p>\n\n\n\n<p>Demonstracja, cho\u0107 niewielka pod wzgl\u0119dem liczebno\u015bci, o\u017cywi\u0142a debat\u0119 na temat obci\u0105\u017ce\u0144, jakie turystyka i dzia\u0142alno\u015b\u0107 komercyjna wywieraj\u0105 na \u015brodowisko naturalne Wysp Kanaryjskich. <\/p>\n\n\n\n<figure class=\"wp-block-image size-large\"><img decoding=\"async\" src=\"https:\/\/nakanarach.pl\/wp-content\/uploads\/2025\/06\/Teide-Protest-FB-Canarias-Tiene-un-Limite-1024x1016.jpg\" alt=\"\" class=\"wp-image-10642\"\/><\/figure>\n\n\n\n<p><em><strong>Foto: Facebook\/Canarias tiene un L\u00edmite 2025\u00a0<\/strong><\/em><\/p>\n\n\n\n<p>Tymczasem ponad 400 os\u00f3b reprezentuj\u0105cych pi\u0119\u0107dziesi\u0105t r\u00f3\u017cnych organizacji na Wyspach Kanaryjskich wyrazi\u0142o stanowczy sprzeciw wobec obchod\u00f3w Dnia Si\u0142 Zbrojnych na archipelagu w dniu 7 czerwca 2025 r. Manifest zosta\u0142 podpisany przez grupy s\u0105siedzkie, kulturalne, feministyczne, antymilitarystyczne, antyrasistowskie, \u015brodowiskowe, a tak\u017ce organizacje dzia\u0142aj\u0105ce na rzecz solidarno\u015bci mi\u0119dzynarodowej, sprawiedliwo\u015bci spo\u0142ecznej oraz suwerenno\u015bci \u017cywno\u015bciowej, jak r\u00f3wnie\u017c sp\u00f3\u0142dzielnie, partie polityczne i zwi\u0105zki zawodowe. 5 czerwca odby\u0142a si\u0119 pokojowa demonstracja w stolicy Gran Canarii &#8211; Las Palmas. <\/p>\n\n\n\n<p><a href=\"https:\/\/canariasporlapaz.blogspot.com\/2025\/06\/activistas-antimilitaristas-denunciamos.html?fbclid=IwY2xjawKzkpNleHRuA2FlbQIxMAABHqkHZM67l7cyEHZ5avVbUeldLkP5miuE5BWBNDocz1EzvZAVsLT1SxuahpvY_aem_7vDmHfZrgVJpBsUUFw3hFg\">https:\/\/canariasporlapaz.blogspot.com\/2025\/06\/activistas-antimilitaristas-denunciamos.html?fbclid=IwY2xjawKzkpNleHRuA2FlbQIxMAABHqkHZM67l7cyEHZ5avVbUeldLkP5miuE5BWBNDocz1EzvZAVsLT1SxuahpvY_aem_7vDmHfZrgVJpBsUUFw3hFg<\/a><\/p>\n\n\n\n<p>W manife\u015bcie protestuj\u0105cy wyra\u017caj\u0105 zdecydowany sprzeciw wobec \u201emilitaryzmu, zbroje\u0144 i proces\u00f3w wojennych\u201d. Szczeg\u00f3lny nacisk k\u0142ad\u0105 na przeciwstawienie si\u0119 wykorzystywaniu archipelagu jako platformy logistycznej do prowadzenia dzia\u0142a\u0144 wojskowych przeciwko innym narodom. <\/p>\n\n\n\n<ul class=\"wp-block-list\">\n<li>Nie \u015bwi\u0119tujemy wydatk\u00f3w wojskowych, ani zanieczyszczenia i niszczenia naszego \u015brodowiska &#8211; czytamy w manife\u015bcie. <\/li>\n<\/ul>\n\n\n\n<p>Sygnatariusze domagaj\u0105 si\u0119 nadania Wyspom Kanaryjskim statusu neutralno\u015bci i przekszta\u0142cenia ich w platform\u0119 pokoju i solidarno\u015bci mi\u0119dzy narodami. <\/p>\n\n\n\n<p>Uroczysto\u015bci odby\u0142y si\u0119 7 czerwca w Santa Cruz de Tenerife. W paradzie wojskowej wzi\u0119\u0142o udzia\u0142 3266 \u017co\u0142nierzy reprezentuj\u0105cych r\u00f3\u017cne formacje: armi\u0119, marynark\u0119 wojenn\u0105, si\u0142y powietrzne i kosmiczne, wojskow\u0105 jednostk\u0119 ratunkow\u0105, stra\u017c kr\u00f3lewsk\u0105 oraz stra\u017c cywiln\u0105. Wydarzeniu przewodniczy\u0142 kr\u00f3l i kr\u00f3lowa Hiszpanii.<\/p>\n\n\n\n<p>Archipelag jest zewn\u0119trzn\u0105 granic\u0105 Unii Europejskiej. Na  Gran Canarii zlokalizowana jest baza wojskowa z samolotami F-18. <\/p>\n\n\n\n<p>Foto: Facebook\/Canarias tiene un L\u00edmite 2025, Facebook\/Coordinadora El Rinc\u00f3n &#8211; Ecologistas en Acci\u00f3n\u00a0<\/p>\n","protected":false},"excerpt":{"rendered":"<p>TENERYFA\/GRAN CANARIA: Kolejne protesty zorganizowano na najwi\u0119kszych wyspach rajskiego archipelagu. Tym razem jeden z nich, dotycz\u0105cy nadmiaru turyst\u00f3w odby\u0142 si\u0119 na terenie licznie odwiedzanego Parku Narodowego Teide na Teneryfie, drugi w stolicy Gran Canarii z powodu militaryzacji archipelagu. Demonstracja w pobli\u017cu najwy\u017cszego szczytu w Hiszpanii &#8211; Teide (3718 m n.p.m., wysoko\u015b\u0107 od dna morza to [&hellip;]<\/p>\n","protected":false},"author":4,"featured_media":10643,"comment_status":"closed","ping_status":"open","sticky":false,"template":"","format":"standard","meta":{"om_disable_all_campaigns":false,"_monsterinsights_skip_tracking":false,"_monsterinsights_sitenote_active":false,"_monsterinsights_sitenote_note":"","_monsterinsights_sitenote_category":0,"footnotes":""},"categories":[12],"tags":[],"class_list":["post-10641","post","type-post","status-publish","format-standard","has-post-thumbnail","hentry","category-aktualnosci"],"aioseo_notices":[],"blog_post_layout_featured_media_urls":{"thumbnail":["https:\/\/nakanarach.pl\/wp-content\/uploads\/2025\/06\/Protest-Teide-150x150.jpg",150,150,true],"full":["https:\/\/nakanarach.pl\/wp-content\/uploads\/2025\/06\/Protest-Teide.jpg",526,526,false]},"categories_names":{"12":{"name":"Aktualno\u015bci","link":"https:\/\/nakanarach.pl\/index.php\/category\/aktualnosci\/"}},"tags_names":[],"comments_number":"0","wpmagazine_modules_lite_featured_media_urls":{"thumbnail":["https:\/\/nakanarach.pl\/wp-content\/uploads\/2025\/06\/Protest-Teide-150x150.jpg",150,150,true],"cvmm-medium":["https:\/\/nakanarach.pl\/wp-content\/uploads\/2025\/06\/Protest-Teide-300x300.jpg",300,300,true],"cvmm-medium-plus":["https:\/\/nakanarach.pl\/wp-content\/uploads\/2025\/06\/Protest-Teide-305x207.jpg",305,207,true],"cvmm-portrait":["https:\/\/nakanarach.pl\/wp-content\/uploads\/2025\/06\/Protest-Teide-400x526.jpg",400,526,true],"cvmm-medium-square":["https:\/\/nakanarach.pl\/wp-content\/uploads\/2025\/06\/Protest-Teide.jpg",526,526,false],"cvmm-large":["https:\/\/nakanarach.pl\/wp-content\/uploads\/2025\/06\/Protest-Teide.jpg",526,526,false],"cvmm-small":["https:\/\/nakanarach.pl\/wp-content\/uploads\/2025\/06\/Protest-Teide-130x95.jpg",130,95,true],"full":["https:\/\/nakanarach.pl\/wp-content\/uploads\/2025\/06\/Protest-Teide.jpg",526,526,false]},"_links":{"self":[{"href":"https:\/\/nakanarach.pl\/index.php\/wp-json\/wp\/v2\/posts\/10641","targetHints":{"allow":["GET"]}}],"collection":[{"href":"https:\/\/nakanarach.pl\/index.php\/wp-json\/wp\/v2\/posts"}],"about":[{"href":"https:\/\/nakanarach.pl\/index.php\/wp-json\/wp\/v2\/types\/post"}],"author":[{"embeddable":true,"href":"https:\/\/nakanarach.pl\/index.php\/wp-json\/wp\/v2\/users\/4"}],"replies":[{"embeddable":true,"href":"https:\/\/nakanarach.pl\/index.php\/wp-json\/wp\/v2\/comments?post=10641"}],"version-history":[{"count":4,"href":"https:\/\/nakanarach.pl\/index.php\/wp-json\/wp\/v2\/posts\/10641\/revisions"}],"predecessor-version":[{"id":10650,"href":"https:\/\/nakanarach.pl\/index.php\/wp-json\/wp\/v2\/posts\/10641\/revisions\/10650"}],"wp:featuredmedia":[{"embeddable":true,"href":"https:\/\/nakanarach.pl\/index.php\/wp-json\/wp\/v2\/media\/10643"}],"wp:attachment":[{"href":"https:\/\/nakanarach.pl\/index.php\/wp-json\/wp\/v2\/media?parent=10641"}],"wp:term":[{"taxonomy":"category","embeddable":true,"href":"https:\/\/nakanarach.pl\/index.php\/wp-json\/wp\/v2\/categories?post=10641"},{"taxonomy":"post_tag","embeddable":true,"href":"https:\/\/nakanarach.pl\/index.php\/wp-json\/wp\/v2\/tags?post=10641"}],"curies":[{"name":"wp","href":"https:\/\/api.w.org\/{rel}","templated":true}]}}