{"id":10657,"date":"2025-06-11T07:57:35","date_gmt":"2025-06-11T06:57:35","guid":{"rendered":"https:\/\/nakanarach.pl\/?p=10657"},"modified":"2025-06-23T11:14:43","modified_gmt":"2025-06-23T10:14:43","slug":"spacer-po-wydmach-wykryja-czujniki","status":"publish","type":"post","link":"https:\/\/nakanarach.pl\/index.php\/2025\/06\/11\/spacer-po-wydmach-wykryja-czujniki\/","title":{"rendered":"SPACER PO WYDMACH WYKRYJ\u0104 CZUJNIKI"},"content":{"rendered":"\n<p><strong>GRAN CANARIA: Nielegalne spacery po s\u0142ynnych wydmach Maspalomas b\u0119d\u0105 rejestrowane przez specjalne czujniki ruchu oraz nagrywane przez kamery wideo. Uruchomienie systemu planowane jest jeszcze w tym roku. <\/strong><\/p>\n\n\n\n<p>Obszar unikatowych wydm Maspalomas obejmuje 400 hektar\u00f3w i jest jednocze\u015bnie \u015bci\u015ble chronionym parkiem przyrody.\u00a0Rozci\u0105gaj\u0105 si\u0119 one wzd\u0142u\u017c Oceanu Atlantyckiego na d\u0142ugo\u015bci 6 km, a niekt\u00f3re si\u0119gaj\u0105 nawet 20 metr\u00f3w wysoko\u015bci. Nic dziwnego, \u017ce ka\u017cdego dnia przyci\u0105gaj\u0105 t\u0142umy turyst\u00f3w, kt\u00f3rzy przy okazji niszcz\u0105 i za\u015bmiecaj\u0105 ten teren. Sta\u0142y si\u0119 one te\u017c miejscem, na kt\u00f3rych powsta\u0142y \u201edzikie\u201d pla\u017ce dla naturyst\u00f3w. Ka\u017cdego dnia na chronione obszary wydm Maspalomas wchodz\u0105 tury\u015bci aby zrobi\u0107 sobie pami\u0105tkowe zdj\u0119cie, zobaczy\u0107 pi\u0119kne widoki z g\u00f3ry czy poopala\u0107 si\u0119. Jednak wi\u0119kszo\u015b\u0107 nawet nie wie, \u017ce jest to zabronione, a tutaj mo\u017cna spacerowa\u0107 tylko wyznaczonymi szlakami. <\/p>\n\n\n\n<p>W\u0142adze wyspy Gran Canaria og\u0142osi\u0142y przetarg na instalacj\u0119 kilku czujnik\u00f3w, kt\u00f3re b\u0119d\u0105 rejestrowa\u0107 ruch ludzi w obszarach obj\u0119tych zakazem oraz umieszczenie ekran\u00f3w informacyjnych w strategicznych obszarach w celu rozpowszechniania informacji turystycznych i wiedzy proekologicznej. W ten spos\u00f3b w\u0142adze wyspy chc\u0105 zwi\u0119kszy\u0107 \u015bwiadomo\u015b\u0107, poprzez projekt Impulsa Maspalomas na terenie najcz\u0119\u015bciej odwiedzanego Specjalnego Rezerwatu Przyrody Gran Canarii.<\/p>\n\n\n\n<p>B\u0119dzie to system pomiaru wideo, kt\u00f3ry zidentyfikuje i oszacuje liczb\u0119 os\u00f3b oraz miejsce i dat\u0119 wyst\u0105pienia zdarze\u0144, a tak\u017ce jest w stanie generowa\u0107 automatyczne alerty i wysy\u0142a\u0107 je za po\u015brednictwem poczty elektronicznej, SMS-\u00f3w lub innych \u015brodk\u00f3w komunikacji. Modu\u0142y przechwytywania obrazu tych czujnik\u00f3w, z kt\u00f3rych b\u0119d\u0105 co najmniej dwa, b\u0119d\u0105 wyposa\u017cone w maksymalnie trzy wysokiej jako\u015bci kamery z zaawansowanymi czujnikami zdolnymi do przechwytywania obraz\u00f3w. Dodatkowo czujniki, kt\u00f3re zostan\u0105 rozmieszczone w stawie Charca w Maspalomas, b\u0119d\u0105 tak\u017ce mierzy\u0107 takie parametry jak zm\u0119tnienie wody, jej temperatur\u0119 oraz poziom pH, azotan\u00f3w, sodu, wapnia i bromk\u00f3w, gdy\u017c kilka lat temu pojawi\u0142y si\u0119 tu \u015bni\u0119te ryby. <\/p>\n\n\n\n<figure class=\"wp-block-image size-large\"><img fetchpriority=\"high\" decoding=\"async\" width=\"1024\" height=\"576\" src=\"http:\/\/nakanarach.pl\/wp-content\/uploads\/2021\/08\/Sniete-ryby-La-Charca-1024x576.jpg\" alt=\"\" class=\"wp-image-2319\" srcset=\"https:\/\/nakanarach.pl\/wp-content\/uploads\/2021\/08\/Sniete-ryby-La-Charca-1024x576.jpg 1024w, https:\/\/nakanarach.pl\/wp-content\/uploads\/2021\/08\/Sniete-ryby-La-Charca-300x169.jpg 300w, https:\/\/nakanarach.pl\/wp-content\/uploads\/2021\/08\/Sniete-ryby-La-Charca-768x432.jpg 768w, https:\/\/nakanarach.pl\/wp-content\/uploads\/2021\/08\/Sniete-ryby-La-Charca-1536x864.jpg 1536w, https:\/\/nakanarach.pl\/wp-content\/uploads\/2021\/08\/Sniete-ryby-La-Charca-2048x1152.jpg 2048w\" sizes=\"(max-width: 1024px) 100vw, 1024px\" \/><figcaption class=\"wp-element-caption\"><em><strong>Staw Charca Maspalomas 2022 r. \/ Foto: Archiwum NaKanarach.pl<\/strong><\/em><\/figcaption><\/figure>\n\n\n\n<p>Z kolei pierwsza cz\u0119\u015b\u0107 przetargu dotyczy inteligentnego oznakowania, kt\u00f3re ma zosta\u0107 wdro\u017cone na drogach, \u015bcie\u017ckach, centrach i obszarach turystycznych na wydmach Maspalomas, kt\u00f3re b\u0119dzie dostarcza\u0107 informacji na temat ochrony \u015brodowiska, dozwolonych zastosowa\u0144, ogranicze\u0144, rozk\u0142ad\u00f3w jazdy itp. oraz b\u0119dzie zawiera\u0107 informacje na temat sieci \u0142adowania pojazd\u00f3w elektrycznych na ca\u0142ej wyspie. Niekt\u00f3re z tych znak\u00f3w b\u0119d\u0105 zawiera\u0142y kod QR, kt\u00f3ry umo\u017cliwi odwiedzaj\u0105cym dost\u0119p do dodatkowych informacji w formacie cyfrowym. \u0141\u0105cznie umieszczonych zostanie 171 znak\u00f3w. Znaki te b\u0119d\u0105 m.in. informowa\u0107 o projekcie MasDunas, uk\u0142adzie \u015bcie\u017cek spacerowych, walorach rezerwatu, regulaminie przestrzeni przyrodniczej i zakazie dokarmiania fauny.<\/p>\n\n\n\n<p id=\"block-4e7bea67-bc7d-4ff2-abcc-0e81bc6edeed\">Na wydmach w Maspalomas porz\u0105dku pilnuj\u0105 stra\u017cnicy Medio Ambiente oraz policja, kt\u00f3rzy w tym miejscu mog\u0105 ukara\u0107 nas mandatem. Jednak ich praca jest ma\u0142o skuteczna, bo udaje si\u0119 zatrzyma\u0107 tylko nielicznych. <\/p>\n\n\n\n<figure class=\"wp-block-image size-full\"><img decoding=\"async\" width=\"238\" height=\"360\" src=\"http:\/\/nakanarach.pl\/wp-content\/uploads\/2024\/08\/Wydmy-Maspalomas-X-Policia-Canaria.jpg\" alt=\"\" class=\"wp-image-8457\" srcset=\"https:\/\/nakanarach.pl\/wp-content\/uploads\/2024\/08\/Wydmy-Maspalomas-X-Policia-Canaria.jpg 238w, https:\/\/nakanarach.pl\/wp-content\/uploads\/2024\/08\/Wydmy-Maspalomas-X-Policia-Canaria-198x300.jpg 198w\" sizes=\"(max-width: 238px) 100vw, 238px\" \/><\/figure>\n\n\n\n<p id=\"block-4e7bea67-bc7d-4ff2-abcc-0e81bc6edeed\"><strong>Warto jednak pami\u0119ta\u0107 o kilku podstawowych zasadach:<\/strong><\/p>\n\n\n\n<ul id=\"block-ec6e1aec-133f-4f37-9ee2-7eae7ffc9818\" class=\"wp-block-list\">\n<li>Nale\u017cy zawsze chodzi\u0107 po wskazanych obszarach i wyznaczonych w nich \u015bcie\u017ckach.<\/li>\n\n\n\n<li>Trzeba przestrzega\u0107 zasad wynikaj\u0105cych z oznakowania i tablic informacyjnych<\/li>\n\n\n\n<li>Nie wolno u\u017cywa\u0107 kamieni lub innych element\u00f3w do tworzenia struktur zmieniaj\u0105cych krajobraz.<\/li>\n\n\n\n<li>Nale\u017cy szanowa\u0107 zwierz\u0119ta i ro\u015bliny<\/li>\n\n\n\n<li>Zakazane jest biwakowanie<\/li>\n<\/ul>\n\n\n\n<p>Foto: Policia Gran Canaria, NaKanarach.pl<\/p>\n","protected":false},"excerpt":{"rendered":"<p>GRAN CANARIA: Nielegalne spacery po s\u0142ynnych wydmach Maspalomas b\u0119d\u0105 rejestrowane przez specjalne czujniki ruchu oraz nagrywane przez kamery wideo. Uruchomienie systemu planowane jest jeszcze w tym roku. Obszar unikatowych wydm Maspalomas obejmuje 400 hektar\u00f3w i jest jednocze\u015bnie \u015bci\u015ble chronionym parkiem przyrody.\u00a0Rozci\u0105gaj\u0105 si\u0119 one wzd\u0142u\u017c Oceanu Atlantyckiego na d\u0142ugo\u015bci 6 km, a niekt\u00f3re si\u0119gaj\u0105 nawet 20 [&hellip;]<\/p>\n","protected":false},"author":4,"featured_media":10658,"comment_status":"closed","ping_status":"open","sticky":false,"template":"","format":"standard","meta":{"om_disable_all_campaigns":false,"_monsterinsights_skip_tracking":false,"_monsterinsights_sitenote_active":false,"_monsterinsights_sitenote_note":"","_monsterinsights_sitenote_category":0,"footnotes":""},"categories":[79],"tags":[],"class_list":["post-10657","post","type-post","status-publish","format-standard","has-post-thumbnail","hentry","category-wiecej-informacji"],"aioseo_notices":[],"blog_post_layout_featured_media_urls":{"thumbnail":["https:\/\/nakanarach.pl\/wp-content\/uploads\/2025\/06\/Wydmy-Maspalomas_11zon-150x150.jpg",150,150,true],"full":["https:\/\/nakanarach.pl\/wp-content\/uploads\/2025\/06\/Wydmy-Maspalomas_11zon-scaled.jpg",2560,1440,false]},"categories_names":{"79":{"name":"Wi\u0119cej informacji","link":"https:\/\/nakanarach.pl\/index.php\/category\/wiecej-informacji\/"}},"tags_names":[],"comments_number":"0","wpmagazine_modules_lite_featured_media_urls":{"thumbnail":["https:\/\/nakanarach.pl\/wp-content\/uploads\/2025\/06\/Wydmy-Maspalomas_11zon-150x150.jpg",150,150,true],"cvmm-medium":["https:\/\/nakanarach.pl\/wp-content\/uploads\/2025\/06\/Wydmy-Maspalomas_11zon-300x300.jpg",300,300,true],"cvmm-medium-plus":["https:\/\/nakanarach.pl\/wp-content\/uploads\/2025\/06\/Wydmy-Maspalomas_11zon-305x207.jpg",305,207,true],"cvmm-portrait":["https:\/\/nakanarach.pl\/wp-content\/uploads\/2025\/06\/Wydmy-Maspalomas_11zon-400x600.jpg",400,600,true],"cvmm-medium-square":["https:\/\/nakanarach.pl\/wp-content\/uploads\/2025\/06\/Wydmy-Maspalomas_11zon-600x600.jpg",600,600,true],"cvmm-large":["https:\/\/nakanarach.pl\/wp-content\/uploads\/2025\/06\/Wydmy-Maspalomas_11zon-1024x1024.jpg",1024,1024,true],"cvmm-small":["https:\/\/nakanarach.pl\/wp-content\/uploads\/2025\/06\/Wydmy-Maspalomas_11zon-130x95.jpg",130,95,true],"full":["https:\/\/nakanarach.pl\/wp-content\/uploads\/2025\/06\/Wydmy-Maspalomas_11zon-scaled.jpg",2560,1440,false]},"_links":{"self":[{"href":"https:\/\/nakanarach.pl\/index.php\/wp-json\/wp\/v2\/posts\/10657","targetHints":{"allow":["GET"]}}],"collection":[{"href":"https:\/\/nakanarach.pl\/index.php\/wp-json\/wp\/v2\/posts"}],"about":[{"href":"https:\/\/nakanarach.pl\/index.php\/wp-json\/wp\/v2\/types\/post"}],"author":[{"embeddable":true,"href":"https:\/\/nakanarach.pl\/index.php\/wp-json\/wp\/v2\/users\/4"}],"replies":[{"embeddable":true,"href":"https:\/\/nakanarach.pl\/index.php\/wp-json\/wp\/v2\/comments?post=10657"}],"version-history":[{"count":1,"href":"https:\/\/nakanarach.pl\/index.php\/wp-json\/wp\/v2\/posts\/10657\/revisions"}],"predecessor-version":[{"id":10659,"href":"https:\/\/nakanarach.pl\/index.php\/wp-json\/wp\/v2\/posts\/10657\/revisions\/10659"}],"wp:featuredmedia":[{"embeddable":true,"href":"https:\/\/nakanarach.pl\/index.php\/wp-json\/wp\/v2\/media\/10658"}],"wp:attachment":[{"href":"https:\/\/nakanarach.pl\/index.php\/wp-json\/wp\/v2\/media?parent=10657"}],"wp:term":[{"taxonomy":"category","embeddable":true,"href":"https:\/\/nakanarach.pl\/index.php\/wp-json\/wp\/v2\/categories?post=10657"},{"taxonomy":"post_tag","embeddable":true,"href":"https:\/\/nakanarach.pl\/index.php\/wp-json\/wp\/v2\/tags?post=10657"}],"curies":[{"name":"wp","href":"https:\/\/api.w.org\/{rel}","templated":true}]}}