{"id":10736,"date":"2025-06-22T10:31:23","date_gmt":"2025-06-22T09:31:23","guid":{"rendered":"https:\/\/nakanarach.pl\/?p=10736"},"modified":"2025-06-26T09:20:09","modified_gmt":"2025-06-26T08:20:09","slug":"najnowsza-gazeta-nakanarach-pl","status":"publish","type":"post","link":"https:\/\/nakanarach.pl\/index.php\/2025\/06\/22\/najnowsza-gazeta-nakanarach-pl\/","title":{"rendered":"NAJNOWSZA GAZETA &#8222;NAKANARACH.PL&#8221;"},"content":{"rendered":"\n<p><strong>WYSPY KANARYJSKIE: Wraz z pocz\u0105tkiem lata na najwi\u0119kszych wyspach archipelagu pojawi\u0142o si\u0119 nowe wydanie bezp\u0142atnej i jedynej tutaj gazety polonijnej pt. NaKanarach.pl&#8221;. <\/strong><\/p>\n\n\n\n<p>W tym wydaniu kwartalnika (wydanie Lato 2025) przeczytacie m.in. <\/p>\n\n\n\n<ul class=\"wp-block-list\">\n<li>O \u015bmierci 7 imigrant\u00f3w w drodze z Afryki na El Hierro<\/li>\n\n\n\n<li>O zastrzeleniu przez policj\u0119 napastnika przed lotniskiem na Gran Canarii<\/li>\n\n\n\n<li>O tragicznym wypadku autobusu na La Gomerze<\/li>\n\n\n\n<li>O ataku na Polak\u00f3w na Fuerteventurze<\/li>\n\n\n\n<li>O nietypowym incydencie na lotnisku na Lanzarote<\/li>\n\n\n\n<li>O powa\u017cnych po\u017carach na Teneryfie <\/li>\n<\/ul>\n\n\n\n<p>Gazeta jest dost\u0119pna na najwi\u0119kszych wyspach archipelagu m.in. na Teneryfie (Sklep Delicias de Polonia), Gran Canaria (Sklep BG Booom, Centrum Handlowe Yumbo), Lanzarote (Restauracja El Polaco). <\/p>\n\n\n\n<figure class=\"wp-block-gallery has-nested-images columns-default is-cropped wp-block-gallery-1 is-layout-flex wp-block-gallery-is-layout-flex\">\n<figure class=\"wp-block-image size-large\"><img fetchpriority=\"high\" decoding=\"async\" width=\"577\" height=\"1024\" data-id=\"10741\" src=\"https:\/\/nakanarach.pl\/wp-content\/uploads\/2025\/06\/Gazeta-Lato-2025-0_11zon-2-577x1024.jpg\" alt=\"\" class=\"wp-image-10741\" srcset=\"https:\/\/nakanarach.pl\/wp-content\/uploads\/2025\/06\/Gazeta-Lato-2025-0_11zon-2-577x1024.jpg 577w, https:\/\/nakanarach.pl\/wp-content\/uploads\/2025\/06\/Gazeta-Lato-2025-0_11zon-2-169x300.jpg 169w, https:\/\/nakanarach.pl\/wp-content\/uploads\/2025\/06\/Gazeta-Lato-2025-0_11zon-2-768x1364.jpg 768w, https:\/\/nakanarach.pl\/wp-content\/uploads\/2025\/06\/Gazeta-Lato-2025-0_11zon-2-865x1536.jpg 865w, https:\/\/nakanarach.pl\/wp-content\/uploads\/2025\/06\/Gazeta-Lato-2025-0_11zon-2-1153x2048.jpg 1153w, https:\/\/nakanarach.pl\/wp-content\/uploads\/2025\/06\/Gazeta-Lato-2025-0_11zon-2-scaled.jpg 1441w\" sizes=\"(max-width: 577px) 100vw, 577px\" \/><\/figure>\n\n\n\n<figure class=\"wp-block-image size-large\"><img decoding=\"async\" width=\"576\" height=\"1024\" data-id=\"10740\" src=\"https:\/\/nakanarach.pl\/wp-content\/uploads\/2025\/06\/Gazeta-Lato-2025-Teneryfa_11zon-576x1024.jpg\" alt=\"\" class=\"wp-image-10740\" srcset=\"https:\/\/nakanarach.pl\/wp-content\/uploads\/2025\/06\/Gazeta-Lato-2025-Teneryfa_11zon-576x1024.jpg 576w, https:\/\/nakanarach.pl\/wp-content\/uploads\/2025\/06\/Gazeta-Lato-2025-Teneryfa_11zon-169x300.jpg 169w, https:\/\/nakanarach.pl\/wp-content\/uploads\/2025\/06\/Gazeta-Lato-2025-Teneryfa_11zon-768x1365.jpg 768w, https:\/\/nakanarach.pl\/wp-content\/uploads\/2025\/06\/Gazeta-Lato-2025-Teneryfa_11zon-864x1536.jpg 864w, https:\/\/nakanarach.pl\/wp-content\/uploads\/2025\/06\/Gazeta-Lato-2025-Teneryfa_11zon.jpg 1152w\" sizes=\"(max-width: 576px) 100vw, 576px\" \/><\/figure>\n<\/figure>\n\n\n\n<p>Zapraszamy do reklamy w jedynej polskiej gazecie i portalu na Wyspach Kanaryjskich. Dzi\u0119ki sta\u0142ej wsp\u00f3\u0142pracy redakcji NaKanarach.pl z najwi\u0119kszym polskim portalem Wirtualna Polska (\u015brednio 10 mln u\u017cytkownik\u00f3w miesi\u0119cznie) Twoja reklama mo\u017ce by\u0107 widoczna dla wielu naszych rodak\u00f3w, zar\u00f3wno mieszka\u0144c\u00f3w i turyst\u00f3w) w Polsce i w Hiszpanii. <\/p>\n\n\n\n<p>Zapraszamy do reklamy w atrakcyjnej cenie. Zapytaj o aktualne promocje i rabaty w pakiecie na 3 miesi\u0105ce na portalu i w gazecie. Reklam\u0119 mo\u017cna zam\u00f3wi\u0107 online. <\/p>\n\n\n\n<p>tel. +34 644 081 688 (what&#8217;s upp)<\/p>\n\n\n\n<p>e-mail: nakanarachpl@gmail.com<\/p>\n","protected":false},"excerpt":{"rendered":"<p>WYSPY KANARYJSKIE: Wraz z pocz\u0105tkiem lata na najwi\u0119kszych wyspach archipelagu pojawi\u0142o si\u0119 nowe wydanie bezp\u0142atnej i jedynej tutaj gazety polonijnej pt. NaKanarach.pl&#8221;. W tym wydaniu kwartalnika (wydanie Lato 2025) przeczytacie m.in. Gazeta jest dost\u0119pna na najwi\u0119kszych wyspach archipelagu m.in. na Teneryfie (Sklep Delicias de Polonia), Gran Canaria (Sklep BG Booom, Centrum Handlowe Yumbo), Lanzarote (Restauracja [&hellip;]<\/p>\n","protected":false},"author":4,"featured_media":10737,"comment_status":"closed","ping_status":"open","sticky":false,"template":"","format":"standard","meta":{"om_disable_all_campaigns":false,"_monsterinsights_skip_tracking":false,"_monsterinsights_sitenote_active":false,"_monsterinsights_sitenote_note":"","_monsterinsights_sitenote_category":0,"footnotes":""},"categories":[79],"tags":[],"class_list":["post-10736","post","type-post","status-publish","format-standard","has-post-thumbnail","hentry","category-wiecej-informacji"],"aioseo_notices":[],"blog_post_layout_featured_media_urls":{"thumbnail":["https:\/\/nakanarach.pl\/wp-content\/uploads\/2025\/06\/Gazeta-Lato-2025-GC-1_11zon-150x150.jpg",150,150,true],"full":["https:\/\/nakanarach.pl\/wp-content\/uploads\/2025\/06\/Gazeta-Lato-2025-GC-1_11zon-scaled.jpg",2560,1441,false]},"categories_names":{"79":{"name":"Wi\u0119cej informacji","link":"https:\/\/nakanarach.pl\/index.php\/category\/wiecej-informacji\/"}},"tags_names":[],"comments_number":"0","wpmagazine_modules_lite_featured_media_urls":{"thumbnail":["https:\/\/nakanarach.pl\/wp-content\/uploads\/2025\/06\/Gazeta-Lato-2025-GC-1_11zon-150x150.jpg",150,150,true],"cvmm-medium":["https:\/\/nakanarach.pl\/wp-content\/uploads\/2025\/06\/Gazeta-Lato-2025-GC-1_11zon-300x300.jpg",300,300,true],"cvmm-medium-plus":["https:\/\/nakanarach.pl\/wp-content\/uploads\/2025\/06\/Gazeta-Lato-2025-GC-1_11zon-305x207.jpg",305,207,true],"cvmm-portrait":["https:\/\/nakanarach.pl\/wp-content\/uploads\/2025\/06\/Gazeta-Lato-2025-GC-1_11zon-400x600.jpg",400,600,true],"cvmm-medium-square":["https:\/\/nakanarach.pl\/wp-content\/uploads\/2025\/06\/Gazeta-Lato-2025-GC-1_11zon-600x600.jpg",600,600,true],"cvmm-large":["https:\/\/nakanarach.pl\/wp-content\/uploads\/2025\/06\/Gazeta-Lato-2025-GC-1_11zon-1024x1024.jpg",1024,1024,true],"cvmm-small":["https:\/\/nakanarach.pl\/wp-content\/uploads\/2025\/06\/Gazeta-Lato-2025-GC-1_11zon-130x95.jpg",130,95,true],"full":["https:\/\/nakanarach.pl\/wp-content\/uploads\/2025\/06\/Gazeta-Lato-2025-GC-1_11zon-scaled.jpg",2560,1441,false]},"_links":{"self":[{"href":"https:\/\/nakanarach.pl\/index.php\/wp-json\/wp\/v2\/posts\/10736","targetHints":{"allow":["GET"]}}],"collection":[{"href":"https:\/\/nakanarach.pl\/index.php\/wp-json\/wp\/v2\/posts"}],"about":[{"href":"https:\/\/nakanarach.pl\/index.php\/wp-json\/wp\/v2\/types\/post"}],"author":[{"embeddable":true,"href":"https:\/\/nakanarach.pl\/index.php\/wp-json\/wp\/v2\/users\/4"}],"replies":[{"embeddable":true,"href":"https:\/\/nakanarach.pl\/index.php\/wp-json\/wp\/v2\/comments?post=10736"}],"version-history":[{"count":1,"href":"https:\/\/nakanarach.pl\/index.php\/wp-json\/wp\/v2\/posts\/10736\/revisions"}],"predecessor-version":[{"id":10742,"href":"https:\/\/nakanarach.pl\/index.php\/wp-json\/wp\/v2\/posts\/10736\/revisions\/10742"}],"wp:featuredmedia":[{"embeddable":true,"href":"https:\/\/nakanarach.pl\/index.php\/wp-json\/wp\/v2\/media\/10737"}],"wp:attachment":[{"href":"https:\/\/nakanarach.pl\/index.php\/wp-json\/wp\/v2\/media?parent=10736"}],"wp:term":[{"taxonomy":"category","embeddable":true,"href":"https:\/\/nakanarach.pl\/index.php\/wp-json\/wp\/v2\/categories?post=10736"},{"taxonomy":"post_tag","embeddable":true,"href":"https:\/\/nakanarach.pl\/index.php\/wp-json\/wp\/v2\/tags?post=10736"}],"curies":[{"name":"wp","href":"https:\/\/api.w.org\/{rel}","templated":true}]}}