{"id":10754,"date":"2025-06-24T08:53:41","date_gmt":"2025-06-24T07:53:41","guid":{"rendered":"https:\/\/nakanarach.pl\/?p=10754"},"modified":"2025-06-24T09:36:11","modified_gmt":"2025-06-24T08:36:11","slug":"chwile-grozy-przy-ladowaniu-na-teneryfie-video","status":"publish","type":"post","link":"https:\/\/nakanarach.pl\/index.php\/2025\/06\/24\/chwile-grozy-przy-ladowaniu-na-teneryfie-video\/","title":{"rendered":"CHWILE GROZY PRZY L\u0104DOWANIU NA TENERYFIE (VIDEO)"},"content":{"rendered":"\n<p><strong>TENERYFA: Chwil\u0119 grozy i strachu prze\u017cyli pasa\u017cerowie samolotu, kt\u00f3ry l\u0105dowa\u0142 podczas silnych turbulencji na kanaryjskiej Teneryfie. Jak dramatyczna i stresuj\u0105ca by\u0142a to sytuacja pokazuje nagranie jednej z influencerek. <\/strong><\/p>\n\n\n\n<p>Pilot samolotu lec\u0105cego na najwi\u0119ksz\u0105 kanaryjsk\u0105 wysp\u0119 &#8211; Teneryf\u0119, w ostatniej chwili, bez ostrze\u017cenia dla pasa\u017cer\u00f3w, przerwa\u0142 manewr l\u0105dowania i gwa\u0142townie maszyna poszybowa\u0142a w g\u00f3r\u0119. Po kr\u00f3tkim czasie za\u0142oga przekaza\u0142a pasa\u017cerom jedynie lakoniczny komunikat, \u017ce wszystko jest w porz\u0105dku i \u017ce l\u0105dowanie nast\u0105pi za kilka minut. Na lotnisku p\u00f3\u0142nocnym by\u0142y w tym czasie trudne warunki oraz silne turbulencje. <\/p>\n\n\n\n<p>Ca\u0142e zdarzenie na TikToku pokaza\u0142a influencerka Elena Losanz, gdzie wida\u0107 reakcje przera\u017conych t\u0105 nietypow\u0105 sytuacj\u0105 pasa\u017cer\u00f3w lotu.<\/p>\n\n\n\n<figure class=\"wp-block-embed is-type-video is-provider-tiktok wp-block-embed-tiktok\"><div class=\"wp-block-embed__wrapper\">\n<blockquote class=\"tiktok-embed\" cite=\"https:\/\/www.tiktok.com\/@elenalosanz\/video\/7517754547943623958\" data-video-id=\"7517754547943623958\" data-embed-from=\"oembed\" style=\"max-width:605px; min-width:325px;\"> <section> <a target=\"_blank\" title=\"@elenalosanz\" href=\"https:\/\/www.tiktok.com\/@elenalosanz?refer=embed\">@elenalosanz<\/a> <p>Miedo \ud83e\udee0 <a title=\"avion\" target=\"_blank\" href=\"https:\/\/www.tiktok.com\/tag\/avion?refer=embed\">#avion<\/a> <a title=\"aterrizar\" target=\"_blank\" href=\"https:\/\/www.tiktok.com\/tag\/aterrizar?refer=embed\">#aterrizar<\/a> <a title=\"tenerife\" target=\"_blank\" href=\"https:\/\/www.tiktok.com\/tag\/tenerife?refer=embed\">#tenerife<\/a> <a title=\"ryanair\" target=\"_blank\" href=\"https:\/\/www.tiktok.com\/tag\/ryanair?refer=embed\">#ryanair<\/a> <\/p> <a target=\"_blank\" title=\"\u266c sonido original - elenalosanz\" href=\"https:\/\/www.tiktok.com\/music\/sonido-original-7517754571163831062?refer=embed\">\u266c sonido original &#8211; elenalosanz<\/a> <\/section> <\/blockquote> <script async src=\"https:\/\/www.tiktok.com\/embed.js\"><\/script>\n<\/div><\/figure>\n\n\n\n<ul class=\"wp-block-list\">\n<li>Wyobra\u017acie sobie, jaki mieli\u015bmy strach &#8211; komentuje Losanz bezpo\u015brednio po tym, jak pilot przerwa\u0142 pierwszy manewr l\u0105dowania. Po kr\u00f3tkiej przerwie influencerka kontynuowa\u0142a nagranie w momencie, gdy samolot po raz drugi wypu\u015bci\u0142 podwozie, przygotowuj\u0105c si\u0119 do kolejnej pr\u00f3by l\u0105dowania. <\/li>\n<\/ul>\n\n\n\n<p>Si\u0142\u0119 wstrz\u0105s\u00f3w przy turbulencjach wida\u0107 na nagraniu po tym, jak porusza si\u0119 telefon kom\u00f3rkowy, kt\u00f3rym influencerka nagrywa\u0142a film. <\/p>\n\n\n\n<ul class=\"wp-block-list\">\n<li>Zaczynam si\u0119 troch\u0119 denerwowa\u0107, chocia\u017c Teneryfa ju\u017c si\u0119 pokazuje &#8211; m\u00f3wi tu\u017c przed tym, gdy samolot dotyka ziemi przy spontanicznych brawach wszystkich pasa\u017cer\u00f3w.<\/li>\n<\/ul>\n\n\n\n<ul class=\"wp-block-list\">\n<li>Wszyscy troch\u0119 si\u0119 zesrali\u015bmy, wszyscy si\u0119 denerwowali\u015bmy &#8211; tak Elena podsumowuje prze\u017cycia ca\u0142ej za\u0142ogi pasa\u017cerskiej. Nagranie ko\u0144czy si\u0119 w terminalu lotniska Teneryfa P\u00f3\u0142noc, gdzie influencerka ju\u017c spokojnie odbiera sw\u00f3j baga\u017c.<\/li>\n<\/ul>\n\n\n\n<p>Tym razem wszystko zako\u0144czy\u0142o si\u0119 szcz\u0119\u015bliwie, a pasa\u017cerowie bezpiecznie dotarli do celu podr\u00f3\u017cy. W tym zdarzeniu nikt nie zosta\u0142 ranny, co wcze\u015bniej, przy silnych turbulencjach zdarza\u0142o si\u0119 kilkukrotnie w ostatnim czasie w innych rejonach \u015bwiata. <\/p>\n\n\n\n<p>Foto: Zdj\u0119cie ilustracyjne NaKanarach.pl<\/p>\n","protected":false},"excerpt":{"rendered":"<p>TENERYFA: Chwil\u0119 grozy i strachu prze\u017cyli pasa\u017cerowie samolotu, kt\u00f3ry l\u0105dowa\u0142 podczas silnych turbulencji na kanaryjskiej Teneryfie. Jak dramatyczna i stresuj\u0105ca by\u0142a to sytuacja pokazuje nagranie jednej z influencerek. Pilot samolotu lec\u0105cego na najwi\u0119ksz\u0105 kanaryjsk\u0105 wysp\u0119 &#8211; Teneryf\u0119, w ostatniej chwili, bez ostrze\u017cenia dla pasa\u017cer\u00f3w, przerwa\u0142 manewr l\u0105dowania i gwa\u0142townie maszyna poszybowa\u0142a w g\u00f3r\u0119. Po kr\u00f3tkim [&hellip;]<\/p>\n","protected":false},"author":4,"featured_media":2606,"comment_status":"closed","ping_status":"open","sticky":false,"template":"","format":"standard","meta":{"om_disable_all_campaigns":false,"_monsterinsights_skip_tracking":false,"_monsterinsights_sitenote_active":false,"_monsterinsights_sitenote_note":"","_monsterinsights_sitenote_category":0,"footnotes":""},"categories":[12,77],"tags":[],"class_list":["post-10754","post","type-post","status-publish","format-standard","has-post-thumbnail","hentry","category-aktualnosci","category-samoloty"],"aioseo_notices":[],"blog_post_layout_featured_media_urls":{"thumbnail":["https:\/\/nakanarach.pl\/wp-content\/uploads\/2021\/09\/Lotnisko-Teneryfa-150x150.jpg",150,150,true],"full":["https:\/\/nakanarach.pl\/wp-content\/uploads\/2021\/09\/Lotnisko-Teneryfa.jpg",1728,972,false]},"categories_names":{"12":{"name":"Aktualno\u015bci","link":"https:\/\/nakanarach.pl\/index.php\/category\/aktualnosci\/"},"77":{"name":"Samoloty","link":"https:\/\/nakanarach.pl\/index.php\/category\/samoloty\/"}},"tags_names":[],"comments_number":"0","wpmagazine_modules_lite_featured_media_urls":{"thumbnail":["https:\/\/nakanarach.pl\/wp-content\/uploads\/2021\/09\/Lotnisko-Teneryfa-150x150.jpg",150,150,true],"cvmm-medium":["https:\/\/nakanarach.pl\/wp-content\/uploads\/2021\/09\/Lotnisko-Teneryfa-300x300.jpg",300,300,true],"cvmm-medium-plus":["https:\/\/nakanarach.pl\/wp-content\/uploads\/2021\/09\/Lotnisko-Teneryfa-305x207.jpg",305,207,true],"cvmm-portrait":["https:\/\/nakanarach.pl\/wp-content\/uploads\/2021\/09\/Lotnisko-Teneryfa-400x600.jpg",400,600,true],"cvmm-medium-square":["https:\/\/nakanarach.pl\/wp-content\/uploads\/2021\/09\/Lotnisko-Teneryfa-600x600.jpg",600,600,true],"cvmm-large":["https:\/\/nakanarach.pl\/wp-content\/uploads\/2021\/09\/Lotnisko-Teneryfa-1024x972.jpg",1024,972,true],"cvmm-small":["https:\/\/nakanarach.pl\/wp-content\/uploads\/2021\/09\/Lotnisko-Teneryfa-130x95.jpg",130,95,true],"full":["https:\/\/nakanarach.pl\/wp-content\/uploads\/2021\/09\/Lotnisko-Teneryfa.jpg",1728,972,false]},"_links":{"self":[{"href":"https:\/\/nakanarach.pl\/index.php\/wp-json\/wp\/v2\/posts\/10754","targetHints":{"allow":["GET"]}}],"collection":[{"href":"https:\/\/nakanarach.pl\/index.php\/wp-json\/wp\/v2\/posts"}],"about":[{"href":"https:\/\/nakanarach.pl\/index.php\/wp-json\/wp\/v2\/types\/post"}],"author":[{"embeddable":true,"href":"https:\/\/nakanarach.pl\/index.php\/wp-json\/wp\/v2\/users\/4"}],"replies":[{"embeddable":true,"href":"https:\/\/nakanarach.pl\/index.php\/wp-json\/wp\/v2\/comments?post=10754"}],"version-history":[{"count":2,"href":"https:\/\/nakanarach.pl\/index.php\/wp-json\/wp\/v2\/posts\/10754\/revisions"}],"predecessor-version":[{"id":10757,"href":"https:\/\/nakanarach.pl\/index.php\/wp-json\/wp\/v2\/posts\/10754\/revisions\/10757"}],"wp:featuredmedia":[{"embeddable":true,"href":"https:\/\/nakanarach.pl\/index.php\/wp-json\/wp\/v2\/media\/2606"}],"wp:attachment":[{"href":"https:\/\/nakanarach.pl\/index.php\/wp-json\/wp\/v2\/media?parent=10754"}],"wp:term":[{"taxonomy":"category","embeddable":true,"href":"https:\/\/nakanarach.pl\/index.php\/wp-json\/wp\/v2\/categories?post=10754"},{"taxonomy":"post_tag","embeddable":true,"href":"https:\/\/nakanarach.pl\/index.php\/wp-json\/wp\/v2\/tags?post=10754"}],"curies":[{"name":"wp","href":"https:\/\/api.w.org\/{rel}","templated":true}]}}