{"id":10776,"date":"2025-06-30T08:41:02","date_gmt":"2025-06-30T07:41:02","guid":{"rendered":"https:\/\/nakanarach.pl\/?p=10776"},"modified":"2025-06-30T10:59:59","modified_gmt":"2025-06-30T09:59:59","slug":"upal-i-susza-na-kanarach","status":"publish","type":"post","link":"https:\/\/nakanarach.pl\/index.php\/2025\/06\/30\/upal-i-susza-na-kanarach\/","title":{"rendered":"UPA\u0141 I SUSZA NA KANARACH"},"content":{"rendered":"\n<p><strong>WYSPY KANARYJSKIE: Ten rajski archipelag w pobli\u017cu Afryki uznano za region z najwi\u0119ksz\u0105 susz\u0105 w ca\u0142ej Hiszpanii. Na Kanarach wprowadzono alarm po\u017carowy w lasach. A dodatkowo w\u0142adze przygotowuj\u0105 si\u0119 na pierwsz\u0105 w tym roku powa\u017cn\u0105 fal\u0119 upa\u0142\u00f3w, bo temperatury maj\u0105 wzrosn\u0105\u0107 znacznie powy\u017cej \u015bredniej sezonowej w nadchodz\u0105cych dniach. <\/strong><\/p>\n\n\n\n<p>Synoptycy ostrzegaj\u0105, \u017ce w niekt\u00f3rych cz\u0119\u015bciach archipelagu temperatury na pocz\u0105tku lipca 2025 r. mog\u0105 przekroczy\u0107 40 stopni Celsjusza. Na Gran Canarii wprowadzono alarm po\u017carowy w lasach przy wilgotno\u015bci wzgl\u0119dnej spadaj\u0105cej poni\u017cej 30 procent na wysoko\u015bciach od oko\u0142o 600 metr\u00f3w nad poziomem morza. Dodatkowo prognozowane s\u0105 wiatry, co dodatkowo pot\u0119guje ryzyko rozprzestrzeniania si\u0119 ewentualnych po\u017car\u00f3w.<\/p>\n\n\n\n<p>Dyrekcja Generalna ds. Sytuacji Nadzwyczajnych wprowadzi\u0142a zr\u00f3\u017cnicowane poziomy ostrze\u017ce\u0144 w zale\u017cno\u015bci od lokalizacji na Gran Canarii. Alarm wysokiej temperatury i zagro\u017cenia po\u017carowego w lasach  obejmuje najwy\u017csze szczyty wyspy oraz wschodnie, po\u0142udniowe i zachodnie zbocza Gran Canarii, co mo\u017ce wi\u0105za\u0107 si\u0119 z czasowym zakazem wst\u0119pu na te obszary, z kt\u00f3rych licznie korzystaj\u0105 tury\u015bci. Dla pozosta\u0142ych wysp archipelagu, za wyj\u0105tkiem La Palmy i p\u00f3\u0142nocnej cz\u0119\u015bci Teneryfy na wysoko\u015bciach poni\u017cej 700 metr\u00f3w wprowadzono stan przedalarmowy.<\/p>\n\n\n\n<p>Wraz z ko\u0144cem czerwca do Wysp Kanaryjskich zbli\u017ca si\u0119 pot\u0119\u017cny antycyklon, kt\u00f3ry przyniesie ze sob\u0105 gwa\u0142towny i d\u0142ugotrwa\u0142y wzrost temperatur oraz piekielne upa\u0142y. <\/p>\n\n\n\n<p>Wed\u0142ug Rub\u00e9na del Campo, rzecznika Pa\u0144stwowej Agencji Meteorologicznej (AEMET), po\u0142\u0105czenie tego uk\u0142adu wysokiego ci\u015bnienia i masy bardzo ciep\u0142ego powietrza z ni\u017cszych szeroko\u015bci geograficznych doprowadzi do \u201eciep\u0142ego epizodu, kt\u00f3ry b\u0119dzie pierwsz\u0105 fal\u0105 upa\u0142\u00f3w tego lata\u201d.<\/p>\n\n\n\n<p>Na Wyspach Kanaryjskich upa\u0142 zacz\u0105\u0142 stopniowo narasta\u0107 ju\u017c od 26 czerwca, a temperatury zacz\u0119\u0142y osi\u0105ga\u0107 od 34 do 36 stopni Celsjusza w cieniu w po\u0142udniowych rejonach bardziej g\u00f3rzystych wysp, a tak\u017ce na Fuerteventurze. Jednak prognozy na najbli\u017csze dni przewiduj\u0105 najbardziej ekstremalne temperatury na archipelagu, z mo\u017cliwo\u015bci\u0105 wzrostu temperatury w niekt\u00f3rych obszarach nawet powy\u017cej 40 stopni Celsjusza. Chocia\u017c w poprzednich latach, w sierpniu termometry pokazywa\u0142y na Kanarach nawet 46 stopni w cieniu. <\/p>\n\n\n\n<p>Mieszka\u0144com i turystom na Wyspach Kanaryjskich zaleca si\u0119 szczeg\u00f3ln\u0105 ostro\u017cno\u015b\u0107 w najgor\u0119tszych porach dnia (godz. 14-17), nawadnianie organizmu i unikanie zb\u0119dnego wystawiania si\u0119 na s\u0142o\u0144ce, kt\u00f3re jest tu bardziej &#8222;ostre&#8221; i ma wy\u017cyszy wsp\u00f3\u0142czynnik UV ni\u017c w Polsce. Ostrze\u017cenie dotyczy zw\u0142aszcza os\u00f3b nara\u017conych na niebezpiecze\u0144stwo, takich jak osoby starsze, ma\u0142e dzieci i osoby z problemami zdrowotnymi.<\/p>\n\n\n\n<figure class=\"wp-block-image size-large\"><img fetchpriority=\"high\" decoding=\"async\" width=\"1024\" height=\"768\" src=\"https:\/\/nakanarach.pl\/wp-content\/uploads\/2025\/06\/Upal-Kanary-Parasolka2-1-1024x768.jpg\" alt=\"\" class=\"wp-image-10791\" srcset=\"https:\/\/nakanarach.pl\/wp-content\/uploads\/2025\/06\/Upal-Kanary-Parasolka2-1-1024x768.jpg 1024w, https:\/\/nakanarach.pl\/wp-content\/uploads\/2025\/06\/Upal-Kanary-Parasolka2-1-300x225.jpg 300w, https:\/\/nakanarach.pl\/wp-content\/uploads\/2025\/06\/Upal-Kanary-Parasolka2-1-768x576.jpg 768w, https:\/\/nakanarach.pl\/wp-content\/uploads\/2025\/06\/Upal-Kanary-Parasolka2-1-1536x1152.jpg 1536w, https:\/\/nakanarach.pl\/wp-content\/uploads\/2025\/06\/Upal-Kanary-Parasolka2-1-2048x1536.jpg 2048w, https:\/\/nakanarach.pl\/wp-content\/uploads\/2025\/06\/Upal-Kanary-Parasolka2-1-136x102.jpg 136w\" sizes=\"(max-width: 1024px) 100vw, 1024px\" \/><\/figure>\n\n\n\n<p>Tymczasem Hiszpania zmaga si\u0119 z narastaj\u0105cym problemem ekstremalnej suszy, kt\u00f3ry dotyka wszystkie regiony kraju &#8211; od Asturii po Walencj\u0119. Wed\u0142ug najnowszych bada\u0144 hiszpa\u0144skich naukowc\u00f3w to w\u0142a\u015bnie Wyspy Kanaryjskie s\u0105 najbardziej zagro\u017conym regionem w ca\u0142ym kraju. Co wi\u0119cej przy wyj\u0105tkowo rzadko padaj\u0105cym tu deszczu Kanary s\u0105 uznawane z najbardziej zagro\u017cony susz\u0105 region w ca\u0142ej Hiszpanii. <\/p>\n\n\n\n<p>Wed\u0142ug najnowszego raportu przygotowanego przez Hiszpa\u0144skie Narodowe Centrum Bada\u0144 (CSIC), 11,6% terytorium Hiszpanii jest bardziej suche ni\u017c 60 lat temu. Ale sytuacja na oddalonych od kontynentalnej Hiszpanii o ok. 1500 km Wyspach Kanaryjskich jest jeszcze bardziej dramatyczna &#8211; odsetek ten wzrasta tu a\u017c do 16,3%, co czyni archipelag absolutnym liderem negatywnych zmian klimatycznych w ca\u0142ym kraju.<\/p>\n\n\n\n<p>Badania przeprowadzi\u0142 zesp\u00f3\u0142 z Laboratorium Klimatologii i Us\u0142ug Klimatycznych. Naukowcy przeanalizowali wska\u017anik suszy opracowany przez Organizacj\u0119 Narod\u00f3w Zjednoczonych do spraw Wy\u017cywienia i Rolnictwa (FAO).<\/p>\n\n\n\n<p>Ten wska\u017anik suszy sk\u0142ada si\u0119 z dw\u00f3ch kluczowych zmiennych. Tutaj analizowane s\u0105 opady deszczu &#8211; wykorzystywana jest \u015brednia warto\u015b\u0107 skumulowanych opad\u00f3w w okre\u015blonym okresie oraz dodatkowo brana jest pod uwag\u0119 potencjalna ewapotranspiracja, czyli zapotrzebowanie atmosfery na wilgo\u0107, kt\u00f3re obejmuje temperatur\u0119, promieniowanie s\u0142oneczne, wilgotno\u015b\u0107 wzgl\u0119dn\u0105 i pr\u0119dko\u015b\u0107 wiatru.<\/p>\n\n\n\n<p>W swoim badaniu naukowcy wykorzystali dane z hiszpa\u0144skiej Pa\u0144stowej Agencji Meteorologicznej (Aemet) z lat 1961-2020, obejmuj\u0105ce ca\u0142e terytorium tego kraju. Por\u00f3wnano dwa trzydziestoletnie okresy: 1961-1990 i 1991-2020, analizuj\u0105c przej\u015bcia ka\u017cdego regionu mi\u0119dzy tymi okresami i rozr\u00f3\u017cniaj\u0105c procesy prowadz\u0105ce do bardziej suchego lub wilgotnego klimatu.<\/p>\n\n\n\n<p>Wi\u0119kszo\u015b\u0107 niepokoj\u0105cych zmian na archipelagu kanaryjskim wyst\u0105pi\u0142a na p\u00f3\u0142nocnych stronach wysp o najwi\u0119kszej rze\u017abie terenu, czyli na obszarach, kt\u00f3re wcze\u015bniej by\u0142y najbardziej wilgotne w ca\u0142ej Wsp\u00f3lnocie Autonomicznej Wysp Kanaryjskich.<\/p>\n\n\n\n<ul class=\"wp-block-list\">\n<li>Susza klimatyczna, kt\u00f3ra nie jest tym samym co okresowa susza, jest bardzo istotn\u0105 zmienn\u0105, poniewa\u017c warunkuje zar\u00f3wno ro\u015blinno\u015b\u0107, jak i uprawy, kt\u00f3re dane miejsce mo\u017ce utrzyma\u0107 &#8211; wyja\u015bnia gazecie El Diario Santiago Beguer\u00eda, g\u0142\u00f3wny autor publikacji i badacz w Stacji Do\u015bwiadczalnej Aula Dei, agronomicznym o\u015brodku badawczym nale\u017c\u0105cym do CSIC w Saragossie.<\/li>\n<\/ul>\n\n\n\n<p>Ekspert podkre\u015bla, \u017ce nasilenie tych warunk\u00f3w klimatycznych, spowodowane globalnym ociepleniem wywo\u0142anym przez cz\u0142owieka, poci\u0105ga za sob\u0105 zmiany w sk\u0142adzie ekosystem\u00f3w. Gatunki bardziej przystosowane do suszy mog\u0105 wypiera\u0107 lub nawet powodowa\u0107 wymieranie innych, radykalnie przekszta\u0142caj\u0105c krajobraz.<\/p>\n\n\n\n<ul class=\"wp-block-list\">\n<li>W Hiszpanii z powodu suszy wymieraj\u0105 sosny, a drzewa owocowe musz\u0105 by\u0107 sadzone coraz wy\u017cej, w kierunku obszar\u00f3w g\u00f3rskich &#8211; informuje Beguer\u00eda.<\/li>\n<\/ul>\n\n\n\n<p>Badania pokazuj\u0105, \u017ce Wyspy Kanaryjskie okre\u015blane dotychczas jako &#8222;wyspy wiecznej wiosny&#8221; charakteryzuj\u0105 si\u0119 najwi\u0119ksz\u0105 r\u00f3\u017cnorodno\u015bci\u0105 warto\u015bci suszy klimatycznej w ramach jednej wsp\u00f3lnoty autonomicznej w Hiszpanii ze wzgl\u0119du na mikroklimat i warunki, kt\u00f3re s\u0105 bardzo r\u00f3\u017cne w zale\u017cno\u015bci od wyspy, a nawet w obr\u0119bie tej samej wyspy.<\/p>\n\n\n\n<p>Zgodnie z najnowszym raportem 8% obszar\u00f3w umiarkowanie wilgotnych i suchych na Kanarach sta\u0142o si\u0119 suchych, a 3% obszar\u00f3w p\u00f3\u0142suchych przekszta\u0142ci\u0142o si\u0119 w suche. Przej\u015bcia do bardziej wilgotnych kategorii by\u0142y marginalne &#8211; zaledwie 0,1%.<\/p>\n\n\n\n<p>Wed\u0142ug bada\u0144 na Kanarach miesi\u0105cami o najwi\u0119kszych przej\u015bciach do suchszych kategorii by\u0142y grudzie\u0144 (37%), listopad (34,3%) i luty (30,4%), a nast\u0119pnie maj (22,6%), wrzesie\u0144 (19,4%) i kwiecie\u0144 (18,6%). Najbardziej wilgotne warunki panowa\u0142y w pa\u017adzierniku (13%), marcu (12,8%) i sierpniu (9,5%).<\/p>\n\n\n\n<ul class=\"wp-block-list\">\n<li>Jednak og\u00f3lnie rzecz bior\u0105c, \u201ewszystkie wyniki\u201d sugeruj\u0105, \u017ce klimat b\u0119dzie bardziej suchy w nadchodz\u0105cych dziesi\u0119cioleciach &#8211; ze wszystkimi tego dramatycznymi konsekwencjami. Nasz krajobraz mo\u017ce si\u0119 znacznie zmieni\u0107 w przysz\u0142o\u015bci &#8211; podsumowuje ekspert. <\/li>\n<\/ul>\n\n\n\n<p>Foto: NaKanarach.pl &#8211; zdj\u0119cie ilustracyjne<\/p>\n","protected":false},"excerpt":{"rendered":"<p>WYSPY KANARYJSKIE: Ten rajski archipelag w pobli\u017cu Afryki uznano za region z najwi\u0119ksz\u0105 susz\u0105 w ca\u0142ej Hiszpanii. Na Kanarach wprowadzono alarm po\u017carowy w lasach. A dodatkowo w\u0142adze przygotowuj\u0105 si\u0119 na pierwsz\u0105 w tym roku powa\u017cn\u0105 fal\u0119 upa\u0142\u00f3w, bo temperatury maj\u0105 wzrosn\u0105\u0107 znacznie powy\u017cej \u015bredniej sezonowej w nadchodz\u0105cych dniach. Synoptycy ostrzegaj\u0105, \u017ce w niekt\u00f3rych cz\u0119\u015bciach archipelagu [&hellip;]<\/p>\n","protected":false},"author":4,"featured_media":10790,"comment_status":"closed","ping_status":"open","sticky":false,"template":"","format":"standard","meta":{"om_disable_all_campaigns":false,"_monsterinsights_skip_tracking":false,"_monsterinsights_sitenote_active":false,"_monsterinsights_sitenote_note":"","_monsterinsights_sitenote_category":0,"footnotes":""},"categories":[12],"tags":[],"class_list":["post-10776","post","type-post","status-publish","format-standard","has-post-thumbnail","hentry","category-aktualnosci"],"aioseo_notices":[],"blog_post_layout_featured_media_urls":{"thumbnail":["https:\/\/nakanarach.pl\/wp-content\/uploads\/2025\/06\/Termometr-40-stopni-150x150.jpg",150,150,true],"full":["https:\/\/nakanarach.pl\/wp-content\/uploads\/2025\/06\/Termometr-40-stopni.jpg",2136,1547,false]},"categories_names":{"12":{"name":"Aktualno\u015bci","link":"https:\/\/nakanarach.pl\/index.php\/category\/aktualnosci\/"}},"tags_names":[],"comments_number":"0","wpmagazine_modules_lite_featured_media_urls":{"thumbnail":["https:\/\/nakanarach.pl\/wp-content\/uploads\/2025\/06\/Termometr-40-stopni-150x150.jpg",150,150,true],"cvmm-medium":["https:\/\/nakanarach.pl\/wp-content\/uploads\/2025\/06\/Termometr-40-stopni-300x300.jpg",300,300,true],"cvmm-medium-plus":["https:\/\/nakanarach.pl\/wp-content\/uploads\/2025\/06\/Termometr-40-stopni-305x207.jpg",305,207,true],"cvmm-portrait":["https:\/\/nakanarach.pl\/wp-content\/uploads\/2025\/06\/Termometr-40-stopni-400x600.jpg",400,600,true],"cvmm-medium-square":["https:\/\/nakanarach.pl\/wp-content\/uploads\/2025\/06\/Termometr-40-stopni-600x600.jpg",600,600,true],"cvmm-large":["https:\/\/nakanarach.pl\/wp-content\/uploads\/2025\/06\/Termometr-40-stopni-1024x1024.jpg",1024,1024,true],"cvmm-small":["https:\/\/nakanarach.pl\/wp-content\/uploads\/2025\/06\/Termometr-40-stopni-130x95.jpg",130,95,true],"full":["https:\/\/nakanarach.pl\/wp-content\/uploads\/2025\/06\/Termometr-40-stopni.jpg",2136,1547,false]},"_links":{"self":[{"href":"https:\/\/nakanarach.pl\/index.php\/wp-json\/wp\/v2\/posts\/10776","targetHints":{"allow":["GET"]}}],"collection":[{"href":"https:\/\/nakanarach.pl\/index.php\/wp-json\/wp\/v2\/posts"}],"about":[{"href":"https:\/\/nakanarach.pl\/index.php\/wp-json\/wp\/v2\/types\/post"}],"author":[{"embeddable":true,"href":"https:\/\/nakanarach.pl\/index.php\/wp-json\/wp\/v2\/users\/4"}],"replies":[{"embeddable":true,"href":"https:\/\/nakanarach.pl\/index.php\/wp-json\/wp\/v2\/comments?post=10776"}],"version-history":[{"count":4,"href":"https:\/\/nakanarach.pl\/index.php\/wp-json\/wp\/v2\/posts\/10776\/revisions"}],"predecessor-version":[{"id":10792,"href":"https:\/\/nakanarach.pl\/index.php\/wp-json\/wp\/v2\/posts\/10776\/revisions\/10792"}],"wp:featuredmedia":[{"embeddable":true,"href":"https:\/\/nakanarach.pl\/index.php\/wp-json\/wp\/v2\/media\/10790"}],"wp:attachment":[{"href":"https:\/\/nakanarach.pl\/index.php\/wp-json\/wp\/v2\/media?parent=10776"}],"wp:term":[{"taxonomy":"category","embeddable":true,"href":"https:\/\/nakanarach.pl\/index.php\/wp-json\/wp\/v2\/categories?post=10776"},{"taxonomy":"post_tag","embeddable":true,"href":"https:\/\/nakanarach.pl\/index.php\/wp-json\/wp\/v2\/tags?post=10776"}],"curies":[{"name":"wp","href":"https:\/\/api.w.org\/{rel}","templated":true}]}}