{"id":10865,"date":"2025-07-10T06:55:33","date_gmt":"2025-07-10T05:55:33","guid":{"rendered":"https:\/\/nakanarach.pl\/?p=10865"},"modified":"2025-07-10T06:57:05","modified_gmt":"2025-07-10T05:57:05","slug":"drony-do-transportu-sprzetu-ratowniczego","status":"publish","type":"post","link":"https:\/\/nakanarach.pl\/index.php\/2025\/07\/10\/drony-do-transportu-sprzetu-ratowniczego\/","title":{"rendered":"DRONY DO TRANSPORTU SPRZ\u0118TU RATOWNICZEGO"},"content":{"rendered":"\n<p><strong>FUERTEVENTURA: Rz\u0105d Wysp Kanaryjskich uruchamia testowo pionierski program z wykorzystaniem zaawansowanych dron\u00f3w do ratownictwa morskiego na s\u0142ynnej pla\u017cy Corralejo na p\u00f3\u0142nocy Fuerteventury. <\/strong><\/p>\n\n\n\n<p>Corralejo to jeden z najcz\u0119\u015bciej odwiedzanych wakacyjnych kurort\u00f3w na p\u00f3\u0142nocy Fuerteventury. Jest tu 9 km pi\u0119knych, bia\u0142ych i piaszczystych pla\u017c. To w\u0142a\u015bnie tu ruszy dwunastomiesi\u0119czny projekt pilota\u017cowy, realizowany we wsp\u00f3\u0142pracy z Rad\u0105 Wyspy i Rad\u0105 Miasta La Oliva, a jego celem jest rewolucyjne usprawnienie systemu ratownictwa wodnego na archipelagu.<\/p>\n\n\n\n<p>Te drony to wysoko zaawansowane jednostki zdolne do transportu ma\u0142ych i lekkich desek do p\u0142ywania lub ponton\u00f3w ratunkowych, opracowane przez firm\u0119 Aeromedia UAV. S\u0105 wyposa\u017cone w wielokamerowy system wizyjny, umo\u017cliwiaj\u0105cy kontrolowanie obszaru w promieniu jednego kilometra wok\u00f3\u0142 drona. Co wi\u0119cej, mog\u0105 zlokalizowa\u0107 obiekt lub osob\u0119 w oceanie w odleg\u0142o\u015bci do 1,5 km, wykorzystuj\u0105c wsp\u00f3\u0142rz\u0119dne GPS i \u015bledzenie ruchu w czasie rzeczywistym.<\/p>\n\n\n\n<figure class=\"wp-block-image size-full\"><img fetchpriority=\"high\" decoding=\"async\" width=\"1024\" height=\"878\" src=\"https:\/\/nakanarach.pl\/wp-content\/uploads\/2025\/07\/Drony-ratownicze-Fuerteventura-Ratusz-La-Oliva.jpeg\" alt=\"\" class=\"wp-image-10919\" srcset=\"https:\/\/nakanarach.pl\/wp-content\/uploads\/2025\/07\/Drony-ratownicze-Fuerteventura-Ratusz-La-Oliva.jpeg 1024w, https:\/\/nakanarach.pl\/wp-content\/uploads\/2025\/07\/Drony-ratownicze-Fuerteventura-Ratusz-La-Oliva-300x257.jpeg 300w, https:\/\/nakanarach.pl\/wp-content\/uploads\/2025\/07\/Drony-ratownicze-Fuerteventura-Ratusz-La-Oliva-768x659.jpeg 768w\" sizes=\"(max-width: 1024px) 100vw, 1024px\" \/><\/figure>\n\n\n\n<p>Ka\u017cdy dron wyposa\u017cony jest w dwa niezale\u017cne systemy samopompuj\u0105ce, kt\u00f3re aktywuj\u0105 si\u0119 w przypadku kontaktu z wod\u0105 oraz g\u0142o\u015bnik umo\u017cliwiaj\u0105cy wydawanie instrukcji i polece\u0144, dla os\u00f3b, kt\u00f3re znajduj\u0105 si\u0119 w wodzie. Z obs\u0142ugi tego nowoczwesnego sprz\u0119tu firma przeszkoli pilot\u00f3w dron\u00f3w i ratownik\u00f3w.<\/p>\n\n\n\n<p>Podczas prezentacji Minister Polityki Terytorialnej, Sp\u00f3jno\u015bci Terytorialnej i Wody, Manuel Miranda, podkre\u015bli\u0142 strategiczne znaczenie wyboru Fuerteventury jako miejsca test\u00f3w. <\/p>\n\n\n\n<ul class=\"wp-block-list\">\n<li>To nie przypadek, \u017ce wybrali\u015bmy wysp\u0119 Fuerteventura, a w szczeg\u00f3lno\u015bci gmin\u0119 La Oliva, aby uruchomi\u0107 ten pilota\u017cowy projekt. P\u00f3\u0142nocne pla\u017ce charakteryzuj\u0105 si\u0119 bardzo specyficznymi warunkami wiatru, pr\u0105d\u00f3w morskich i intensywnego u\u017cytkowania przez mieszka\u0144c\u00f3w i turyst\u00f3w, co czyni je idealnym \u015brodowiskiem do testowania tego rozwi\u0105zania technologicznego &#8211; powiedzia\u0142 minister.<\/li>\n<\/ul>\n\n\n\n<p>Przewodnicz\u0105ca Rady Wyspy, Lola Garc\u00eda, podkre\u015bli\u0142a, \u017ce \u201esystem ten nie tylko wzmocni nadz\u00f3r i bezpiecze\u0144stwo na wybrze\u017cach, ale tak\u017ce wykrywanie wszelkich zagro\u017ce\u0144, kt\u00f3re mog\u0142yby zagrozi\u0107 \u015brodowisku naturalnemu i r\u00f3\u017cnorodno\u015bci biologicznej.<\/p>\n\n\n\n<p>Baza operacyjna firmy, kt\u00f3rej przyznano kontrakt, zostanie zlokalizowana w pobli\u017cu pla\u017c gminy, w miejscu prowadzenia operacji Czerwonego Krzy\u017ca. Centrum logistyczne znajdzie si\u0119 natomiast w Parku Technologicznym Fuerteventura. <\/p>\n\n\n\n<p>Inicjatywa ma na celu wzmocnienie bezpiecze\u0144stwa k\u0105pi\u0105cych si\u0119 i u\u017cytkownik\u00f3w wybrze\u017ca, a tak\u017ce optymalizacj\u0119 zarz\u0105dzania potencjalnymi incydentami w \u015brodowisku morskim. Pocz\u0105tkowa faza us\u0142ugi obejmie szereg istotnych funkcji ochrony pla\u017c miejskich, takich jak nadz\u00f3r i ochrona wybrze\u017ca, z obserwacj\u0105 w celu wczesnego wykrywania stref konflikt\u00f3w, niebezpiecznych pr\u0105d\u00f3w, potencjalnych zanieczyszcze\u0144, a nawet \u0142awic meduz czy obserwacji zwierz\u0105t morskich, kt\u00f3re mog\u0105 stanowi\u0107 zagro\u017cenie dla k\u0105pi\u0105cych np. pojawiaj\u0105cych si\u0119 co jaki\u015b czas rekin\u00f3w. Zapewni ona r\u00f3wnie\u017c niezb\u0119dne wsparcie ratownikom, poniewa\u017c personel nowej us\u0142ugi b\u0119dzie odpowiedzialny za sta\u0142e wsparcie dzia\u0142a\u0144 obserwacyjnych prowadzonych przez wie\u017ce obserwacyjne, optymalizuj\u0105c w ten spos\u00f3b zasi\u0119g i zdolno\u015b\u0107 reagowania na k\u0105pieliskach.<\/p>\n\n\n\n<p>Nale\u017cy r\u00f3wnie\u017c zauwa\u017cy\u0107, \u017ce wdro\u017cenie projektu pilota\u017cowego umo\u017cliwi aktywny nadz\u00f3r w celu obserwacji zwierz\u0105t morskich, kt\u00f3re mog\u0105 stanowi\u0107 zagro\u017cenie dla k\u0105pi\u0105cych si\u0119 lub wymaga\u0107 uwagi, a tak\u017ce lokalizacj\u0119 niezidentyfikowanych obiekt\u00f3w, kt\u00f3re mog\u0105 zagrozi\u0107 bezpiecze\u0144stwu wybrze\u017ca lub \u015brodowisku morskiemu.<\/p>\n\n\n\n<ul class=\"wp-block-list\">\n<li>Ten nowy projekt nie tylko ma na celu zapewnienie wykonalno\u015bci jako wsparcia dla s\u0142u\u017cby ratownik\u00f3w na naszych wybrze\u017cach, ale tak\u017ce oferuje nowe funkcje, takie jak wykrywanie konflikt\u00f3w czy lokalizacja zanieczyszcze\u0144 na naszych pla\u017cach. Inicjatywa ta zapewni zatem us\u0142ug\u0119 w fazie pocz\u0105tkowej, kt\u00f3ra zapewni bezpiecze\u0144stwo k\u0105pi\u0105cych si\u0119, jednocze\u015bnie chroni\u0105c naturalne \u015brodowisko naszych pla\u017c &#8211; burmistrz i szef Departamentu Bezpiecze\u0144stwa Obywatelskiego La Olivy, Isa\u00ed Blanco. <\/li>\n<\/ul>\n\n\n\n<p>Us\u0142uga, kt\u00f3rej pocz\u0105tkowy okres trwania wynosi 12 miesi\u0119cy, w razie sytuacji kryzysowej umo\u017cliwi r\u00f3wnie\u017c skierowanie zasob\u00f3w do innych gmin na wyspie, aby zweryfikowa\u0107 wykonalno\u015b\u0107 innowacyjnego programu na Fuerteventurze.<\/p>\n\n\n\n<p>Minister Miranda przypomnia\u0142, \u017ce w 2024 roku na archipelagu odnotowano 72 ofiary \u015bmiertelne utoni\u0119\u0107 &#8211; \u201edwa razy wi\u0119cej ni\u017c na drogach\u201d. W odpowiedzi na te dramatyczne statystyki, Dyrekcja Generalna ds. Sytuacji Nadzwyczajnych rozpocznie tego lata now\u0105 kampani\u0119 u\u015bwiadamiaj\u0105c\u0105 spo\u0142ecze\u0144stwo, maj\u0105c\u0105 na celu zapobieganie wypadkom na pla\u017cach i w k\u0105pieliskach. <\/p>\n\n\n\n<p>Tymczasem wielu turyst\u00f3w odwiedzaj\u0105cych rajskie Wyspy Kanaryjskie nie zdaje sobie sprawy z tego, \u017ce fale w oceanie s\u0105 bardziej niebezpieczne ni\u017c te np. nad polskim morzem.<\/p>\n\n\n\n<p>Ratownicy po raz kolejny przypominaj\u0105, \u017ce podczas k\u0105pieli w pobli\u017cu tego archipelagu trzeba by\u0107 bardziej ostro\u017cnym. Ocean Atlantycki pomi\u0119dzy Kanarami a Afryk\u0105 ma silne pr\u0105dy morskie oraz wsteczne, kt\u00f3re potrafi\u0105 nawet przy brzegu wci\u0105gn\u0105\u0107 do wody doros\u0142ego cz\u0142owieka i przewr\u00f3ci\u0107.<\/p>\n\n\n\n<p>Nie mniejszym zagro\u017ceniem s\u0105 popularne w\u015br\u00f3d wielu turyst\u00f3w naturalne baseny, zlokalizowane przy brzegu ze ska\u0142 wulkanicznych i cz\u0119sto tworz\u0105 jaskinie, groty lub wielkie szczeliny. Przed niekt\u00f3rymi z nich s\u0105 ustawione tablice informacyjne z wieloma zakazami, a obrazki przedstawiaj\u0105 potencjalne, liczne zagro\u017cenia m.in. silne pr\u0105dy oceaniczne, nag\u0142e uskoki skalne i g\u0142\u0119biny, nawet blisko brzegu, ostre podwodne ska\u0142y; wysokie fale i brak ratownika. Niekt\u00f3re baseny podczas przyp\u0142ywu \u0142\u0105cz\u0105 si\u0119 z otwartym oceanem, co powoduje dodatkowe niebezpiecze\u0144stwo.&nbsp;<\/p>\n\n\n\n<p>Foto: Ratusz La Oliva<\/p>\n","protected":false},"excerpt":{"rendered":"<p>FUERTEVENTURA: Rz\u0105d Wysp Kanaryjskich uruchamia testowo pionierski program z wykorzystaniem zaawansowanych dron\u00f3w do ratownictwa morskiego na s\u0142ynnej pla\u017cy Corralejo na p\u00f3\u0142nocy Fuerteventury. Corralejo to jeden z najcz\u0119\u015bciej odwiedzanych wakacyjnych kurort\u00f3w na p\u00f3\u0142nocy Fuerteventury. Jest tu 9 km pi\u0119knych, bia\u0142ych i piaszczystych pla\u017c. To w\u0142a\u015bnie tu ruszy dwunastomiesi\u0119czny projekt pilota\u017cowy, realizowany we wsp\u00f3\u0142pracy z Rad\u0105 Wyspy [&hellip;]<\/p>\n","protected":false},"author":4,"featured_media":10904,"comment_status":"closed","ping_status":"open","sticky":false,"template":"","format":"standard","meta":{"om_disable_all_campaigns":false,"_monsterinsights_skip_tracking":false,"_monsterinsights_sitenote_active":false,"_monsterinsights_sitenote_note":"","_monsterinsights_sitenote_category":0,"footnotes":""},"categories":[12],"tags":[],"class_list":["post-10865","post","type-post","status-publish","format-standard","has-post-thumbnail","hentry","category-aktualnosci"],"aioseo_notices":[],"blog_post_layout_featured_media_urls":{"thumbnail":["https:\/\/nakanarach.pl\/wp-content\/uploads\/2025\/07\/Drony-Ayto-La-Oliva-150x150.png",150,150,true],"full":["https:\/\/nakanarach.pl\/wp-content\/uploads\/2025\/07\/Drony-Ayto-La-Oliva.png",720,480,false]},"categories_names":{"12":{"name":"Aktualno\u015bci","link":"https:\/\/nakanarach.pl\/index.php\/category\/aktualnosci\/"}},"tags_names":[],"comments_number":"0","wpmagazine_modules_lite_featured_media_urls":{"thumbnail":["https:\/\/nakanarach.pl\/wp-content\/uploads\/2025\/07\/Drony-Ayto-La-Oliva-150x150.png",150,150,true],"cvmm-medium":["https:\/\/nakanarach.pl\/wp-content\/uploads\/2025\/07\/Drony-Ayto-La-Oliva-300x300.png",300,300,true],"cvmm-medium-plus":["https:\/\/nakanarach.pl\/wp-content\/uploads\/2025\/07\/Drony-Ayto-La-Oliva-305x207.png",305,207,true],"cvmm-portrait":["https:\/\/nakanarach.pl\/wp-content\/uploads\/2025\/07\/Drony-Ayto-La-Oliva-400x480.png",400,480,true],"cvmm-medium-square":["https:\/\/nakanarach.pl\/wp-content\/uploads\/2025\/07\/Drony-Ayto-La-Oliva-600x480.png",600,480,true],"cvmm-large":["https:\/\/nakanarach.pl\/wp-content\/uploads\/2025\/07\/Drony-Ayto-La-Oliva.png",720,480,false],"cvmm-small":["https:\/\/nakanarach.pl\/wp-content\/uploads\/2025\/07\/Drony-Ayto-La-Oliva-130x95.png",130,95,true],"full":["https:\/\/nakanarach.pl\/wp-content\/uploads\/2025\/07\/Drony-Ayto-La-Oliva.png",720,480,false]},"_links":{"self":[{"href":"https:\/\/nakanarach.pl\/index.php\/wp-json\/wp\/v2\/posts\/10865","targetHints":{"allow":["GET"]}}],"collection":[{"href":"https:\/\/nakanarach.pl\/index.php\/wp-json\/wp\/v2\/posts"}],"about":[{"href":"https:\/\/nakanarach.pl\/index.php\/wp-json\/wp\/v2\/types\/post"}],"author":[{"embeddable":true,"href":"https:\/\/nakanarach.pl\/index.php\/wp-json\/wp\/v2\/users\/4"}],"replies":[{"embeddable":true,"href":"https:\/\/nakanarach.pl\/index.php\/wp-json\/wp\/v2\/comments?post=10865"}],"version-history":[{"count":7,"href":"https:\/\/nakanarach.pl\/index.php\/wp-json\/wp\/v2\/posts\/10865\/revisions"}],"predecessor-version":[{"id":10923,"href":"https:\/\/nakanarach.pl\/index.php\/wp-json\/wp\/v2\/posts\/10865\/revisions\/10923"}],"wp:featuredmedia":[{"embeddable":true,"href":"https:\/\/nakanarach.pl\/index.php\/wp-json\/wp\/v2\/media\/10904"}],"wp:attachment":[{"href":"https:\/\/nakanarach.pl\/index.php\/wp-json\/wp\/v2\/media?parent=10865"}],"wp:term":[{"taxonomy":"category","embeddable":true,"href":"https:\/\/nakanarach.pl\/index.php\/wp-json\/wp\/v2\/categories?post=10865"},{"taxonomy":"post_tag","embeddable":true,"href":"https:\/\/nakanarach.pl\/index.php\/wp-json\/wp\/v2\/tags?post=10865"}],"curies":[{"name":"wp","href":"https:\/\/api.w.org\/{rel}","templated":true}]}}