{"id":10897,"date":"2025-07-28T08:22:56","date_gmt":"2025-07-28T07:22:56","guid":{"rendered":"https:\/\/nakanarach.pl\/?p=10897"},"modified":"2025-07-28T08:23:41","modified_gmt":"2025-07-28T07:23:41","slug":"niebieskie-banany-i-egzotyczne-owoce","status":"publish","type":"post","link":"https:\/\/nakanarach.pl\/index.php\/2025\/07\/28\/niebieskie-banany-i-egzotyczne-owoce\/","title":{"rendered":"NIEBIESKIE BANANY I EGZOTYCZNE OWOCE"},"content":{"rendered":"\n<p><strong>WYSPY KANARYJSKIE: Ten rajski archipelag jest uwa\u017cany za jedyne miejsce w ca\u0142ej Hiszpanii, gdzie uprawiane s\u0105 egzotyczne owoce m.in. mango, papaya, marakuja, kiwi i ananas oraz banany w kilku kolorach. Jest tu te\u017c jedyna w Europie plantacja kawy.  Latem w\u0142a\u015bnie trwa sezon na zbi\u00f3r tych owoc\u00f3w, kt\u00f3re o tej porze roku s\u0105 podobno najsmaczniejsze. <\/strong><\/p>\n\n\n\n<p>Na wyspach le\u017c\u0105cych niespe\u0142na 200 km od Afryki i 1500 km od P\u00f3\u0142wyspu Iberyjskiego panuje subtropikalny klimat. S\u0142oneczna pogoda przez ca\u0142y rok sprawia, \u017ce panuj\u0105 tu doskona\u0142e warunki do uprawy&nbsp;owoc\u00f3w egzotycznych, kt\u00f3re dzi\u0119ki temu uzyskuj\u0105 najlepsz\u0105 jako\u015b\u0107. Na archipelagu s\u0105 olbrzymie plantacje, na kt\u00f3rych rosn\u0105 ma\u0142e i bardziej s\u0142odkie kanaryjskie banany, kt\u00f3re jednak tutaj nazywane s\u0105 jako platany. Ze wzgl\u0119du na mniejszy rozmiar nie spe\u0142niaj\u0105 one eksportowych wymog\u00f3w Unii Europejskiej, dlatego nie powinno si\u0119 ich okre\u015bla\u0107 jako banany, chocia\u017c cz\u0119sto nazwa jest stosowana zamiennie. Na&nbsp;Wyspach Kanaryjskich rozr\u00f3\u017cnia si\u0119 wiele gatunk\u00f3w platan\u00f3w, m.in. Williams, Johnson, Gruesa Palmera, Zenig, Gran Enano. Najwi\u0119cej plantacji znajduje si\u0119 na wyspach bardziej wilgotnych wyspach La Palma i La Gomera, chocia\u017c najwi\u0119kszymi producentami platan\u00f3w eksportowanych na \u015bwiatowy rynek dostarczaj\u0105 producenci z Teneryfy. 90% tych owoc\u00f3w z Wysp Kanaryjskich trafia na eksport poza terytorium archipelagu. <\/p>\n\n\n\n<figure class=\"wp-block-image size-large\"><img fetchpriority=\"high\" decoding=\"async\" width=\"1024\" height=\"576\" src=\"http:\/\/nakanarach.pl\/wp-content\/uploads\/2024\/08\/Plantacja-bananow-GC-1024x576.jpg\" alt=\"\" class=\"wp-image-8498\" srcset=\"https:\/\/nakanarach.pl\/wp-content\/uploads\/2024\/08\/Plantacja-bananow-GC-1024x576.jpg 1024w, https:\/\/nakanarach.pl\/wp-content\/uploads\/2024\/08\/Plantacja-bananow-GC-300x169.jpg 300w, https:\/\/nakanarach.pl\/wp-content\/uploads\/2024\/08\/Plantacja-bananow-GC-768x432.jpg 768w, https:\/\/nakanarach.pl\/wp-content\/uploads\/2024\/08\/Plantacja-bananow-GC-1536x864.jpg 1536w, https:\/\/nakanarach.pl\/wp-content\/uploads\/2024\/08\/Plantacja-bananow-GC-2048x1152.jpg 2048w\" sizes=\"(max-width: 1024px) 100vw, 1024px\" \/><\/figure>\n\n\n\n<p>Na Wyspach Kanaryjskich uprawia si\u0119 wyj\u0105tkowe platany (banany) w kilku kolorach: \u017c\u00f3\u0142tym, niebieskim i czerwonym. Ten ostatni, znany jako Figue Rose, coraz cz\u0119\u015bciej jest produkowany na r\u00f3\u017cnych obszarach archipelagu. T\u0119 odmian\u0119 wprowadzono na rynek w 1982 roku dzi\u0119ki Kanaryjskiemu Intstytutowi Bada\u0144 Rolniczych (Instituto Canario de Investigaciones Agrarias &#8211; ICIA) z Martyniki. Produkcja tego banana rozwija\u0142a si\u0119 dzi\u0119ki Federacji Rolniczych Zwi\u0105zk\u00f3w Tenerife (Fast) i Cultesa. Wyspy Kanaryjskie s\u0105 jedynym regionem Hiszpanii, gdzie uprawia si\u0119 te banany. Ich produkcja wynosi 190 tys. kg rocznie, co zajmuje oko\u0142o 7 hektar\u00f3w upraw. Ten owoc jest chroniony \u015bwiadectwem pochodzenia geograficznego (IGP) i subwencjonowany z funduszy unijnych. Ponad 90% banan\u00f3w z Wysp Kanaryjskich trafia na eksport poza terytorium archipelagu, g\u0142\u00f3wnie do kontynentalnej Hiszpanii.<\/p>\n\n\n\n<p>Z uprawianych tu banan\u00f3w na kanaryjskiej wyspie El Hierro produkuje si\u0119 te\u017c jedyne na \u015bwiecie wino. <\/p>\n\n\n\n<figure class=\"wp-block-image size-large\"><img decoding=\"async\" width=\"576\" height=\"1024\" src=\"http:\/\/nakanarach.pl\/wp-content\/uploads\/2024\/08\/Wino-bananowe2-576x1024.jpg\" alt=\"\" class=\"wp-image-8497\" srcset=\"https:\/\/nakanarach.pl\/wp-content\/uploads\/2024\/08\/Wino-bananowe2-576x1024.jpg 576w, https:\/\/nakanarach.pl\/wp-content\/uploads\/2024\/08\/Wino-bananowe2-169x300.jpg 169w, https:\/\/nakanarach.pl\/wp-content\/uploads\/2024\/08\/Wino-bananowe2-768x1365.jpg 768w, https:\/\/nakanarach.pl\/wp-content\/uploads\/2024\/08\/Wino-bananowe2-864x1536.jpg 864w, https:\/\/nakanarach.pl\/wp-content\/uploads\/2024\/08\/Wino-bananowe2-1152x2048.jpg 1152w, https:\/\/nakanarach.pl\/wp-content\/uploads\/2024\/08\/Wino-bananowe2-scaled.jpg 1440w\" sizes=\"(max-width: 576px) 100vw, 576px\" \/><\/figure>\n\n\n\n<p>Opr\u00f3cz tego\u00a0na Kanarach ro\u015bnie papaja,\u00a0mango,\u00a0marakuja,\u00a0awokado (gmina Mogan na Gran Canarii okre\u015blana jest stolic\u0105 tego owocu),\u00a0kiwi,\u00a0figa, ananas oraz opuncja.\u00a0<\/p>\n\n\n\n<figure class=\"wp-block-embed is-type-video is-provider-youtube wp-block-embed-youtube wp-embed-aspect-16-9 wp-has-aspect-ratio\"><div class=\"wp-block-embed__wrapper\">\n<iframe title=\"K\u0141UJ\u0104CA OPUNCJA NA KANARACH\" width=\"640\" height=\"360\" src=\"https:\/\/www.youtube.com\/embed\/QNXBjK1U4uc?feature=oembed\" frameborder=\"0\" allow=\"accelerometer; autoplay; clipboard-write; encrypted-media; gyroscope; picture-in-picture; web-share\" referrerpolicy=\"strict-origin-when-cross-origin\" allowfullscreen><\/iframe>\n<\/div><\/figure>\n\n\n\n<p>Owoce smakuj\u0105 i pachn\u0105 tu inaczej ni\u017c w Polsce, maj\u0105 nieco inny zapach i smak, gdy\u017c nie musz\u0105 one przeby\u0107 d\u0142ugiego transportu w ch\u0142odniach, zanim trafi\u0105 do sklep\u00f3w. <\/p>\n\n\n\n<figure class=\"wp-block-gallery has-nested-images columns-default is-cropped wp-block-gallery-1 is-layout-flex wp-block-gallery-is-layout-flex\">\n<figure class=\"wp-block-image size-large\"><img decoding=\"async\" width=\"577\" height=\"1024\" data-id=\"10899\" src=\"https:\/\/nakanarach.pl\/wp-content\/uploads\/2025\/07\/Marakuja_11zon-577x1024.jpg\" alt=\"\" class=\"wp-image-10899\" srcset=\"https:\/\/nakanarach.pl\/wp-content\/uploads\/2025\/07\/Marakuja_11zon-577x1024.jpg 577w, https:\/\/nakanarach.pl\/wp-content\/uploads\/2025\/07\/Marakuja_11zon-169x300.jpg 169w, https:\/\/nakanarach.pl\/wp-content\/uploads\/2025\/07\/Marakuja_11zon-768x1364.jpg 768w, https:\/\/nakanarach.pl\/wp-content\/uploads\/2025\/07\/Marakuja_11zon-865x1536.jpg 865w, https:\/\/nakanarach.pl\/wp-content\/uploads\/2025\/07\/Marakuja_11zon-1153x2048.jpg 1153w, https:\/\/nakanarach.pl\/wp-content\/uploads\/2025\/07\/Marakuja_11zon-scaled.jpg 1441w\" sizes=\"(max-width: 577px) 100vw, 577px\" \/><figcaption class=\"wp-element-caption\"><strong>Marakuja<\/strong><\/figcaption><\/figure>\n\n\n\n<figure class=\"wp-block-image size-large\"><img loading=\"lazy\" decoding=\"async\" width=\"1024\" height=\"577\" data-id=\"10898\" src=\"https:\/\/nakanarach.pl\/wp-content\/uploads\/2025\/07\/Opuncja-1024x577.jpg\" alt=\"\" class=\"wp-image-10898\" srcset=\"https:\/\/nakanarach.pl\/wp-content\/uploads\/2025\/07\/Opuncja-1024x577.jpg 1024w, https:\/\/nakanarach.pl\/wp-content\/uploads\/2025\/07\/Opuncja-300x169.jpg 300w, https:\/\/nakanarach.pl\/wp-content\/uploads\/2025\/07\/Opuncja-768x432.jpg 768w, https:\/\/nakanarach.pl\/wp-content\/uploads\/2025\/07\/Opuncja-1536x865.jpg 1536w, https:\/\/nakanarach.pl\/wp-content\/uploads\/2025\/07\/Opuncja-2048x1153.jpg 2048w\" sizes=\"(max-width: 1024px) 100vw, 1024px\" \/><figcaption class=\"wp-element-caption\"><strong>Opuncja<\/strong><\/figcaption><\/figure>\n<\/figure>\n\n\n\n<p>Bardzo popularna w kanaryjskich restauracjach jest sa\u0142atka z awokado\u00a0i\u00a0mango, kt\u00f3re zdoby\u0142y popularno\u015b\u0107 w ca\u0142ej Hiszpanii, a region Axarquia na P\u00f3\u0142wyspie Iberyjskim sta\u0142 si\u0119 znanym miejscem ich upraw.\u00a0<\/p>\n\n\n\n<p>Na p\u00f3\u0142nocy Gran Canarii jest te\u017c jedyna w Europie plantacja kawy. Mo\u017cna tu spotka\u0107 wysokie krzewy, na kt\u00f3rych znajduj\u0105 si\u0119 te owoce. Na Kanarach uprawiane jest te\u017c na ma\u0142\u0105 skal\u0119 kakao. <\/p>\n\n\n\n<figure class=\"wp-block-image size-large\"><img loading=\"lazy\" decoding=\"async\" width=\"1024\" height=\"461\" src=\"http:\/\/nakanarach.pl\/wp-content\/uploads\/2022\/04\/Plantacja-kawy-1024x461.jpg\" alt=\"\" class=\"wp-image-4758\" srcset=\"https:\/\/nakanarach.pl\/wp-content\/uploads\/2022\/04\/Plantacja-kawy-1024x461.jpg 1024w, https:\/\/nakanarach.pl\/wp-content\/uploads\/2022\/04\/Plantacja-kawy-300x135.jpg 300w, https:\/\/nakanarach.pl\/wp-content\/uploads\/2022\/04\/Plantacja-kawy-768x346.jpg 768w, https:\/\/nakanarach.pl\/wp-content\/uploads\/2022\/04\/Plantacja-kawy-1536x691.jpg 1536w, https:\/\/nakanarach.pl\/wp-content\/uploads\/2022\/04\/Plantacja-kawy-2048x922.jpg 2048w\" sizes=\"(max-width: 1024px) 100vw, 1024px\" \/><\/figure>\n\n\n\n<p>Na Kanarach w wielu miejscach rosn\u0105 te\u017c pomidory r\u00f3\u017cnorodnych kszta\u0142t\u00f3w i wielko\u015bci, jednak ich smak zdaniem wielu, jest gorszy ni\u017c np. polskie \u201emalin\u00f3wki\u201d. Popularne s\u0105 te\u017c uprawiane na wyspach&nbsp;bataty oraz&nbsp;s\u0142odkie&nbsp;bulwy pochrzyna&nbsp;(hiszp.&nbsp;\u00f1ame), najcz\u0119\u015bciej gotowane lub pieczone, zazwyczaj podawane w formie puree lub oblane karmelem. Ziemniaki, kt\u00f3rych&nbsp;sporo uprawia si\u0119&nbsp;na Wyspach Kanaryjskich,&nbsp;ze wzgl\u0119du na klimat zbiera si\u0119 tam a\u017c trzy razy w ci\u0105gu roku. Ale s\u0105 one nieco inne w smaku ni\u017c w Polsce. Najwi\u0119kszym regionalnym rarytasem s\u0105 m\u0142ode ziemniaki, kt\u00f3rych nie obiera si\u0119 ze sk\u00f3rki i gotowane w niewielkiej ilo\u015bci mocno zasolonej wody. Nazywane s\u0105<strong>&nbsp;<\/strong>papas arrugadas<strong>&nbsp;<\/strong>(pomarszczone ziemniaczki). Mog\u0105 s\u0142u\u017cy\u0107 jako dodatek do da\u0144 mi\u0119snych lub rybnych. Jednak klasyczn\u0105 form\u0105&nbsp;serwowania papas arrugadas jest podanie ich z zestawem dw\u00f3ch&nbsp;ostrych kanaryjskich sos\u00f3w o nazwie mojo. Nietypow\u0105 odmian\u0105 ziemniaka z archipelagu s\u0105 te\u017c papas negras, czyli apetyczne ziemniaczki&nbsp;o czarnej sk\u00f3rce.<\/p>\n\n\n\n<p>Foto: NaKanarach.pl<\/p>\n","protected":false},"excerpt":{"rendered":"<p>WYSPY KANARYJSKIE: Ten rajski archipelag jest uwa\u017cany za jedyne miejsce w ca\u0142ej Hiszpanii, gdzie uprawiane s\u0105 egzotyczne owoce m.in. mango, papaya, marakuja, kiwi i ananas oraz banany w kilku kolorach. Jest tu te\u017c jedyna w Europie plantacja kawy. Latem w\u0142a\u015bnie trwa sezon na zbi\u00f3r tych owoc\u00f3w, kt\u00f3re o tej porze roku s\u0105 podobno najsmaczniejsze. Na [&hellip;]<\/p>\n","protected":false},"author":4,"featured_media":10901,"comment_status":"closed","ping_status":"open","sticky":false,"template":"","format":"standard","meta":{"om_disable_all_campaigns":false,"_monsterinsights_skip_tracking":false,"_monsterinsights_sitenote_active":false,"_monsterinsights_sitenote_note":"","_monsterinsights_sitenote_category":0,"footnotes":""},"categories":[12],"tags":[],"class_list":["post-10897","post","type-post","status-publish","format-standard","has-post-thumbnail","hentry","category-aktualnosci"],"aioseo_notices":[],"blog_post_layout_featured_media_urls":{"thumbnail":["https:\/\/nakanarach.pl\/wp-content\/uploads\/2025\/07\/Opuncja2_11zon-150x150.jpg",150,150,true],"full":["https:\/\/nakanarach.pl\/wp-content\/uploads\/2025\/07\/Opuncja2_11zon-scaled.jpg",2560,1441,false]},"categories_names":{"12":{"name":"Aktualno\u015bci","link":"https:\/\/nakanarach.pl\/index.php\/category\/aktualnosci\/"}},"tags_names":[],"comments_number":"0","wpmagazine_modules_lite_featured_media_urls":{"thumbnail":["https:\/\/nakanarach.pl\/wp-content\/uploads\/2025\/07\/Opuncja2_11zon-150x150.jpg",150,150,true],"cvmm-medium":["https:\/\/nakanarach.pl\/wp-content\/uploads\/2025\/07\/Opuncja2_11zon-300x300.jpg",300,300,true],"cvmm-medium-plus":["https:\/\/nakanarach.pl\/wp-content\/uploads\/2025\/07\/Opuncja2_11zon-305x207.jpg",305,207,true],"cvmm-portrait":["https:\/\/nakanarach.pl\/wp-content\/uploads\/2025\/07\/Opuncja2_11zon-400x600.jpg",400,600,true],"cvmm-medium-square":["https:\/\/nakanarach.pl\/wp-content\/uploads\/2025\/07\/Opuncja2_11zon-600x600.jpg",600,600,true],"cvmm-large":["https:\/\/nakanarach.pl\/wp-content\/uploads\/2025\/07\/Opuncja2_11zon-1024x1024.jpg",1024,1024,true],"cvmm-small":["https:\/\/nakanarach.pl\/wp-content\/uploads\/2025\/07\/Opuncja2_11zon-130x95.jpg",130,95,true],"full":["https:\/\/nakanarach.pl\/wp-content\/uploads\/2025\/07\/Opuncja2_11zon-scaled.jpg",2560,1441,false]},"_links":{"self":[{"href":"https:\/\/nakanarach.pl\/index.php\/wp-json\/wp\/v2\/posts\/10897","targetHints":{"allow":["GET"]}}],"collection":[{"href":"https:\/\/nakanarach.pl\/index.php\/wp-json\/wp\/v2\/posts"}],"about":[{"href":"https:\/\/nakanarach.pl\/index.php\/wp-json\/wp\/v2\/types\/post"}],"author":[{"embeddable":true,"href":"https:\/\/nakanarach.pl\/index.php\/wp-json\/wp\/v2\/users\/4"}],"replies":[{"embeddable":true,"href":"https:\/\/nakanarach.pl\/index.php\/wp-json\/wp\/v2\/comments?post=10897"}],"version-history":[{"count":5,"href":"https:\/\/nakanarach.pl\/index.php\/wp-json\/wp\/v2\/posts\/10897\/revisions"}],"predecessor-version":[{"id":11077,"href":"https:\/\/nakanarach.pl\/index.php\/wp-json\/wp\/v2\/posts\/10897\/revisions\/11077"}],"wp:featuredmedia":[{"embeddable":true,"href":"https:\/\/nakanarach.pl\/index.php\/wp-json\/wp\/v2\/media\/10901"}],"wp:attachment":[{"href":"https:\/\/nakanarach.pl\/index.php\/wp-json\/wp\/v2\/media?parent=10897"}],"wp:term":[{"taxonomy":"category","embeddable":true,"href":"https:\/\/nakanarach.pl\/index.php\/wp-json\/wp\/v2\/categories?post=10897"},{"taxonomy":"post_tag","embeddable":true,"href":"https:\/\/nakanarach.pl\/index.php\/wp-json\/wp\/v2\/tags?post=10897"}],"curies":[{"name":"wp","href":"https:\/\/api.w.org\/{rel}","templated":true}]}}