{"id":10934,"date":"2025-07-18T04:42:39","date_gmt":"2025-07-18T03:42:39","guid":{"rendered":"http:\/\/nakanarach.pl\/?p=10934"},"modified":"2025-07-18T05:25:57","modified_gmt":"2025-07-18T04:25:57","slug":"spektakularne-uroczystosci-matki-boskiej-snieznej","status":"publish","type":"post","link":"https:\/\/nakanarach.pl\/index.php\/2025\/07\/18\/spektakularne-uroczystosci-matki-boskiej-snieznej\/","title":{"rendered":"SPEKTAKULARNE UROCZYSTO\u015aCI MATKI BOSKIEJ \u015aNIE\u017bNEJ"},"content":{"rendered":"\n<p><strong>LA PALMA: Co mog\u0105 mie\u0107 wsp\u00f3lnego le\u017c\u0105ce blisko Afryki rajskie Wyspy Kanaryjskie, kojarzone z ca\u0142oroczn\u0105, s\u0142oneczn\u0105 pogod\u0105 ze \u015bniegiem i obchodzonymi co 5 lat, w \u015brodku lata uroczysto\u015bciami zwi\u0105zanymi z Zes\u0142aniem Matki Boskiej \u015anie\u017cnej? Ot\u00f3\u017c niekt\u00f3rzy mog\u0105 si\u0119 nieco zdziwi\u0107. W tym roku imprezy potrwaj\u0105 tu ponad miesi\u0105c<\/strong> <strong>i przyci\u0105gaj\u0105 tysi\u0105ce turyst\u00f3w. <\/strong><\/p>\n\n\n\n<p>Nie ka\u017cdy wie, \u017ce niemal co roku w zimie na La Palmie pada \u015bnieg. Jednak tylko w obszarach g\u00f3rskich. W lutym 2023 r. na La Palmie temperatura spad\u0142a rekordowo do -5,2 stopni Celsjusza &#8211; wynika z danych ze stacji meteorologicznej Nordyckiego Teleskopu Optycznego (NOT) z najzimniejszym punktem na wysoko\u015bci 2426 metr\u00f3w. <\/p>\n\n\n\n<p>Tymczasem od 1676 roku na tej urokliwej wyspie La Palma, okre\u015blanej jako &#8222;Isla Bonita&#8221; (t\u0142um. Pi\u0119kna Wyspa) obchodzone jest \u015bwi\u0119to Bajada de La Virgen. Matka Boska z Las Nieves (w t\u0142um. Nieves to \u015bnieg) jest patronk\u0105 wyspy, a wyj\u0105tkowo widowiskowe i przyci\u0105gaj\u0105ce tysi\u0105ce os\u00f3b uroczysto\u015bci odbywaj\u0105 si\u0119 co pi\u0119\u0107 lat, schodz\u0105c z Sanktuarium Kr\u00f3lewskiego do centrum stolicy.\u00a0W 2025 roku obchody religijne i uliczne fiesty trwaj\u0105 od pocz\u0105tku lipca a\u017c do 5 sierpnia.<\/p>\n\n\n\n<p>Na pocz\u0105tku lipca odby\u0142 si\u0119 m.in. popularny i widowiskowy Taniec Masek &#8211; jeden z najbardziej tradycyjnych ta\u0144c\u00f3w La Palmy, w kt\u00f3rym uczestnicy nosz\u0105 kolorowe kostiumy i maski.<\/p>\n\n\n\n<figure class=\"wp-block-gallery has-nested-images columns-default is-cropped wp-block-gallery-1 is-layout-flex wp-block-gallery-is-layout-flex\">\n<figure class=\"wp-block-image size-large\"><img fetchpriority=\"high\" decoding=\"async\" width=\"1024\" height=\"683\" data-id=\"11016\" src=\"https:\/\/nakanarach.pl\/wp-content\/uploads\/2025\/07\/Matka-Boska-Sniezna-Ayto-1-1024x683.jpg\" alt=\"\" class=\"wp-image-11016\" srcset=\"https:\/\/nakanarach.pl\/wp-content\/uploads\/2025\/07\/Matka-Boska-Sniezna-Ayto-1-1024x683.jpg 1024w, https:\/\/nakanarach.pl\/wp-content\/uploads\/2025\/07\/Matka-Boska-Sniezna-Ayto-1-300x200.jpg 300w, https:\/\/nakanarach.pl\/wp-content\/uploads\/2025\/07\/Matka-Boska-Sniezna-Ayto-1-768x512.jpg 768w, https:\/\/nakanarach.pl\/wp-content\/uploads\/2025\/07\/Matka-Boska-Sniezna-Ayto-1-1536x1025.jpg 1536w, https:\/\/nakanarach.pl\/wp-content\/uploads\/2025\/07\/Matka-Boska-Sniezna-Ayto-1.jpg 2048w\" sizes=\"(max-width: 1024px) 100vw, 1024px\" \/><\/figure>\n\n\n\n<figure class=\"wp-block-image size-large\"><img decoding=\"async\" width=\"1024\" height=\"683\" data-id=\"11015\" src=\"https:\/\/nakanarach.pl\/wp-content\/uploads\/2025\/07\/Matka-Boska-Sniezna-La-Palma-2-Ayto-1024x683.jpg\" alt=\"\" class=\"wp-image-11015\" srcset=\"https:\/\/nakanarach.pl\/wp-content\/uploads\/2025\/07\/Matka-Boska-Sniezna-La-Palma-2-Ayto-1024x683.jpg 1024w, https:\/\/nakanarach.pl\/wp-content\/uploads\/2025\/07\/Matka-Boska-Sniezna-La-Palma-2-Ayto-300x200.jpg 300w, https:\/\/nakanarach.pl\/wp-content\/uploads\/2025\/07\/Matka-Boska-Sniezna-La-Palma-2-Ayto-768x512.jpg 768w, https:\/\/nakanarach.pl\/wp-content\/uploads\/2025\/07\/Matka-Boska-Sniezna-La-Palma-2-Ayto-1536x1025.jpg 1536w, https:\/\/nakanarach.pl\/wp-content\/uploads\/2025\/07\/Matka-Boska-Sniezna-La-Palma-2-Ayto.jpg 2048w\" sizes=\"(max-width: 1024px) 100vw, 1024px\" \/><\/figure>\n\n\n\n<figure class=\"wp-block-image size-large\"><img decoding=\"async\" width=\"1024\" height=\"682\" data-id=\"11014\" src=\"https:\/\/nakanarach.pl\/wp-content\/uploads\/2025\/07\/Matka-Boska-Sniezna-La-Palma-3-Ayto-1024x682.jpg\" alt=\"\" class=\"wp-image-11014\" srcset=\"https:\/\/nakanarach.pl\/wp-content\/uploads\/2025\/07\/Matka-Boska-Sniezna-La-Palma-3-Ayto-1024x682.jpg 1024w, https:\/\/nakanarach.pl\/wp-content\/uploads\/2025\/07\/Matka-Boska-Sniezna-La-Palma-3-Ayto-300x200.jpg 300w, https:\/\/nakanarach.pl\/wp-content\/uploads\/2025\/07\/Matka-Boska-Sniezna-La-Palma-3-Ayto-768x512.jpg 768w, https:\/\/nakanarach.pl\/wp-content\/uploads\/2025\/07\/Matka-Boska-Sniezna-La-Palma-3-Ayto-1536x1023.jpg 1536w, https:\/\/nakanarach.pl\/wp-content\/uploads\/2025\/07\/Matka-Boska-Sniezna-La-Palma-3-Ayto.jpg 1600w\" sizes=\"(max-width: 1024px) 100vw, 1024px\" \/><\/figure>\n<\/figure>\n\n\n\n<p><br>Tak\u017ce w ramach uroczysto\u015bci \u0142\u0105cznie\u00a042 akrobat\u00f3w stworzy\u0142o 16 figur,\u00a0\u0142\u0105cz\u0105c \u0107wiczenia akrobatyczne zar\u00f3wno na ziemi, jak i na wysoko\u015bci, zw\u0142aszcza na\u00a0tradycyjnych drewnianych drabinach. Burmistrz Santa Cruz de La Palma i prezes OAL,\u00a0Asier Antona,\u00a0podkre\u015bli\u0142, \u017ce \u201ez ka\u017cdym pi\u0119cioletnim festiwalem spektakl jest odnawiany i w\u0142\u0105czane s\u0105 do niego \u0107wiczenia, kt\u00f3re czyni\u0105 go jeszcze bardziej atrakcyjnym. Nie brakuje pomys\u0142owo\u015bci, gibko\u015bci i si\u0142y zespo\u0142owi m\u0142odych ludzi, kt\u00f3rym uda\u0142o si\u0119 rozszerzy\u0107 katalog gimnastyczny tego tradycyjnego pokazu\u201d.\u00a0 Wykonywany co pi\u0119\u0107 lat Taniec Akrobat\u00f3w to choreograficzna manifestacja z ko\u0144ca XIX wieku.\u00a0Inspirowany jest widowiskiem cyrkowym\u00a0z tamtej epoki i jest unikatowy.<\/p>\n\n\n\n<figure class=\"wp-block-gallery has-nested-images columns-default is-cropped wp-block-gallery-2 is-layout-flex wp-block-gallery-is-layout-flex\">\n<figure class=\"wp-block-image size-full\"><img loading=\"lazy\" decoding=\"async\" width=\"1024\" height=\"683\" data-id=\"10937\" src=\"http:\/\/nakanarach.pl\/wp-content\/uploads\/2025\/07\/La-Palma-Matka-Boska-Sniezna-Akrobaci-Ayto.jpg\" alt=\"\" class=\"wp-image-10937\" srcset=\"https:\/\/nakanarach.pl\/wp-content\/uploads\/2025\/07\/La-Palma-Matka-Boska-Sniezna-Akrobaci-Ayto.jpg 1024w, https:\/\/nakanarach.pl\/wp-content\/uploads\/2025\/07\/La-Palma-Matka-Boska-Sniezna-Akrobaci-Ayto-300x200.jpg 300w, https:\/\/nakanarach.pl\/wp-content\/uploads\/2025\/07\/La-Palma-Matka-Boska-Sniezna-Akrobaci-Ayto-768x512.jpg 768w\" sizes=\"(max-width: 1024px) 100vw, 1024px\" \/><\/figure>\n<\/figure>\n\n\n\n<p>Ale uroczysto\u015bci wkraczaj\u0105 w\u0142a\u015bnie w wa\u017cny moment, z widowiskowymi procesjami ulicami stolicy La Palmy:<\/p>\n\n\n\n<h3 class=\"wp-block-heading\">Sobota, 19 lipca. Taniec Krasnoludk\u00f3w<\/h3>\n\n\n\n<ul class=\"wp-block-list\">\n<li><strong>16.00<\/strong>&nbsp;:&nbsp;<strong>Wyjazd obraz\u00f3w Matki Bo\u017cej \u015anie\u017cnej, \u015aw. Micha\u0142a Archanio\u0142a<\/strong>&nbsp;(Patrona Wyspy) i&nbsp;<strong>\u015awi\u0119tego Krzy\u017ca<\/strong>&nbsp;(Patrona Miasta)&nbsp;<strong>w kierunku ko\u015bcio\u0142a Santo Domingo<\/strong>&nbsp;wed\u0142ug nast\u0119puj\u0105cego planu podr\u00f3\u017cy: Plaza de Espa\u00f1a, c\/ A. P\u00e9rez de Brito, Avenida de El Puente, c\/ P\u00e9rez Volc\u00e1n, c\/ Pedro Poggio, c\/ A. Cabrera Pinto, \u015bwi\u0105tynia \u015bw. Sebastiana, c\/ Francisco Abreu, c\/ Fern\u00e1ndez Ferraz i Plaza de Santo Domingo.<\/li>\n\n\n\n<li><strong>Od godz. 17:00: Taniec Krasnoludk\u00f3w<\/strong><\/li>\n\n\n\n<li><strong>20:00<\/strong>\u00a0:\u00a0<strong>Msza \u015bw. w Santo Domingo<\/strong> oraz wyst\u0119p ch\u00f3ru: Rondalla Renacer de Santa Cruz de La Palma.<\/li>\n\n\n\n<li><strong>22:00: Wiecz\u00f3r Orkiestry<\/strong><\/li>\n<\/ul>\n\n\n\n<h3 class=\"wp-block-heading\">Niedziela, 20 lipca<\/h3>\n\n\n\n<ul class=\"wp-block-list\">\n<li><strong>16.30<\/strong>:\u00a0<strong>Procesja z wizerunkami Matki Boskiej \u015anie\u017cnej, \u015bw. Micha\u0142a Archanio\u0142a i \u015awi\u0119tego Krzy\u017ca w kierunku po\u0142udniowej cz\u0119\u015bci miasta<\/strong>, zgodnie z nast\u0119puj\u0105c\u0105 tras\u0105: Kaplica Chrystusa z Porterii, ulica San Telmo, Cmentarz Miejski, Zak\u0142ad Karny, ulica Matki Boskiej z La Luz, \u015awi\u0105tynia Matki Boskiej z La Luz, ulica Matki Boskiej z La Luz, ulica \u015bw. Sebastiana, ulica Van de Walle, ulica Perez Volcan, aleja El Puente, ulica A. Perez de Brito i Plac Hiszpa\u0144ski.<\/li>\n\n\n\n<li><strong>20:00<\/strong>:\u00a0<strong>Ofiarowanie Eucharystii w parafiach El Santuario. <\/strong>Nabo\u017ce\u0144stwu przewodniczy Jos\u00e9 Fernando Lorenzo Mat\u00edas, proboszcz Sanktuarium na Wyspie Kr\u00f3lewskiej i proboszcz parafii Matki Boskiej \u015anie\u017cnej, Matki Boskiej z Candelarii (Mirca) i \u015bw. Wincentego (Velhoco). Ch\u00f3r: Ch\u00f3r Parafii Matki Boskiej z Candelarii w Mirca.<\/li>\n<\/ul>\n\n\n\n<h3 class=\"wp-block-heading\">Poniedzia\u0142ek, 4 sierpnia<\/h3>\n\n\n\n<ul class=\"wp-block-list\">\n<li><strong>18:00:<\/strong>\u00a0<strong>Eucharystia <\/strong>\u2013 ofiara Rady Miejskiej Santa Cruz de la Palma. <\/li>\n\n\n\n<li><strong>19:00 Procesja <\/strong>ulicami Santa Cruz de La Palma.<\/li>\n<\/ul>\n\n\n\n<p>Tego dnia \u015bwi\u0105tynia b\u0119dzie otwarta przez ca\u0142\u0105 noc. Nast\u0119pnego dnia, czyli 5 sierpnia nast\u0105pi ponowne wprowadzenie figury Matki Boskiej \u015anie\u017cnej do sanktuarium na La Palmie.<\/p>\n\n\n\n<figure class=\"wp-block-image size-large\"><img loading=\"lazy\" decoding=\"async\" width=\"1024\" height=\"683\" src=\"https:\/\/nakanarach.pl\/wp-content\/uploads\/2025\/07\/Matka-Boska-Sniezna-Procesja-Ayto-1024x683.jpg\" alt=\"\" class=\"wp-image-11017\" srcset=\"https:\/\/nakanarach.pl\/wp-content\/uploads\/2025\/07\/Matka-Boska-Sniezna-Procesja-Ayto-1024x683.jpg 1024w, https:\/\/nakanarach.pl\/wp-content\/uploads\/2025\/07\/Matka-Boska-Sniezna-Procesja-Ayto-300x200.jpg 300w, https:\/\/nakanarach.pl\/wp-content\/uploads\/2025\/07\/Matka-Boska-Sniezna-Procesja-Ayto-768x513.jpg 768w, https:\/\/nakanarach.pl\/wp-content\/uploads\/2025\/07\/Matka-Boska-Sniezna-Procesja-Ayto.jpg 1368w\" sizes=\"(max-width: 1024px) 100vw, 1024px\" \/><\/figure>\n\n\n\n<p>\u015awi\u0119to Matki Bo\u017cej \u015anie\u017cnej obchodzone jest\u00a0zwyczajowo 5 sierpnia, nie tylko na Wyspach Kanaryjskich.\u00a0Upami\u0119tnia ono konsekracj\u0119 rzymskiej bazyliki Santa Maria Maggiore, znanej r\u00f3wnie\u017c jako Bazylika Matki Bo\u017cej \u015anie\u017cnej.\u00a0Wed\u0142ug tradycji, bazylika ta zosta\u0142a zbudowana w miejscu, gdzie w nocy z 4 na 5 sierpnia 352 roku, w \u015brodku upalnego lata, spad\u0142 \u015bnieg na rzymskim wzg\u00f3rzu Eskwilin. Budowa \u015bwi\u0105tyni mia\u0142a by\u0107 odpowiedzi\u0105 na pro\u015bb\u0119 Maryi, kt\u00f3ra objawi\u0142a si\u0119 we \u015bnie papie\u017cowi Liberiuszowi i rzymianinowi Janowi, prosz\u0105c o wybudowanie ko\u015bcio\u0142a w miejscu, gdzie spadnie \u015bnieg w najgor\u0119tszych miesi\u0105cach w roku.\u00a0<\/p>\n\n\n\n<p>Poza miejscami kultu, Matka Bo\u017ca \u015anie\u017cna jest tak\u017ce w Polsce czczona jako patronka matek oraz or\u0119downiczka w trudnych sytuacjach.\u00a0Jej wizerunek symbolizuje czysto\u015b\u0107 i niewinno\u015b\u0107, co czyni j\u0105 wzorem do na\u015bladowania dla wiernych.\u00a0<\/p>\n\n\n\n<p>Foto: Facebook\/Ayuntamiento de Santa Cruz de La Palma\u00a0<\/p>\n","protected":false},"excerpt":{"rendered":"<p>LA PALMA: Co mog\u0105 mie\u0107 wsp\u00f3lnego le\u017c\u0105ce blisko Afryki rajskie Wyspy Kanaryjskie, kojarzone z ca\u0142oroczn\u0105, s\u0142oneczn\u0105 pogod\u0105 ze \u015bniegiem i obchodzonymi co 5 lat, w \u015brodku lata uroczysto\u015bciami zwi\u0105zanymi z Zes\u0142aniem Matki Boskiej \u015anie\u017cnej? Ot\u00f3\u017c niekt\u00f3rzy mog\u0105 si\u0119 nieco zdziwi\u0107. W tym roku imprezy potrwaj\u0105 tu ponad miesi\u0105c i przyci\u0105gaj\u0105 tysi\u0105ce turyst\u00f3w. Nie ka\u017cdy wie, [&hellip;]<\/p>\n","protected":false},"author":4,"featured_media":10939,"comment_status":"closed","ping_status":"open","sticky":false,"template":"","format":"standard","meta":{"om_disable_all_campaigns":false,"_monsterinsights_skip_tracking":false,"_monsterinsights_sitenote_active":false,"_monsterinsights_sitenote_note":"","_monsterinsights_sitenote_category":0,"footnotes":""},"categories":[12],"tags":[],"class_list":["post-10934","post","type-post","status-publish","format-standard","has-post-thumbnail","hentry","category-aktualnosci"],"aioseo_notices":[],"blog_post_layout_featured_media_urls":{"thumbnail":["https:\/\/nakanarach.pl\/wp-content\/uploads\/2025\/07\/Matka-Boska-Sniezna-Plakat-150x150.jpg",150,150,true],"full":["https:\/\/nakanarach.pl\/wp-content\/uploads\/2025\/07\/Matka-Boska-Sniezna-Plakat.jpg",832,1024,false]},"categories_names":{"12":{"name":"Aktualno\u015bci","link":"https:\/\/nakanarach.pl\/index.php\/category\/aktualnosci\/"}},"tags_names":[],"comments_number":"0","wpmagazine_modules_lite_featured_media_urls":{"thumbnail":["https:\/\/nakanarach.pl\/wp-content\/uploads\/2025\/07\/Matka-Boska-Sniezna-Plakat-150x150.jpg",150,150,true],"cvmm-medium":["https:\/\/nakanarach.pl\/wp-content\/uploads\/2025\/07\/Matka-Boska-Sniezna-Plakat-300x300.jpg",300,300,true],"cvmm-medium-plus":["https:\/\/nakanarach.pl\/wp-content\/uploads\/2025\/07\/Matka-Boska-Sniezna-Plakat-305x207.jpg",305,207,true],"cvmm-portrait":["https:\/\/nakanarach.pl\/wp-content\/uploads\/2025\/07\/Matka-Boska-Sniezna-Plakat-400x600.jpg",400,600,true],"cvmm-medium-square":["https:\/\/nakanarach.pl\/wp-content\/uploads\/2025\/07\/Matka-Boska-Sniezna-Plakat-600x600.jpg",600,600,true],"cvmm-large":["https:\/\/nakanarach.pl\/wp-content\/uploads\/2025\/07\/Matka-Boska-Sniezna-Plakat.jpg",832,1024,false],"cvmm-small":["https:\/\/nakanarach.pl\/wp-content\/uploads\/2025\/07\/Matka-Boska-Sniezna-Plakat-130x95.jpg",130,95,true],"full":["https:\/\/nakanarach.pl\/wp-content\/uploads\/2025\/07\/Matka-Boska-Sniezna-Plakat.jpg",832,1024,false]},"_links":{"self":[{"href":"https:\/\/nakanarach.pl\/index.php\/wp-json\/wp\/v2\/posts\/10934","targetHints":{"allow":["GET"]}}],"collection":[{"href":"https:\/\/nakanarach.pl\/index.php\/wp-json\/wp\/v2\/posts"}],"about":[{"href":"https:\/\/nakanarach.pl\/index.php\/wp-json\/wp\/v2\/types\/post"}],"author":[{"embeddable":true,"href":"https:\/\/nakanarach.pl\/index.php\/wp-json\/wp\/v2\/users\/4"}],"replies":[{"embeddable":true,"href":"https:\/\/nakanarach.pl\/index.php\/wp-json\/wp\/v2\/comments?post=10934"}],"version-history":[{"count":3,"href":"https:\/\/nakanarach.pl\/index.php\/wp-json\/wp\/v2\/posts\/10934\/revisions"}],"predecessor-version":[{"id":11018,"href":"https:\/\/nakanarach.pl\/index.php\/wp-json\/wp\/v2\/posts\/10934\/revisions\/11018"}],"wp:featuredmedia":[{"embeddable":true,"href":"https:\/\/nakanarach.pl\/index.php\/wp-json\/wp\/v2\/media\/10939"}],"wp:attachment":[{"href":"https:\/\/nakanarach.pl\/index.php\/wp-json\/wp\/v2\/media?parent=10934"}],"wp:term":[{"taxonomy":"category","embeddable":true,"href":"https:\/\/nakanarach.pl\/index.php\/wp-json\/wp\/v2\/categories?post=10934"},{"taxonomy":"post_tag","embeddable":true,"href":"https:\/\/nakanarach.pl\/index.php\/wp-json\/wp\/v2\/tags?post=10934"}],"curies":[{"name":"wp","href":"https:\/\/api.w.org\/{rel}","templated":true}]}}