{"id":10972,"date":"2025-07-14T08:54:25","date_gmt":"2025-07-14T07:54:25","guid":{"rendered":"https:\/\/nakanarach.pl\/?p=10972"},"modified":"2025-07-14T09:09:07","modified_gmt":"2025-07-14T08:09:07","slug":"prawo-knebla-i-zakaz-fotografowania-funkcjonariuszy","status":"publish","type":"post","link":"https:\/\/nakanarach.pl\/index.php\/2025\/07\/14\/prawo-knebla-i-zakaz-fotografowania-funkcjonariuszy\/","title":{"rendered":"&#8222;PRAWO KNEBLA&#8221; I ZAKAZ FILMOWANIA FUNKCJONARIUSZY"},"content":{"rendered":"\n<p><strong>HISZPANIA\/GRAN CANARIA: Je\u015bli kto\u015b wyje\u017cd\u017ca na wakacje w Hiszpanii, to lepiej powinien trzyma\u0107 z daleka telefon od funkcjonariuszy r\u00f3\u017cnych s\u0142u\u017cb. W tym kraju &#8211; pomimo tegorocznych masowych protest\u00f3w mieszka\u0144c\u00f3w &#8211; wci\u0105\u017c obowi\u0105zuje tzw. prawo knebla, kt\u00f3re m.in. zakazuje filmowania lub fotografowania policjant\u00f3w podczas interwencji. Tury\u015bci powinni si\u0119 dobrze zastanowi\u0107, zanim wyci\u0105gn\u0105 telefon i w\u0142\u0105cz\u0105 aparat, bo mo\u017ce to przysporzy\u0107 im du\u017cych k\u0142opot\u00f3w, w\u0142\u0105cznie z zatrzymaniem w areszcie oraz gro\u017c\u0105 za to bardzo wysokie kary finansowe. <\/strong><\/p>\n\n\n\n<p>To by\u0142a weekendowa noc, w pobli\u017cu centrum rozrywkowego w turystycznym kurorcie w Playa del Ingles na po\u0142udniu Gran Canarii. Wsr\u00f3d kilku os\u00f3b wybuch\u0142a awantura, kobiety szarpa\u0142y si\u0119 z jednym z m\u0119\u017cczyzn. Jedna z nich prawdopodobnie zosta\u0142a uderzona i po utracie si\u0142 usiad\u0142a na ziemi. Na miejscu szybko pojawi\u0142 si\u0119 patrol policji, kt\u00f3ry powali\u0142 na ziemi\u0119 i zatrzyma\u0142 podejrzanego m\u0119\u017cczyzn\u0119, kt\u00f3ry probowa\u0142 uciec do pobliskiego domu. W sumie by\u0142o to zdarzenie, jakich w ostatnim czasie jest coraz wi\u0119cej w miejscowo\u015bciach turystycznych na Kanarach.<\/p>\n\n\n\n<ul class=\"wp-block-list\">\n<li>Widz\u0105c, co si\u0119 dzieje jako jedyny chwyci\u0142em za telefon, aby nagra\u0107 to zdarzenie. Sta\u0142em po drugiej stronie ulicy i obserwowa\u0142em to z daleka. Nie zd\u0105\u017cy\u0142em w\u0142\u0105czy\u0107 aparatu, a ju\u017c us\u0142ysza\u0142em stanowcz\u0105 reakcj\u0119 policjanta w moim kierunku: &#8222;Ej, nie mo\u017cna nagrywa\u0107, odejd\u017a st\u0105d!&#8221; &#8211; opowiada Wojciech Sikorski, redaktor naczelny polonijnej gazety i portalu &#8222;NaKanarach.pl. &#8211; Tak te\u017c zrobi\u0142em, ale zacz\u0105\u0142em si\u0119 zastanawia\u0107, o co chodzi. Przecie\u017c w Polsce prawie wszyscy nagrywaj\u0105 policjant\u00f3w podczas interwencji i czasem wrzucaj\u0105 to do internetu &#8211; dodaje. <\/li>\n<\/ul>\n\n\n\n<p>Okazuje si\u0119, \u017ce Hiszpanii od 2015 lat obowi\u0105zuj\u0105 surowe przepisy, kt\u00f3re zabraniaj\u0105 filmowania interwencji policyjnych i wrzucania tego do internetu. Drako\u0144skie prawo w tym kraju wprowadzono po tym, jak telewizja i Internet zosta\u0142y zalane negatywnymi zdj\u0119ciami star\u0107 policji z protestuj\u0105cymi Hiszpanami. Z powodu ekonomicznego i finansowego kryzysu, olbrzymiego bezrobocia, ci\u0119\u0107 bud\u017cetowych i braku przejrzysto\u015bci w podejmowaniu decyzji przez w\u0142adze w 2012 roku w ca\u0142ej Hiszpanii odby\u0142o si\u0119 prawie 15 tys. demonstracji, oko\u0142o 40 dziennie. W 2013 roku by\u0142o 4500 manaifestacji w samym tylko Madrycie. \u00d3wczesna wicepremier Soraya Saenz de Santamaria o\u015bwiadczy\u0142a, \u017ce dosz\u0142o do naruszenia r\u00f3wnowagi \u201emi\u0119dzy prawem obywateli do protestu, a utrzymaniem sp\u00f3jno\u015bci pa\u0144stwowych si\u0142 bezpiecze\u0144stwa\u201d. <\/p>\n\n\n\n<p>Zgodnie z aktualnym hiszpa\u0144skim prawem, je\u015bli nagrywanie lub fotografowanie funkcjonariuszy zagra\u017ca ich bezpiecze\u0144stwu, bezpiecze\u0144stwu ich rodzin, chronionym obiektom lub przeszkadza w wykonywaniu operacji, mo\u017ce to stanowi\u0107 &#8222;powa\u017cne wykroczenie&#8221;. W\u00f3wczas kara mo\u017ce wynie\u015b\u0107 od 600 euro (ponad 2500 z\u0142) a\u017c do 30 tys. euro, czyli oko\u0142o 127 tys. z\u0142otych. <\/p>\n\n\n\n<p>Hiszpa\u0144ska policja informuje, \u017ce nagrywanie pracy funkcjonariuszy nie jest wykroczeniem, je\u015bli dokonuje si\u0119 go z poszanowaniem prawa i\u00a0nie rozpowszechnia nagranego materia\u0142u. W \u017cadnym wypadku nie mo\u017cemy przetwarza\u0107 danych osobowych funkcjonariuszy, kt\u00f3re mog\u0105 stanowi\u0107 zagro\u017cenie dla nich lub bie\u017c\u0105cych operacji policyjnych.<\/p>\n\n\n\n<p>Gdy wizerunek policjanta zostanie rozpowszechniony, funkcjonariusze maj\u0105 prawo do zidentyfikowania osoby, kt\u00f3ra to robi.\u00a0Mo\u017ce to by\u0107 potrzebne, je\u015bli p\u00f3\u017aniej b\u0119dzie konieczne podj\u0119cie \u015brodk\u00f3w administracyjnych lub karnych w zwi\u0105zku z nielegalnym wykorzystaniem tych nagra\u0144.<\/p>\n\n\n\n<p>W hiszpa\u0144skim prawie zapisano r\u00f3wnie\u017c, \u017ce obowi\u0105zkowo nale\u017cy wsp\u00f3\u0142pracowa\u0107 z policj\u0105 i stosowa\u0107 si\u0119 do ich polece\u0144 podczas filmowania.\u00a0Nie mo\u017cna przeszkadza\u0107 im w wykonywaniu obowi\u0105zk\u00f3w.<\/p>\n\n\n\n<p>W Hiszpanii policjanci cz\u0119sto nosz\u0105 kamery na mundurach, co pozwala na obserwowanie ich pracy z perspektywy funkcjonariuszy, a tak\u017ce dzi\u0119ki temu szybk\u0105 identyfikacj\u0119 os\u00f3b postronnych.\u00a0W przypadku aresztowania, policja ma prawo zatrzyma\u0107 osob\u0119 na 72 godziny (w Polsce 48 godzin) zanim postawi j\u0105 przed s\u0105dem.\u00a0<\/p>\n\n\n\n<p>Tymczasem organizacje broni\u0105ce m.in. praw cz\u0142owieka np. Amnesty International, Defender A Quien Defiende, Greenpeace, Ir\u00eddia, Legal Sol, No Somos Delito, Novact, CGT, Rights International Spain i Red Acoge\u00a0wzywaj\u0105, aby reforma ustawy o bezpiecze\u0144stwie obywateli, znana jako &#8222;ustawa knebla&#8221; zosta\u0142a zniesiona. W obecnych przepisach jest wiele zapis\u00f3w, kt\u00f3re mog\u0105 narusza\u0107 prawa cz\u0142owieka. <\/p>\n\n\n\n<ul class=\"wp-block-list\">\n<li>W\u0142adze musz\u0105 zagwarantowa\u0107 prawo do protestu bez obawy przed represjami lub kryminalizacj\u0105. To nie jest kwestia partyjna, ale obowi\u0105zek w zakresie praw cz\u0142owieka\u201d \u2013 o\u015bwiadczy\u0142y organizacje.<\/li>\n<\/ul>\n\n\n\n<p>Wiosn\u0105 2025 r. w Madrycie odby\u0142 si\u0119 masowy protest przeciwko ustawie o zakazie wypowiadania si\u0119 i dyskryminuj\u0105cym kontrolom policyjnym. Demonstranci domagali si\u0119 m.in. uchylenia artyku\u0142u 36.23\u00a0, kt\u00f3ry penalizuje wykorzystywanie wizerunku funkcjonariuszy podczas interwencji policyjnych, ograniczaj\u0105c w ten spos\u00f3b dokumentowanie nadu\u017cy\u0107 i wolno\u015b\u0107 informacji dla dziennikarzy i obywateli. Stan\u0119li oni tak\u017ce, w obronie wolno\u015bci s\u0142owa.\u00a0Dlatego domagaj\u0105 si\u0119, aby zniewagi lub obelgi skierowane do cz\u0142onk\u00f3w Si\u0142 Bezpiecze\u0144stwa Pa\u0144stwa by\u0142y uznawane za drobne wykroczenia, a w przypadkach, gdy osoba je wypowiadaj\u0105ca przeprosi, wykroczenie zostanie odrzucone.\u00a0Chc\u0105 te\u017c wprowadzenia prawa do wolno\u015bci zgromadze\u0144 i demonstracji przed budynkami parlament\u00f3w.\u00a0Projekt nowelizacji ustawy zak\u0142ada zniesienie kar za demonstracje przed Kongresem, Senatem lub zgromadzeniami wsp\u00f3lnot autonomicznych, kt\u00f3re s\u0105 klasyfikowane jako powa\u017cne przest\u0119pstwa.\u00a0<\/p>\n\n\n\n<p>Przez lata rz\u0105d i r\u00f3\u017cne grupy parlamentarne wielokrotnie obiecywa\u0142y uchylenie ustawy lub jej kompleksow\u0105 reform\u0119, ale jak na razie drako\u0144skie prawo nadal obowi\u0105zuje w Hiszpanii. <\/p>\n\n\n\n<p>Tymczasem w Polsce zgodnie z\u00a0obowi\u0105zuj\u0105cymi przepisami\u00a0nagrywanie lub fotografowanie funkcjonariuszy policji\u00a0jest dzia\u0142aniem legalnym. Problem zaczyna si\u0119, gdy udost\u0119pnimy zrobione policjantom nagranie lub zdj\u0119cie. Przekona\u0142 si\u0119 o\u00a0tym m\u0119\u017cczyzna, kt\u00f3ry<strong>\u00a0<\/strong>relacjonowa\u0142 na \u017cywo w\u00a0mediach spo\u0142eczno\u015bciowych interwencj\u0119 opolskiego patrolu.\u00a0<\/p>\n\n\n\n<p>W wyroku z\u00a023 kwietnia 2024 roku wydanym przez S\u0105d Okr\u0119gowy w\u00a0Opolu orzeczono, \u017ce publicznienie nagrania z\u00a0policjantem w\u00a0tym konkretnym przypadku by\u0142o z\u0142amaniem prawa. <\/p>\n\n\n\n<p>S\u0105d orzek\u0142, \u017ce m\u0119\u017cczyzna ma przeprosi\u0107 funkcjonariusza i zwr\u00f3ci\u0107 koszty s\u0105dowe w wysoko\u015bci 2 tys. z\u0142. S\u0105d uzna\u0142, \u017ce ka\u017cdy co prawda mo\u017ce nagra\u0107 interwencj\u0119 policji, ale tylko na w\u0142asny u\u017cytek. Nie wolno w mediach spo\u0142eczno\u015bciowych w internecie udost\u0119pnia\u0107 wizerunku policjant\u00f3w lub innych funkcjonariuszy i urz\u0119dnik\u00f3w, bez ich wyra\u017anej zgody.<\/p>\n\n\n\n<p>Przepisy pozwalaj\u0105 na rejestrowanie interwencji na u\u017cytek w\u0142asny, gdy uwa\u017camy, \u017ce policjanci zachowuj\u0105 si\u0119 niew\u0142a\u015bciwie w ramach tzw. kontroli obywatelskiej. Takie nagranie mo\u017ce potem pos\u0142u\u017cy\u0107 za dow\u00f3d podczas sk\u0142adania na nich skargi.<\/p>\n\n\n\n<p>Zabronione jest natomiast upublicznianie takich nagra\u0144, gdy daje si\u0119 na nim rozpozna\u0107 funkcjonariusza (po wygl\u0105dzie lub g\u0142osie), wideo takie nie mo\u017ce trafi\u0107 do sieci. Policjanta, nawet podczas interwencji, chroni\u0105 tak\u017ce przepisy ustawy o ochronie danych osobowych RODO.<\/p>\n\n\n\n<p>Foto: Zdj\u0119cie ilustracyjne Archiwum Policia Nacional<\/p>\n","protected":false},"excerpt":{"rendered":"<p>HISZPANIA\/GRAN CANARIA: Je\u015bli kto\u015b wyje\u017cd\u017ca na wakacje w Hiszpanii, to lepiej powinien trzyma\u0107 z daleka telefon od funkcjonariuszy r\u00f3\u017cnych s\u0142u\u017cb. W tym kraju &#8211; pomimo tegorocznych masowych protest\u00f3w mieszka\u0144c\u00f3w &#8211; wci\u0105\u017c obowi\u0105zuje tzw. prawo knebla, kt\u00f3re m.in. zakazuje filmowania lub fotografowania policjant\u00f3w podczas interwencji. Tury\u015bci powinni si\u0119 dobrze zastanowi\u0107, zanim wyci\u0105gn\u0105 telefon i w\u0142\u0105cz\u0105 aparat, [&hellip;]<\/p>\n","protected":false},"author":4,"featured_media":2185,"comment_status":"closed","ping_status":"open","sticky":false,"template":"","format":"standard","meta":{"om_disable_all_campaigns":false,"_monsterinsights_skip_tracking":false,"_monsterinsights_sitenote_active":false,"_monsterinsights_sitenote_note":"","_monsterinsights_sitenote_category":0,"footnotes":""},"categories":[12,78],"tags":[],"class_list":["post-10972","post","type-post","status-publish","format-standard","has-post-thumbnail","hentry","category-aktualnosci","category-interwencje"],"aioseo_notices":[],"blog_post_layout_featured_media_urls":{"thumbnail":["https:\/\/nakanarach.pl\/wp-content\/uploads\/2021\/07\/Policia-Nacional-Noc-Teneryfa-150x150.jpg",150,150,true],"full":["https:\/\/nakanarach.pl\/wp-content\/uploads\/2021\/07\/Policia-Nacional-Noc-Teneryfa.jpg",1200,900,false]},"categories_names":{"12":{"name":"Aktualno\u015bci","link":"https:\/\/nakanarach.pl\/index.php\/category\/aktualnosci\/"},"78":{"name":"Interwencje","link":"https:\/\/nakanarach.pl\/index.php\/category\/interwencje\/"}},"tags_names":[],"comments_number":"0","wpmagazine_modules_lite_featured_media_urls":{"thumbnail":["https:\/\/nakanarach.pl\/wp-content\/uploads\/2021\/07\/Policia-Nacional-Noc-Teneryfa-150x150.jpg",150,150,true],"cvmm-medium":["https:\/\/nakanarach.pl\/wp-content\/uploads\/2021\/07\/Policia-Nacional-Noc-Teneryfa-300x300.jpg",300,300,true],"cvmm-medium-plus":["https:\/\/nakanarach.pl\/wp-content\/uploads\/2021\/07\/Policia-Nacional-Noc-Teneryfa-305x207.jpg",305,207,true],"cvmm-portrait":["https:\/\/nakanarach.pl\/wp-content\/uploads\/2021\/07\/Policia-Nacional-Noc-Teneryfa-400x600.jpg",400,600,true],"cvmm-medium-square":["https:\/\/nakanarach.pl\/wp-content\/uploads\/2021\/07\/Policia-Nacional-Noc-Teneryfa-600x600.jpg",600,600,true],"cvmm-large":["https:\/\/nakanarach.pl\/wp-content\/uploads\/2021\/07\/Policia-Nacional-Noc-Teneryfa-1024x900.jpg",1024,900,true],"cvmm-small":["https:\/\/nakanarach.pl\/wp-content\/uploads\/2021\/07\/Policia-Nacional-Noc-Teneryfa-130x95.jpg",130,95,true],"full":["https:\/\/nakanarach.pl\/wp-content\/uploads\/2021\/07\/Policia-Nacional-Noc-Teneryfa.jpg",1200,900,false]},"_links":{"self":[{"href":"https:\/\/nakanarach.pl\/index.php\/wp-json\/wp\/v2\/posts\/10972","targetHints":{"allow":["GET"]}}],"collection":[{"href":"https:\/\/nakanarach.pl\/index.php\/wp-json\/wp\/v2\/posts"}],"about":[{"href":"https:\/\/nakanarach.pl\/index.php\/wp-json\/wp\/v2\/types\/post"}],"author":[{"embeddable":true,"href":"https:\/\/nakanarach.pl\/index.php\/wp-json\/wp\/v2\/users\/4"}],"replies":[{"embeddable":true,"href":"https:\/\/nakanarach.pl\/index.php\/wp-json\/wp\/v2\/comments?post=10972"}],"version-history":[{"count":3,"href":"https:\/\/nakanarach.pl\/index.php\/wp-json\/wp\/v2\/posts\/10972\/revisions"}],"predecessor-version":[{"id":10979,"href":"https:\/\/nakanarach.pl\/index.php\/wp-json\/wp\/v2\/posts\/10972\/revisions\/10979"}],"wp:featuredmedia":[{"embeddable":true,"href":"https:\/\/nakanarach.pl\/index.php\/wp-json\/wp\/v2\/media\/2185"}],"wp:attachment":[{"href":"https:\/\/nakanarach.pl\/index.php\/wp-json\/wp\/v2\/media?parent=10972"}],"wp:term":[{"taxonomy":"category","embeddable":true,"href":"https:\/\/nakanarach.pl\/index.php\/wp-json\/wp\/v2\/categories?post=10972"},{"taxonomy":"post_tag","embeddable":true,"href":"https:\/\/nakanarach.pl\/index.php\/wp-json\/wp\/v2\/tags?post=10972"}],"curies":[{"name":"wp","href":"https:\/\/api.w.org\/{rel}","templated":true}]}}