{"id":11092,"date":"2025-08-01T08:30:51","date_gmt":"2025-08-01T07:30:51","guid":{"rendered":"https:\/\/nakanarach.pl\/?p=11092"},"modified":"2025-08-01T08:47:53","modified_gmt":"2025-08-01T07:47:53","slug":"poszli-na-ryby-a-zlowili-rekina-video","status":"publish","type":"post","link":"https:\/\/nakanarach.pl\/index.php\/2025\/08\/01\/poszli-na-ryby-a-zlowili-rekina-video\/","title":{"rendered":"POSZLI NA RYBY, A Z\u0141OWILI REKINA (VIDEO)"},"content":{"rendered":"\n<p><strong>LANZAROTE: Dw\u00f3ch m\u0142odych m\u0119\u017cczyzn, kt\u00f3rzy \u0142owili ryby u wybrze\u017cy tej popularnej kanaryjskiej wyspy prze\u017cy\u0142o pod koniec lipca szok, gdy z\u0142owili m\u0142odego rekina m\u0142ota, kt\u00f3ry po\u0142kn\u0105\u0142 ich przyn\u0119t\u0119.<\/strong> <strong>Jednak spotkanie, a tym bardziej z\u0142owienie rekina u wybrze\u017cy Wysp Kanaryjskich zdarza si\u0119 niezwykle rzadko. <\/strong><\/p>\n\n\n\n<p>Archipelag zamieszkuje ponad 150 jadalnych gatunk\u00f3w ryb i owoc\u00f3w morza. Sprzyjaj\u0105 temu wody Oceanu Atlantyckiego o umiarkowanych temperaturach. Poniewa\u017c Kanary s\u0105 wyspami wulkanicznymi  to w niewielkiej odleg\u0142o\u015bci od brzegu mo\u017cna z\u0142owi\u0107 tu zar\u00f3wno gatunki przybrze\u017cne, jak i g\u0142\u0119binowe. Ju\u017c pierwszym mieszka\u0144com archipelagu do po\u0142owu wystarcza\u0142 zaledwie kosz, z kt\u00f3rym udawali si\u0119 do pobliskich sadzawek albo zatoczek. Nast\u0119pnie po\u0142awiacze wykorzystywali technik\u0119\u00a0&#8222;embarbascar&#8221;\u00a0&#8211; wlewali do wody soki z endemicznych gatunk\u00f3w kanaryjskich (takich jak kaktus\u00a0<em>card\u00f3n\u00a0<\/em>albo\u00a0<em>Euphorbia atropurpurea<\/em>), by \u201eu\u015bpi\u0107\u201d ryby i w ten spos\u00f3b \u0142atwiej je z\u0142owi\u0107. Na Gran Canarii popularne s\u0105 po\u0142owy tu\u0144czyka b\u0142\u0119kitnop\u0142etwego oraz ryby papugowej (vieja).\u00a0Na Teneryfie mo\u017cna \u0142atwo z\u0142owi\u0107 marliny, tu\u0144czyki, barakudy i mureny.\u00a0Wok\u00f3\u0142 Lanzarote spotykane s\u0105 najcz\u0119\u015bciej tu\u0144czyki, ostroboki, barakudy i merliny.\u00a0Ponadto w wodach oceanu s\u0105 te\u017c krewetki, m\u0105twy, o\u015bmiornice, pi\u0142ogony oraz sardynki. <\/p>\n\n\n\n<p>Na nagranym filmie w pobli\u017cu miejscowo\u015bci Arrieta na Lanzarote wida\u0107, jak w\u0119dkarze ostro\u017cnie trzymaj\u0105 z\u0142owionego, ma\u0142ego rekina, a nast\u0119pnie wypuszczaj\u0105 go z powrotem do wody.<\/p>\n\n\n\n<figure class=\"wp-block-embed is-type-video is-provider-youtube wp-block-embed-youtube wp-embed-aspect-16-9 wp-has-aspect-ratio\"><div class=\"wp-block-embed__wrapper\">\n<iframe title=\"Tibur\u00f3n martillo en Arrieta\" width=\"640\" height=\"360\" src=\"https:\/\/www.youtube.com\/embed\/be5Dp8hD5TQ?feature=oembed\" frameborder=\"0\" allow=\"accelerometer; autoplay; clipboard-write; encrypted-media; gyroscope; picture-in-picture; web-share\" referrerpolicy=\"strict-origin-when-cross-origin\" allowfullscreen><\/iframe>\n<\/div><\/figure>\n\n\n\n<p>Ten gatunek rekina jest \u0142atwo rozpoznawalny po charakterystycznej g\u0142owie w kszta\u0142cie litery T i ze wzgl\u0119du na gro\u017any wygl\u0105d najcz\u0119\u015bciej przedstawiany jest w filmach w spos\u00f3b mniej realistyczny i bardziej fantastyczny.<\/p>\n\n\n\n<p>Rekin m\u0142ot nale\u017cy do gatunku uznanego przez Mi\u0119dzynarodow\u0105 Uni\u0119 Ochrony Przyrody (IUCN) za gatunek nara\u017cony na wygini\u0119cie. Najcz\u0119\u015bciej wyst\u0119puje w wodach tropikalnych i subtropikalnych, a jego obecno\u015b\u0107 na Wyspach Kanaryjskich, zw\u0142aszcza w fazie m\u0142odzie\u0144czej zdarza si\u0119 okazjonalnie. <\/p>\n\n\n\n<p>Pojawienie si\u0119 potomstwa rekina m\u0142ota mo\u017ce mie\u0107 zwi\u0105zek ze zwyczajami migracyjnymi gatunku i pr\u0105dami oceanicznymi w tym rejonie.<\/p>\n\n\n\n<p>Jak informowali\u015bmy na portalu NaKanarach.pl w czerwcu 2024 r. kilka pla\u017c na s\u0105siedniej Gran Canarii, w tym Melenara, Salinetas i San Agust\u00edn, zosta\u0142o tymczasowo zamkni\u0119tych po tym, jak u wybrze\u017cy zauwa\u017cono dwumetrowego rekina m\u0142ota (Sphyrna). Jego obecno\u015b\u0107 zarejestrowa\u0142y policyjne drony, gdy p\u0142ywa\u0142 w pobli\u017cu brzegu. <\/p>\n\n\n\n<figure class=\"wp-block-embed is-type-rich is-provider-twitter wp-block-embed-twitter\"><div class=\"wp-block-embed__wrapper\">\n<blockquote class=\"twitter-tweet\" data-width=\"550\" data-dnt=\"true\"><p lang=\"es\" dir=\"ltr\">Nuevo avistamiento tibur\u00f3n martillo <a href=\"https:\/\/t.co\/ZMmpj8YVDf\">pic.twitter.com\/ZMmpj8YVDf<\/a><\/p>&mdash; Polic\u00eda Local Telde (@PoliciaTelde) <a href=\"https:\/\/twitter.com\/PoliciaTelde\/status\/1802383344035930237?ref_src=twsrc%5Etfw\">June 16, 2024<\/a><\/blockquote><script async src=\"https:\/\/platform.twitter.com\/widgets.js\" charset=\"utf-8\"><\/script>\n<\/div><\/figure>\n\n\n\n<p>W\u00f3wczas ratownicy natychmiast nakazali pla\u017cowiczom wyj\u015bcie z wody, a s\u0142u\u017cby wprowadzi\u0142y zakaz k\u0105pieli na tych kilku pla\u017cach.\u00a0<\/p>\n\n\n\n<ul class=\"wp-block-list\">\n<li>Ratownik zacz\u0105\u0142 gwizda\u0107 i wskazywa\u0107, \u017ce powinni\u015bmy wyj\u015b\u0107 z wody. Wtedy si\u0119 obejrza\u0142am i zobaczy\u0142am p\u0142etw\u0119 &#8211; relacjonowa\u0142a jedna z dziewczynek w regionalnej Telewizji Canaria. &#8211; Zobaczy\u0142y\u015bmy p\u0142etw\u0119 wystaj\u0105c\u0105 z wody i zacz\u0119\u0142y\u015bmy p\u0142yn\u0105\u0107 tak szybko, jak tylko mog\u0142y\u015bmy, z powrotem w stron\u0119 pla\u017cy &#8211; doda\u0142a jej kole\u017canka.<\/li>\n<\/ul>\n\n\n\n<p>Foto: Archiwum Nakanarach.pl &#8211; zdj\u0119cie ilustracyjne<\/p>\n","protected":false},"excerpt":{"rendered":"<p>LANZAROTE: Dw\u00f3ch m\u0142odych m\u0119\u017cczyzn, kt\u00f3rzy \u0142owili ryby u wybrze\u017cy tej popularnej kanaryjskiej wyspy prze\u017cy\u0142o pod koniec lipca szok, gdy z\u0142owili m\u0142odego rekina m\u0142ota, kt\u00f3ry po\u0142kn\u0105\u0142 ich przyn\u0119t\u0119. Jednak spotkanie, a tym bardziej z\u0142owienie rekina u wybrze\u017cy Wysp Kanaryjskich zdarza si\u0119 niezwykle rzadko. Archipelag zamieszkuje ponad 150 jadalnych gatunk\u00f3w ryb i owoc\u00f3w morza. Sprzyjaj\u0105 temu wody [&hellip;]<\/p>\n","protected":false},"author":4,"featured_media":10119,"comment_status":"closed","ping_status":"open","sticky":false,"template":"","format":"standard","meta":{"om_disable_all_campaigns":false,"_monsterinsights_skip_tracking":false,"_monsterinsights_sitenote_active":false,"_monsterinsights_sitenote_note":"","_monsterinsights_sitenote_category":0,"footnotes":""},"categories":[12],"tags":[],"class_list":["post-11092","post","type-post","status-publish","format-standard","has-post-thumbnail","hentry","category-aktualnosci"],"aioseo_notices":[],"blog_post_layout_featured_media_urls":{"thumbnail":["https:\/\/nakanarach.pl\/wp-content\/uploads\/2025\/04\/Rekin-150x150.webp",150,150,true],"full":["https:\/\/nakanarach.pl\/wp-content\/uploads\/2025\/04\/Rekin.webp",800,533,false]},"categories_names":{"12":{"name":"Aktualno\u015bci","link":"https:\/\/nakanarach.pl\/index.php\/category\/aktualnosci\/"}},"tags_names":[],"comments_number":"0","wpmagazine_modules_lite_featured_media_urls":{"thumbnail":["https:\/\/nakanarach.pl\/wp-content\/uploads\/2025\/04\/Rekin-150x150.webp",150,150,true],"cvmm-medium":["https:\/\/nakanarach.pl\/wp-content\/uploads\/2025\/04\/Rekin-300x300.webp",300,300,true],"cvmm-medium-plus":["https:\/\/nakanarach.pl\/wp-content\/uploads\/2025\/04\/Rekin-305x207.webp",305,207,true],"cvmm-portrait":["https:\/\/nakanarach.pl\/wp-content\/uploads\/2025\/04\/Rekin-400x533.webp",400,533,true],"cvmm-medium-square":["https:\/\/nakanarach.pl\/wp-content\/uploads\/2025\/04\/Rekin-600x533.webp",600,533,true],"cvmm-large":["https:\/\/nakanarach.pl\/wp-content\/uploads\/2025\/04\/Rekin.webp",800,533,false],"cvmm-small":["https:\/\/nakanarach.pl\/wp-content\/uploads\/2025\/04\/Rekin-130x95.webp",130,95,true],"full":["https:\/\/nakanarach.pl\/wp-content\/uploads\/2025\/04\/Rekin.webp",800,533,false]},"_links":{"self":[{"href":"https:\/\/nakanarach.pl\/index.php\/wp-json\/wp\/v2\/posts\/11092","targetHints":{"allow":["GET"]}}],"collection":[{"href":"https:\/\/nakanarach.pl\/index.php\/wp-json\/wp\/v2\/posts"}],"about":[{"href":"https:\/\/nakanarach.pl\/index.php\/wp-json\/wp\/v2\/types\/post"}],"author":[{"embeddable":true,"href":"https:\/\/nakanarach.pl\/index.php\/wp-json\/wp\/v2\/users\/4"}],"replies":[{"embeddable":true,"href":"https:\/\/nakanarach.pl\/index.php\/wp-json\/wp\/v2\/comments?post=11092"}],"version-history":[{"count":5,"href":"https:\/\/nakanarach.pl\/index.php\/wp-json\/wp\/v2\/posts\/11092\/revisions"}],"predecessor-version":[{"id":11102,"href":"https:\/\/nakanarach.pl\/index.php\/wp-json\/wp\/v2\/posts\/11092\/revisions\/11102"}],"wp:featuredmedia":[{"embeddable":true,"href":"https:\/\/nakanarach.pl\/index.php\/wp-json\/wp\/v2\/media\/10119"}],"wp:attachment":[{"href":"https:\/\/nakanarach.pl\/index.php\/wp-json\/wp\/v2\/media?parent=11092"}],"wp:term":[{"taxonomy":"category","embeddable":true,"href":"https:\/\/nakanarach.pl\/index.php\/wp-json\/wp\/v2\/categories?post=11092"},{"taxonomy":"post_tag","embeddable":true,"href":"https:\/\/nakanarach.pl\/index.php\/wp-json\/wp\/v2\/tags?post=11092"}],"curies":[{"name":"wp","href":"https:\/\/api.w.org\/{rel}","templated":true}]}}