{"id":11095,"date":"2025-08-12T07:24:03","date_gmt":"2025-08-12T06:24:03","guid":{"rendered":"https:\/\/nakanarach.pl\/?p=11095"},"modified":"2025-08-12T13:24:45","modified_gmt":"2025-08-12T12:24:45","slug":"najostrzejszy-trojkatny-cien-na-swiecie","status":"publish","type":"post","link":"https:\/\/nakanarach.pl\/index.php\/2025\/08\/12\/najostrzejszy-trojkatny-cien-na-swiecie\/","title":{"rendered":"NAJOSTRZEJSZY TR\u00d3JK\u0104TNY CIE\u0143 NA \u015aWIECIE"},"content":{"rendered":"\n<p><strong>TENERYFA: Przez P\u00f3\u0142wysep Iberyjski i nale\u017c\u0105ce do tego kraju rajskie Wyspy Kanaryjskie przetacza si\u0119 fala upa\u0142\u00f3w. Temperatury przekraczaj\u0105 w niekt\u00f3rych regionach 40 stopni Celsjusza. Wiele os\u00f3b szuka och\u0142ody i cienia. Jednak nie ka\u017cdy wie, \u017ce najwy\u017cszy szczyt i zarazem wulkan w Hiszpanii &#8211; Teide na Teneryfie tworzy spektakularny i unikatowy w skali ca\u0142ego \u015bwiata cie\u0144, kt\u00f3rym interesuj\u0105 si\u0119 nawet naukowcy z NASA<\/strong>.<\/p>\n\n\n\n<p>Park Narodowy Teide wcale nie nale\u017cy do najwi\u0119kszych na naszym kontynencie, bo zajmuje zaledwie 189 km2, ale w 2024 roku odwiedzi\u0142o go prawie 3,5 miliona turyst\u00f3w.&nbsp;Jest to najcz\u0119\u015bciej zwiedzany park narodowy w Hiszpanii i znajduje si\u0119 pod tym wzgl\u0119dem w czo\u0142\u00f3wce w Europie, co \u015bwiadczy o jego ogromnej popularno\u015bci w\u015br\u00f3d wczasowicz\u00f3w z ca\u0142ego \u015bwiata.&nbsp;Dla por\u00f3wnania Tatrza\u0144ski Park Narodowy odwiedzi\u0142o w 2024 r. nieco ponad 5 mln turyst\u00f3w.<\/p>\n\n\n\n<p>Pico del Teide to szczyt wulkaniczny po\u0142o\u017cony na najwi\u0119kszej kanaryjskiej wyspie &#8211; Teneryfie ma 3718 m n.p.m. i wysoko\u015bci od dna oceanu oko\u0142o 7500 metr\u00f3w, jest najwy\u017cszym szczytem w Hiszpanii oraz najwy\u017cszym szczytem na jakiejkolwiek atlantyckiej wyspie. Jest wpisany na List\u0119 \u015awiatowego Dziedzictwa UNESCO, co podkre\u015bla jego wyj\u0105tkow\u0105 warto\u015b\u0107 przyrodnicz\u0105 i krajobrazow\u0105.&nbsp;<\/p>\n\n\n\n<p>Ta g\u00f3ra interesuje naukowc\u00f3w nie tylko ze wzgl\u0119du na jej sta\u0142\u0105 aktywno\u015b\u0107 sejsmiczn\u0105 i fakt, \u017ce jest to nadal czynny wulkan, kt\u00f3ry w ostatnim czasie daje coraz wi\u0119cej sygna\u0142\u00f3w ostrzegawczych, powoduj\u0105c roje i niewielkie trz\u0119sienia ziemi.<\/p>\n\n\n\n<p>Naukowcy z Narodowej Agencje Aeronautyki i Przestrzeni Kosmicznej NASA (skr\u00f3t od National Aeronautics and Space Administration)&nbsp;zauwa\u017cyli, \u017ce o wschodzie i zachodzie s\u0142o\u0144ca (latem na Kanarach wsch\u00f3d jest ok. godz. 7:00, zach\u00f3d ok. 21:20) na Teneryfie mo\u017cna obserwowa\u0107 wyj\u0105tkowe zjawisko. Wulkan Teide rzuca na Ocean Atlantycki spektakularny tr\u00f3jk\u0105tny cie\u0144, kt\u00f3ry zachwyca zar\u00f3wno naukowc\u00f3w od kosmosu, jak i podr\u00f3\u017cnik\u00f3w z ca\u0142ego \u015bwiata. <\/p>\n\n\n\n<p>NASA opisa\u0142a to w publikacji \u201cAstronomy Picture of the Day\u201d,  jako \u201cnajostrzejszy znany piramidalny cie\u0144 nad morzem\u201d.<\/p>\n\n\n\n<p>Podobne sylwetki tworz\u0105 wy\u017csze g\u00f3ry takie jak szczyty And\u00f3w (6961 m), czy Kilimand\u017caro (5895 m n.p.m.) r\u00f3wnie\u017c tworz\u0105 podobne sylwetki, ich cienie rozp\u0142ywaj\u0105 si\u0119 na p\u0142askowy\u017cach i dolinach. Jednak zdaniem naukowc\u00f3w wulkan na Teneryfie ma natomiast do dyspozycji niezak\u0142\u00f3cone oceaniczne p\u0142\u00f3tno, kt\u00f3re idealnie podkre\u015bla geometryczn\u0105 doskona\u0142o\u015b\u0107 jego sto\u017cka.<\/p>\n\n\n\n<p>Pomiary topograficzne przeprowadzone przez Uniwersytet w La Laguna okre\u015blaj\u0105 d\u0142ugo\u015b\u0107 cienia na 40-60 kilometr\u00f3w. To wystarczaj\u0105ca odleg\u0142o\u015b\u0107, aby o \u015bwicie dotrze\u0107 na s\u0105siedni\u0105 wysp\u0119 La Gomera, a o zmierzchu omie\u015b\u0107 oddalon\u0105 o niespe\u0142na 90 km Gran Canari\u0119. Ten spektakularny cie\u0144 jest widoczny z kosmosu i r\u00f3wnie imponuj\u0105cy z ziemi.<\/p>\n\n\n\n<p>Wed\u0142ug naukowc\u00f3w Teide osi\u0105ga ten wyj\u0105tkowy efekt dzi\u0119ki trzem po\u0142\u0105czonym czynnikom. Jego sto\u017ckowata i odizolowana sylwetka ma czysty, wyra\u017any kontur, ze wzgl\u0119du na brak konkurencyjnych form terenu pozwala na zachowanie idealnego kszta\u0142tu cienia.<\/p>\n\n\n\n<p>Drugim kluczowym elementem jest obecno\u015b\u0107 morskiego horyzontu, kt\u00f3ry dzia\u0142a jak p\u0142aski ekran i pozwala tr\u00f3jk\u0105towi wyd\u0142u\u017ca\u0107 si\u0119 bez przeszk\u00f3d w postaci g\u00f3r, kt\u00f3re mog\u0142yby go przeci\u0105\u0107. No i po tzecie stabilna atmosfera na podzwrotnikowej i umiarkowanej szeroko\u015bci geograficznej, gdzie wiatry pasatowe redukuj\u0105 zachmurzenie i ograniczaj\u0105 rozpraszanie \u015bwiat\u0142a, jeszcze lepiej zaznacza kraw\u0119dzie p\u00f3\u0142cienia.<\/p>\n\n\n\n<p>Aby zobaczy\u0107 ten wyj\u0105tkowy tr\u00f3jk\u0105tny cie\u0144, wystarczy stan\u0105\u0107 na du\u017cej wysoko\u015bci i odwr\u00f3ci\u0107 si\u0119 plecami do S\u0142o\u0144ca. O \u015bwicie p\u00f3\u0142cie\u0144 rozci\u0105ga si\u0119 w kierunku La Gomery i jest najlepiej widoczny z punktu widokowego Mirador de la Rambleta na Teneryfie, po\u0142o\u017conego na wysoko\u015bci 3555 metr\u00f3w nad poziomem morza.<\/p>\n\n\n\n<p>O zachodzie s\u0142o\u0144ca cie\u0144 skierowany jest natomiast w stron\u0119 Gran Canarii i mo\u017cna go wyra\u017anie dostrzec ze \u015bcie\u017cki prowadz\u0105cej na Pico Viejo lub ze schroniska Refugio de Altavista.<\/p>\n\n\n\n<p>Widoczna d\u0142ugo\u015b\u0107 cienia zmienia si\u0119 w zale\u017cno\u015bci od przejrzysto\u015bci powietrza &#8211; epizody zamglenia np. spowodowane, pochmurna pogoda lub wysokiej wilgotno\u015bci skracaj\u0105 cie\u0144, podczas gdy czyste niebo pozwala mu si\u0119 wyd\u0142u\u017cy\u0107. Z tego powodu naukowcy wykorzystuj\u0105 go jako nieformalny optyczny wska\u017anik jako\u015bci atmosfery na Wyspach Kanaryjskich.<\/p>\n\n\n\n<p>To zjawisko stanowi tak\u017ce unikaln\u0105 wizyt\u00f3wk\u0119 turystyczn\u0105 najwi\u0119kszej kanaryjskiej wyspy i stanowi naturalny spektakl, kt\u00f3ry \u0142\u0105czy w sobie pi\u0119kno przyrody z precyzj\u0105 fizyki, tworz\u0105c jedn\u0105 z najcz\u0119\u015bciej fotografowanych atrakcji na Teneryfie.<\/p>\n\n\n\n<p>Fot. Archiwum Parque Nacional del Teide<\/p>\n","protected":false},"excerpt":{"rendered":"<p>TENERYFA: Przez P\u00f3\u0142wysep Iberyjski i nale\u017c\u0105ce do tego kraju rajskie Wyspy Kanaryjskie przetacza si\u0119 fala upa\u0142\u00f3w. Temperatury przekraczaj\u0105 w niekt\u00f3rych regionach 40 stopni Celsjusza. Wiele os\u00f3b szuka och\u0142ody i cienia. Jednak nie ka\u017cdy wie, \u017ce najwy\u017cszy szczyt i zarazem wulkan w Hiszpanii &#8211; Teide na Teneryfie tworzy spektakularny i unikatowy w skali ca\u0142ego \u015bwiata cie\u0144, [&hellip;]<\/p>\n","protected":false},"author":4,"featured_media":11096,"comment_status":"closed","ping_status":"open","sticky":false,"template":"","format":"standard","meta":{"om_disable_all_campaigns":false,"_monsterinsights_skip_tracking":false,"_monsterinsights_sitenote_active":false,"_monsterinsights_sitenote_note":"","_monsterinsights_sitenote_category":0,"footnotes":""},"categories":[12,75],"tags":[],"class_list":["post-11095","post","type-post","status-publish","format-standard","has-post-thumbnail","hentry","category-aktualnosci","category-ciekawostki"],"aioseo_notices":[],"blog_post_layout_featured_media_urls":{"thumbnail":["https:\/\/nakanarach.pl\/wp-content\/uploads\/2025\/08\/Park-Nacional-Teide-150x150.webp",150,150,true],"full":["https:\/\/nakanarach.pl\/wp-content\/uploads\/2025\/08\/Park-Nacional-Teide.webp",1200,675,false]},"categories_names":{"12":{"name":"Aktualno\u015bci","link":"https:\/\/nakanarach.pl\/index.php\/category\/aktualnosci\/"},"75":{"name":"Ciekawostki","link":"https:\/\/nakanarach.pl\/index.php\/category\/ciekawostki\/"}},"tags_names":[],"comments_number":"0","wpmagazine_modules_lite_featured_media_urls":{"thumbnail":["https:\/\/nakanarach.pl\/wp-content\/uploads\/2025\/08\/Park-Nacional-Teide-150x150.webp",150,150,true],"cvmm-medium":["https:\/\/nakanarach.pl\/wp-content\/uploads\/2025\/08\/Park-Nacional-Teide-300x300.webp",300,300,true],"cvmm-medium-plus":["https:\/\/nakanarach.pl\/wp-content\/uploads\/2025\/08\/Park-Nacional-Teide-305x207.webp",305,207,true],"cvmm-portrait":["https:\/\/nakanarach.pl\/wp-content\/uploads\/2025\/08\/Park-Nacional-Teide-400x600.webp",400,600,true],"cvmm-medium-square":["https:\/\/nakanarach.pl\/wp-content\/uploads\/2025\/08\/Park-Nacional-Teide-600x600.webp",600,600,true],"cvmm-large":["https:\/\/nakanarach.pl\/wp-content\/uploads\/2025\/08\/Park-Nacional-Teide-1024x675.webp",1024,675,true],"cvmm-small":["https:\/\/nakanarach.pl\/wp-content\/uploads\/2025\/08\/Park-Nacional-Teide-130x95.webp",130,95,true],"full":["https:\/\/nakanarach.pl\/wp-content\/uploads\/2025\/08\/Park-Nacional-Teide.webp",1200,675,false]},"_links":{"self":[{"href":"https:\/\/nakanarach.pl\/index.php\/wp-json\/wp\/v2\/posts\/11095","targetHints":{"allow":["GET"]}}],"collection":[{"href":"https:\/\/nakanarach.pl\/index.php\/wp-json\/wp\/v2\/posts"}],"about":[{"href":"https:\/\/nakanarach.pl\/index.php\/wp-json\/wp\/v2\/types\/post"}],"author":[{"embeddable":true,"href":"https:\/\/nakanarach.pl\/index.php\/wp-json\/wp\/v2\/users\/4"}],"replies":[{"embeddable":true,"href":"https:\/\/nakanarach.pl\/index.php\/wp-json\/wp\/v2\/comments?post=11095"}],"version-history":[{"count":4,"href":"https:\/\/nakanarach.pl\/index.php\/wp-json\/wp\/v2\/posts\/11095\/revisions"}],"predecessor-version":[{"id":11200,"href":"https:\/\/nakanarach.pl\/index.php\/wp-json\/wp\/v2\/posts\/11095\/revisions\/11200"}],"wp:featuredmedia":[{"embeddable":true,"href":"https:\/\/nakanarach.pl\/index.php\/wp-json\/wp\/v2\/media\/11096"}],"wp:attachment":[{"href":"https:\/\/nakanarach.pl\/index.php\/wp-json\/wp\/v2\/media?parent=11095"}],"wp:term":[{"taxonomy":"category","embeddable":true,"href":"https:\/\/nakanarach.pl\/index.php\/wp-json\/wp\/v2\/categories?post=11095"},{"taxonomy":"post_tag","embeddable":true,"href":"https:\/\/nakanarach.pl\/index.php\/wp-json\/wp\/v2\/tags?post=11095"}],"curies":[{"name":"wp","href":"https:\/\/api.w.org\/{rel}","templated":true}]}}